{"id":77160,"date":"2017-02-09T09:09:28","date_gmt":"2017-02-09T13:09:28","guid":{"rendered":"http:\/\/www.eltrabajo.cl\/2017\/?p=77160"},"modified":"2017-02-09T09:09:28","modified_gmt":"2017-02-09T13:09:28","slug":"seis-nuevos-vehiculos-policiales-destinados-a-la-provincia-de-san-felipe","status":"publish","type":"post","link":"https:\/\/eltrabajo.cl\/portal\/seis-nuevos-vehiculos-policiales-destinados-a-la-provincia-de-san-felipe\/","title":{"rendered":"Seis nuevos veh\u00edculos policiales destinados a la Provincia de San Felipe"},"content":{"rendered":"<figure id=\"attachment_77161\" aria-describedby=\"caption-attachment-77161\" style=\"width: 580px\" class=\"wp-caption alignnone\"><img data-recalc-dims=\"1\" loading=\"lazy\" decoding=\"async\" class=\"size-full wp-image-77161\" src=\"https:\/\/i0.wp.com\/www.eltrabajo.cl\/2017\/wp-content\/uploads\/2017\/02\/entrega-carros-policiales-san-felipe-1.jpg?resize=580%2C350\" alt=\"El Gobernador Eduardo Le\u00f3n junto a autoridades policiales presentaron a la comunidad la nueva dotaci\u00f3n de modernas patrullas con que contar\u00e1 la Prefectura Aconcagua.\" width=\"580\" height=\"350\" srcset=\"https:\/\/i0.wp.com\/eltrabajo.cl\/portal\/wp-content\/uploads\/2017\/02\/entrega-carros-policiales-san-felipe-1.jpg?w=580&amp;ssl=1 580w, https:\/\/i0.wp.com\/eltrabajo.cl\/portal\/wp-content\/uploads\/2017\/02\/entrega-carros-policiales-san-felipe-1.jpg?resize=200%2C121&amp;ssl=1 200w, https:\/\/i0.wp.com\/eltrabajo.cl\/portal\/wp-content\/uploads\/2017\/02\/entrega-carros-policiales-san-felipe-1.jpg?resize=300%2C181&amp;ssl=1 300w, https:\/\/i0.wp.com\/eltrabajo.cl\/portal\/wp-content\/uploads\/2017\/02\/entrega-carros-policiales-san-felipe-1.jpg?resize=249%2C150&amp;ssl=1 249w, https:\/\/i0.wp.com\/eltrabajo.cl\/portal\/wp-content\/uploads\/2017\/02\/entrega-carros-policiales-san-felipe-1.jpg?resize=400%2C241&amp;ssl=1 400w\" sizes=\"auto, (max-width: 580px) 100vw, 580px\" \/><figcaption id=\"caption-attachment-77161\" class=\"wp-caption-text\">El Gobernador Eduardo Le\u00f3n junto a autoridades policiales presentaron a la comunidad la nueva dotaci\u00f3n de modernas patrullas con que contar\u00e1 la Prefectura Aconcagua.<\/figcaption><\/figure>\n<ul>\n<li><span style=\"color: #ff0000;\"><strong>Carabineros present\u00f3 a la comunidad dotaci\u00f3n de modernas patrullas:<\/strong><\/span><\/li>\n<\/ul>\n<p>Sumando mayor cantidad de recursos en el combate contra la delincuencia, la Prefectura Aconcagua de Carabineros, realiz\u00f3 este mi\u00e9rcoles la presentaci\u00f3n de la nueva dotaci\u00f3n de patrullas que llega a reforzar las l\u00edneas policiales de la Provincia de San Felipe.<br \/>\nSe trata de seis patrullas marca Dodge, modelo Durango, a\u00f1o 2017, con vidrios blindados y equipamiento computacional de punta. Dos de esos veh\u00edculos quedar\u00e1n a disposici\u00f3n de la 2\u00aa Comisar\u00eda de San Felipe, uno para la Subcomisar\u00eda de Llay-Llay y los tres restantes destinados a los retenes de: Curim\u00f3n, Guzmanes y Quebrada Herrera.<br \/>\nEl subprefecto administrativo de la Prefectura de Carabineros Aconcagua, mayor Fernando Fajardo, record\u00f3 que este proceso de recambio de veh\u00edculos, es un proyecto institucional que se est\u00e1 trabajando hace unos 4 a\u00f1os, cuando se presentaron iniciativas para mejorar las tecnolog\u00edas de los m\u00f3viles que ocupa la instituci\u00f3n.<br \/>\n\u00abAqu\u00ed hay un esfuerzo institucional important\u00edsimo, una metodolog\u00eda de respaldo para el funcionamiento \u00f3ptimo de estos veh\u00edculos e indudablemente es un salto generacional y de tecnolog\u00edas para la instituci\u00f3n en lo que se refiere a los desplazamientos de los carabineros hacia los procedimientos, cuando son requeridos por la comunidad\u00bb, destac\u00f3 la autoridad policial.<br \/>\nA su vez, el gobernador de la Provincia de San Felipe, Eduardo Le\u00f3n, afirm\u00f3 que el aumento del parque vehicular policial, est\u00e1 directamente relacionado con un compromiso que tom\u00f3 la presidenta Michelle Bachelet, en t\u00e9rminos de optimizar la seguridad ciudadana y mejorar las condiciones de trabajos de una de las instituciones m\u00e1s queridas por la poblaci\u00f3n.<br \/>\n\u00abUstedes pueden ver que no se trata de cualquier veh\u00edculo, son especiales, con una serie de condiciones como vidrios blindados, equipos computacionales y medidas de seguridad; no solamente van a hacer mejor su trabajo, sino tambi\u00e9n van a estar m\u00e1s seguros y van a poder cuidarnos mejor\u00bb, valor\u00f3 Le\u00f3n.<\/p>\n<figure id=\"attachment_77162\" aria-describedby=\"caption-attachment-77162\" style=\"width: 580px\" class=\"wp-caption alignnone\"><img data-recalc-dims=\"1\" loading=\"lazy\" decoding=\"async\" class=\"size-full wp-image-77162\" src=\"https:\/\/i0.wp.com\/www.eltrabajo.cl\/2017\/wp-content\/uploads\/2017\/02\/entrega-carros-policiales-san-felipe-2.jpg?resize=580%2C350\" alt=\"Seis veh\u00edculos marca Dodge con tecnolog\u00eda de punta, comenzar\u00e1n a patrullar las distintas comunas de la Provincia de San Felipe.\" width=\"580\" height=\"350\" srcset=\"https:\/\/i0.wp.com\/eltrabajo.cl\/portal\/wp-content\/uploads\/2017\/02\/entrega-carros-policiales-san-felipe-2.jpg?w=580&amp;ssl=1 580w, https:\/\/i0.wp.com\/eltrabajo.cl\/portal\/wp-content\/uploads\/2017\/02\/entrega-carros-policiales-san-felipe-2.jpg?resize=200%2C121&amp;ssl=1 200w, https:\/\/i0.wp.com\/eltrabajo.cl\/portal\/wp-content\/uploads\/2017\/02\/entrega-carros-policiales-san-felipe-2.jpg?resize=300%2C181&amp;ssl=1 300w, https:\/\/i0.wp.com\/eltrabajo.cl\/portal\/wp-content\/uploads\/2017\/02\/entrega-carros-policiales-san-felipe-2.jpg?resize=249%2C150&amp;ssl=1 249w, https:\/\/i0.wp.com\/eltrabajo.cl\/portal\/wp-content\/uploads\/2017\/02\/entrega-carros-policiales-san-felipe-2.jpg?resize=400%2C241&amp;ssl=1 400w\" sizes=\"auto, (max-width: 580px) 100vw, 580px\" \/><figcaption id=\"caption-attachment-77162\" class=\"wp-caption-text\">Seis veh\u00edculos marca Dodge con tecnolog\u00eda de punta, comenzar\u00e1n a patrullar las distintas comunas de la Provincia de San Felipe.<\/figcaption><\/figure>\n","protected":false},"excerpt":{"rendered":"<p>Carabineros present\u00f3 a la comunidad dotaci\u00f3n de modernas patrullas: Sumando mayor cantidad de recursos en el combate contra la delincuencia, la Prefectura Aconcagua de Carabineros, realiz\u00f3 este mi\u00e9rcoles la presentaci\u00f3n de la&#8230;<\/p>\n","protected":false},"author":1,"featured_media":77162,"comment_status":"open","ping_status":"open","sticky":false,"template":"","format":"standard","meta":{"advanced_seo_description":"","jetpack_seo_html_title":"","jetpack_seo_noindex":false,"_jetpack_memberships_contains_paid_content":false,"footnotes":""},"categories":[1],"tags":[],"class_list":["post-77160","post","type-post","status-publish","format-standard","has-post-thumbnail","hentry","category-cronica"],"jetpack_featured_media_url":"https:\/\/i0.wp.com\/eltrabajo.cl\/portal\/wp-content\/uploads\/2017\/02\/entrega-carros-policiales-san-felipe-2.jpg?fit=580%2C350&ssl=1","jetpack_sharing_enabled":true,"jetpack_likes_enabled":true,"jetpack-related-posts":[],"_links":{"self":[{"href":"https:\/\/eltrabajo.cl\/portal\/wp-json\/wp\/v2\/posts\/77160","targetHints":{"allow":["GET"]}}],"collection":[{"href":"https:\/\/eltrabajo.cl\/portal\/wp-json\/wp\/v2\/posts"}],"about":[{"href":"https:\/\/eltrabajo.cl\/portal\/wp-json\/wp\/v2\/types\/post"}],"author":[{"embeddable":true,"href":"https:\/\/eltrabajo.cl\/portal\/wp-json\/wp\/v2\/users\/1"}],"replies":[{"embeddable":true,"href":"https:\/\/eltrabajo.cl\/portal\/wp-json\/wp\/v2\/comments?post=77160"}],"version-history":[{"count":0,"href":"https:\/\/eltrabajo.cl\/portal\/wp-json\/wp\/v2\/posts\/77160\/revisions"}],"wp:featuredmedia":[{"embeddable":true,"href":"https:\/\/eltrabajo.cl\/portal\/wp-json\/wp\/v2\/media\/77162"}],"wp:attachment":[{"href":"https:\/\/eltrabajo.cl\/portal\/wp-json\/wp\/v2\/media?parent=77160"}],"wp:term":[{"taxonomy":"category","embeddable":true,"href":"https:\/\/eltrabajo.cl\/portal\/wp-json\/wp\/v2\/categories?post=77160"},{"taxonomy":"post_tag","embeddable":true,"href":"https:\/\/eltrabajo.cl\/portal\/wp-json\/wp\/v2\/tags?post=77160"}],"curies":[{"name":"wp","href":"https:\/\/api.w.org\/{rel}","templated":true}]}}