{"id":77167,"date":"2017-02-09T09:28:44","date_gmt":"2017-02-09T13:28:44","guid":{"rendered":"http:\/\/www.eltrabajo.cl\/2017\/?p=77167"},"modified":"2017-02-09T09:28:44","modified_gmt":"2017-02-09T13:28:44","slug":"este-viernes-parte-chaya-de-putaendo-el-carnaval-mas-largo-de-chile","status":"publish","type":"post","link":"https:\/\/eltrabajo.cl\/portal\/este-viernes-parte-chaya-de-putaendo-el-carnaval-mas-largo-de-chile\/","title":{"rendered":"Este viernes parte Chaya de Putaendo: \u2018El Carnaval m\u00e1s Largo de Chile\u2019"},"content":{"rendered":"<figure id=\"attachment_77168\" aria-describedby=\"caption-attachment-77168\" style=\"width: 580px\" class=\"wp-caption alignnone\"><img data-recalc-dims=\"1\" loading=\"lazy\" decoding=\"async\" class=\"size-full wp-image-77168\" src=\"https:\/\/i0.wp.com\/www.eltrabajo.cl\/2017\/wp-content\/uploads\/2017\/02\/CHAYA-2.jpg?resize=580%2C349\" alt=\"El carnaval 2017, contempla a 27 artistas, destacando a V\u00edctor Heredia, Illapu, Lucybell, Jorge Al\u00eds, Marcos Llunas, Noche de Brujas, entre otros. Adem\u00e1s se recibir\u00e1n donaciones, que ir\u00e1n en ayuda a las v\u00edctimas de los incendios forestales. \" width=\"580\" height=\"349\" srcset=\"https:\/\/i0.wp.com\/eltrabajo.cl\/portal\/wp-content\/uploads\/2017\/02\/CHAYA-2.jpg?w=580&amp;ssl=1 580w, https:\/\/i0.wp.com\/eltrabajo.cl\/portal\/wp-content\/uploads\/2017\/02\/CHAYA-2.jpg?resize=200%2C120&amp;ssl=1 200w, https:\/\/i0.wp.com\/eltrabajo.cl\/portal\/wp-content\/uploads\/2017\/02\/CHAYA-2.jpg?resize=300%2C181&amp;ssl=1 300w, https:\/\/i0.wp.com\/eltrabajo.cl\/portal\/wp-content\/uploads\/2017\/02\/CHAYA-2.jpg?resize=249%2C150&amp;ssl=1 249w, https:\/\/i0.wp.com\/eltrabajo.cl\/portal\/wp-content\/uploads\/2017\/02\/CHAYA-2.jpg?resize=400%2C241&amp;ssl=1 400w\" sizes=\"auto, (max-width: 580px) 100vw, 580px\" \/><figcaption id=\"caption-attachment-77168\" class=\"wp-caption-text\">El carnaval 2017, contempla a 27 artistas, destacando a V\u00edctor Heredia, Illapu, Lucybell, Jorge Al\u00eds, Marcos Llunas, Noche de Brujas, entre otros. Adem\u00e1s se recibir\u00e1n donaciones, que ir\u00e1n en ayuda a las v\u00edctimas de los incendios forestales.<\/figcaption><\/figure>\n<ul>\n<li><strong><span style=\"color: #ff0000;\">Evento se extender\u00e1 hasta el s\u00e1bado 18 de febrero:<\/span>\u00a0La solidaridad ser\u00e1 fundamental durante los nueve d\u00edas de festejo que contempla a 27 artistas, destacando a V\u00edctor Heredia, Illapu, Lucybell, Jorge Al\u00eds, Marcos Llunas, Noche de Brujas, entre otros. El municipio y las organizaciones sociales de Putaendo tendr\u00e1n un lugar para recibir donaciones que ir\u00e1n en ayuda a las v\u00edctimas de los incendios forestales. <\/strong><\/li>\n<\/ul>\n<p><strong>PUTAENDO.-<\/strong> Entre el viernes 10 al s\u00e1bado 18 de febrero, todo Aconcagua se revolucionar\u00e1 con una nueva versi\u00f3n de la \u2018Chaya Putaendo 2017\u2019. Conocido como el \u201cCarnaval m\u00e1s largo de Chile\u201d, se ha transformado en uno de eventos veraniegos m\u00e1s esperados y atractivos de la Regi\u00f3n.<br \/>\nPara este a\u00f1o, el municipio putaendino ha preparado un show de primer nivel con un total de 27 artistas de renombre internacional, nacional y local. Ser\u00e1n espect\u00e1culos gratuitos en la Plaza Prat, para todos los gustos.<br \/>\n\u201cYa estamos a pocos d\u00edas. Hemos trabajado intensamente desde la Municipalidad, definiendo la parrilla de artistas. Cada d\u00eda m\u00e1s complejo, considerando que hemos tra\u00eddo a los mejores artistas de Chile. Este a\u00f1o innovamos con artistas internacionales: un espa\u00f1ol y dos argentinos. Es una tendencia que vamos a seguir realizando a futuro\u201d, sostuvo el alcalde Guillermo Reyes.<\/p>\n<p><strong>NUEVE D\u00cdAS DE CARNAVAL<\/strong><br \/>\nUna de las novedades que tendr\u00e1 la \u2018Chaya Putaendo 2017\u2019 es que ser\u00e1 inaugurada con una gran comparsa ciudadana, donde organizaciones sociales y fuerzas vivas de la comuna dar\u00e1n inicio a la fiesta con disfraces, m\u00fasica y bailes. Ese mismo d\u00eda viernes se presentar\u00e1 la banda de cumbia \u2018Chorizo Salvaje\u2019 y los ritmos de Juanito Ayala, el ex vocalista de Juana Fe.<br \/>\nEl s\u00e1bado 11 de febrero, ser\u00e1 el d\u00eda de la hermandad chileno-argentina, enmarcado en el Bicentenario del Cruce del Ej\u00e9rcito de Los Andes. Esa noche vendr\u00e1 a Putaendo el gran trovador V\u00edctor Heredia, adem\u00e1s del cantautor chileno Nano Stern. A ellos se les sumar\u00e1 el cantante local Julio Quijanes.<br \/>\nEl domingo 12, ser\u00e1 el turno de la conocida banda putaendina \u2018Perrock\u2019. Luego, un nuevo show internacional, con el reconocido humorista argentino Jorge Al\u00eds. La jornada cerrar\u00e1 con la nostalgia y los \u00e9xitos del incomparable Buddy Richard.<br \/>\nEl lunes 13 estar\u00e1 dedicado a la m\u00fasica ranchera y campesina. En efecto, abriendo el show con la voz de Eliseo Guevara, para dar paso despu\u00e9s a los legendarios \u2018Hermanos Bustos\u2019. Aquella noche culminar\u00e1 con los ritmos tropicales de \u2018La Nueva Gran Sonora\u2019.<br \/>\nPara el D\u00eda de los Enamorados (martes 14), se presentar\u00e1 el grupo putaendino \u2018Perfume de Mujer\u2019, todo el romanticismo del reconocido \u2018Grupo Alma\u2019, para cerrar con la fiesta de los \u2018Pr\u00edncipes del Amor\u2019.<br \/>\nLa noche adolescente ser\u00e1 el pr\u00f3ximo mi\u00e9rcoles 15. Aquella jornada tendr\u00eda su espacio para las rimas de la conocida banda local \u2018Big Rap Clan\u2019, que anteceder\u00e1 al hip hop latinoamericano de \u2018Bubaseta\u2019. El t\u00e9rmino de la jornada estar\u00e1 protagonizado por la atractiva fusi\u00f3n urbana de \u2018Croni-K\u2019.<br \/>\nEl folclor chileno y latinoamericano tendr\u00e1 su merecido espacio el jueves 16, con las presentaciones del cantante local Wilfredo Gonz\u00e1lez, la innovadora cueca de \u2018Con Tormento y Pandero\u2019 y, por primera vez en Putaendo, la calidad y trayectoria de \u2018Illapu\u2019.<br \/>\nLa jornada del viernes 17 estar\u00e1 destinada al rock nacional. Abrir\u00e1 la banda putaendina de \u2018Los Mismos de Siempre\u2019, para dar paso a dos grandes bandas nacionales: \u2018L\u00f3pez\u2019 (ex Bunkers) y el inconfundible sonido de Lucybell.<br \/>\nComo ha sido una constante, el \u00faltimo d\u00eda (s\u00e1bado 18) ser\u00e1 para una celebraci\u00f3n en grande: Abre la agrupaci\u00f3n local \u2018Como Toma el Mono\u2019, que dar\u00e1 paso al romanticismo del espa\u00f1ol Marcos Llunas. El anhelado cierre estar\u00e1 a cargo de todo el sabor bailable de \u2018Noche de Brujas\u2019.<\/p>\n<p><strong>MEGA CAMPA\u00d1A SOLIDARIA <\/strong><br \/>\nOtra de las novedades de este a\u00f1o, radica en que el municipio en conjunto con organizaciones sociales, realizar\u00e1n una gran campa\u00f1a ben\u00e9fica durante los nueves d\u00edas de la Chaya. Se instalar\u00e1 un punto para recibir donaciones consistentes en alimentos no perecibles o art\u00edculos de aseo, que ir\u00e1n en ayuda a los damnificados por los incendios forestales.<br \/>\nDe esta forma, se atienden a voces de la comunidad que manifestaban alguna manera de ayudar en el contexto de la fiesta m\u00e1s querida de Putaendo.<br \/>\n\u201cEsperamos que la gente exprese su ayuda claramente, ya que habr\u00e1 un puesto cerca del propio escenario. Hacemos la invitaci\u00f3n a la generosidad, que las donaciones de las personas se realicen con toda la alegr\u00eda que amerita nuestra Chaya de Putaendo. As\u00ed iremos en ayuda de quienes lo necesitan\u201d, apunt\u00f3 el edil.<\/p>\n<p><strong>PROHIBICI\u00d3N DE LA ESPUMA<\/strong><br \/>\nEl Carnaval de la Chaya, este 2017, tendr\u00e1 tambi\u00e9n la prohibici\u00f3n del uso de la espuma en la Plaza Prat. La raz\u00f3n de la medida radica en seguir con la tradici\u00f3n del papel picado que en la comuna lleva casi 90 a\u00f1os.<br \/>\nAdem\u00e1s, las autoridades escucharon la demanda ciudadana que denunciaba el desagradable olor y sensaci\u00f3n de esa espuma.<br \/>\n\u201cNo olvidemos que la Plaza de Armas es un bien nacional de uso p\u00fablico que administra la municipalidad. Nosotros tenemos la facultad legal para prohibir que la gente use ese elemento qu\u00edmico en nuestra plaza. Adem\u00e1s, construimos un acuerdo con el comercio para que ellos no vendan espuma. Siempre hemos querido que la fiesta se viva con el papel, que estar\u00e1 a cargo de Bomberos\u201d, sostuvo el alcalde Reyes.<\/p>\n","protected":false},"excerpt":{"rendered":"<p>Evento se extender\u00e1 hasta el s\u00e1bado 18 de febrero:\u00a0La solidaridad ser\u00e1 fundamental durante los nueve d\u00edas de festejo que contempla a 27 artistas, destacando a V\u00edctor Heredia, Illapu, Lucybell, Jorge Al\u00eds, Marcos&#8230;<\/p>\n","protected":false},"author":1,"featured_media":77168,"comment_status":"open","ping_status":"open","sticky":false,"template":"","format":"standard","meta":{"advanced_seo_description":"","jetpack_seo_html_title":"","jetpack_seo_noindex":false,"_jetpack_memberships_contains_paid_content":false,"footnotes":""},"categories":[1],"tags":[77,78],"class_list":["post-77167","post","type-post","status-publish","format-standard","has-post-thumbnail","hentry","category-cronica","tag-chaya","tag-putaendo"],"jetpack_featured_media_url":"https:\/\/i0.wp.com\/eltrabajo.cl\/portal\/wp-content\/uploads\/2017\/02\/CHAYA-2.jpg?fit=580%2C349&ssl=1","jetpack_sharing_enabled":true,"jetpack_likes_enabled":true,"jetpack-related-posts":[],"_links":{"self":[{"href":"https:\/\/eltrabajo.cl\/portal\/wp-json\/wp\/v2\/posts\/77167","targetHints":{"allow":["GET"]}}],"collection":[{"href":"https:\/\/eltrabajo.cl\/portal\/wp-json\/wp\/v2\/posts"}],"about":[{"href":"https:\/\/eltrabajo.cl\/portal\/wp-json\/wp\/v2\/types\/post"}],"author":[{"embeddable":true,"href":"https:\/\/eltrabajo.cl\/portal\/wp-json\/wp\/v2\/users\/1"}],"replies":[{"embeddable":true,"href":"https:\/\/eltrabajo.cl\/portal\/wp-json\/wp\/v2\/comments?post=77167"}],"version-history":[{"count":0,"href":"https:\/\/eltrabajo.cl\/portal\/wp-json\/wp\/v2\/posts\/77167\/revisions"}],"wp:featuredmedia":[{"embeddable":true,"href":"https:\/\/eltrabajo.cl\/portal\/wp-json\/wp\/v2\/media\/77168"}],"wp:attachment":[{"href":"https:\/\/eltrabajo.cl\/portal\/wp-json\/wp\/v2\/media?parent=77167"}],"wp:term":[{"taxonomy":"category","embeddable":true,"href":"https:\/\/eltrabajo.cl\/portal\/wp-json\/wp\/v2\/categories?post=77167"},{"taxonomy":"post_tag","embeddable":true,"href":"https:\/\/eltrabajo.cl\/portal\/wp-json\/wp\/v2\/tags?post=77167"}],"curies":[{"name":"wp","href":"https:\/\/api.w.org\/{rel}","templated":true}]}}