{"id":77171,"date":"2017-02-09T09:31:35","date_gmt":"2017-02-09T13:31:35","guid":{"rendered":"http:\/\/www.eltrabajo.cl\/2017\/?p=77171"},"modified":"2017-02-09T09:31:35","modified_gmt":"2017-02-09T13:31:35","slug":"alcalde-reconoce-que-habra-problemas-en-marzo-por-trabajos-en-calles","status":"publish","type":"post","link":"https:\/\/eltrabajo.cl\/portal\/alcalde-reconoce-que-habra-problemas-en-marzo-por-trabajos-en-calles\/","title":{"rendered":"Alcalde reconoce que habr\u00e1 problemas en marzo por trabajos en calles"},"content":{"rendered":"<figure id=\"attachment_77172\" aria-describedby=\"caption-attachment-77172\" style=\"width: 580px\" class=\"wp-caption alignnone\"><img data-recalc-dims=\"1\" loading=\"lazy\" decoding=\"async\" class=\"size-full wp-image-77172\" src=\"https:\/\/i0.wp.com\/www.eltrabajo.cl\/2017\/wp-content\/uploads\/2017\/02\/Hoyos-2.jpg?resize=580%2C350\" alt=\"Este es uno de los problemas que se ha suscitado en calle Salinas con Alameda Chacabuco, donde el picado que se hizo se ha ido agrandando.\" width=\"580\" height=\"350\" srcset=\"https:\/\/i0.wp.com\/eltrabajo.cl\/portal\/wp-content\/uploads\/2017\/02\/Hoyos-2.jpg?w=580&amp;ssl=1 580w, https:\/\/i0.wp.com\/eltrabajo.cl\/portal\/wp-content\/uploads\/2017\/02\/Hoyos-2.jpg?resize=200%2C121&amp;ssl=1 200w, https:\/\/i0.wp.com\/eltrabajo.cl\/portal\/wp-content\/uploads\/2017\/02\/Hoyos-2.jpg?resize=300%2C181&amp;ssl=1 300w, https:\/\/i0.wp.com\/eltrabajo.cl\/portal\/wp-content\/uploads\/2017\/02\/Hoyos-2.jpg?resize=249%2C150&amp;ssl=1 249w, https:\/\/i0.wp.com\/eltrabajo.cl\/portal\/wp-content\/uploads\/2017\/02\/Hoyos-2.jpg?resize=400%2C241&amp;ssl=1 400w\" sizes=\"auto, (max-width: 580px) 100vw, 580px\" \/><figcaption id=\"caption-attachment-77172\" class=\"wp-caption-text\">Este es uno de los problemas que se ha suscitado en calle Salinas con Alameda Chacabuco, donde el picado que se hizo se ha ido agrandando.<\/figcaption><\/figure>\n<ul>\n<li><span style=\"color: #ff0000;\"><strong>Se espera que solo afecte los primeros d\u00edas:<\/strong><\/span><\/li>\n<\/ul>\n<p>El Alcalde Patricio Freire reconoci\u00f3 que van a tener dificultades en los primeros d\u00edas del mes de marzo con el tr\u00e1nsito en San Felipe, producto de los trabajos que se est\u00e1 realizando en la ciudad, por lo que llam\u00f3 a la comunidad a tener comprensi\u00f3n.<br \/>\n\u201cSabemos que vamos a tener dificultades en los primero quince d\u00edas del mes de marzo en el proceso, pero se van a ir solucionando en la medida que se vayan terminando e ir abriendo las arterias que est\u00e1n terminadas, pero tambi\u00e9n pedimos comprensi\u00f3n a las personas, a los que tienen veh\u00edculos, que todo progreso en la ciudad se requiere tener tambi\u00e9n un poquito de paciencia en esperar las soluciones a proyectos que no hab\u00edamos tenido jam\u00e1s en San Felipe como son las ciclov\u00edas, reparaci\u00f3n de pavimentos, todo lo que va a significar una mejor calidad de vida para los sanfelipe\u00f1os\u201d expres\u00f3.<br \/>\n<strong>&#8211; Alcalde, hay conductores de colectivos que se quejan no del progreso pero s\u00ed que la empresa \u201cpic\u00f3 por aqu\u00ed y por all\u00e1 y esos hoyos se han ido agrandando y generado problemas mec\u00e1nicos\u201d \u00bfUsted est\u00e1 de acuerdo en c\u00f3mo trabaj\u00f3 la empresa?<\/strong><br \/>\n&#8211; Yo no estoy de acuerdo, no es s\u00f3lo una empresa la que est\u00e1 trabajando (\u2026) son cuatro empresas (\u2026) son cuatro licitaciones, son empresas totalmente diferentes; claro, est\u00e1n picando en todos lados, ya que son cuatro empresas que est\u00e1n trabajando, eso es un trastorno (\u2026) molestia para las personas hoy en d\u00eda, pero el progreso es as\u00ed, tiene su costo y este costo hay que tambi\u00e9n sacrificarse para hacer de esta una ciudad mejor.<br \/>\n<strong>&#8211; \u00bfC\u00f3mo esperan estar en marzo?<\/strong><br \/>\n&#8211; Estamos tranquilos porque van a haber aterias que se van a abrir y tambi\u00e9n van a haber molestias que vamos a tener que cambiar los cursos, pero es parte del progreso.<br \/>\nA\u00f1adi\u00f3 que m\u00e1s adelante se va a coordinar con Carabineros para enfrentar el mes de marzo en relaci\u00f3n a los tramos pendientes por abrirse.<\/p>\n<p><strong>CONGESTI\u00d3N VEHICULAR<\/strong><br \/>\n<strong>&#8211; Alcalde, \u00bfqu\u00e9 opini\u00f3n le merece la congesti\u00f3n vehicular que se produce en San Felipe? \u00bfHay alguna acci\u00f3n para mitigar esta situaci\u00f3n?<\/strong><br \/>\n&#8211; Lo que nosotros estamos construyendo es una ciudad mejor, hoy en d\u00eda estamos abriendo la calle San Mart\u00edn con Hermanos Carrera, entre Tocornal y Michimalongo, eso va a significar un gran avance de la conectividad vial y tambi\u00e9n viene en marzo, esperamos sacar el RS del gran proyecto de la circunvalaci\u00f3n, va a significar un gran adelanto para la ciudad de San Felipe, es decir estamos priorizando Hermanos Carrera hacia el norte, doble v\u00eda eso va a significar un gran avance tambi\u00e9n, la doble v\u00eda en Michimalongo, lo que va a significar este gran plan de circunvalaci\u00f3n de San Felipe.<br \/>\n<strong>&#8211; \u00bfQu\u00e9 va a pasar con el camino a un costado del Hospital San Camilo?<\/strong><br \/>\n&#8211; Esa es parte de la circunvalaci\u00f3n, eso se va a pavimentar doble v\u00eda y ese es el primer tramo que est\u00e1 con prioridad uno en nuestra tem\u00e1tica municipal de abrir esa v\u00eda.<br \/>\n<strong>&#8211; Es un poquito penoso ver las mangueras de riego tecnificado en la avenida Chacabuco destruidas por la construcci\u00f3n de ciclov\u00edas. \u00bfQu\u00e9 va a pasar con aquello?, \u00bfse va a implementar otro sistema de riego?<\/strong><br \/>\n&#8211; Todo eso tiene que quedar terminado y esa es responsabilidad de la misma empresa que construye las ciclov\u00edas, del t\u00e9rmino y dejar en buenas condiciones los riegos tecnificados.<\/p>\n","protected":false},"excerpt":{"rendered":"<p>Se espera que solo afecte los primeros d\u00edas: El Alcalde Patricio Freire reconoci\u00f3 que van a tener dificultades en los primeros d\u00edas del mes de marzo con el tr\u00e1nsito en San Felipe,&#8230;<\/p>\n","protected":false},"author":1,"featured_media":77172,"comment_status":"open","ping_status":"open","sticky":false,"template":"","format":"standard","meta":{"advanced_seo_description":"","jetpack_seo_html_title":"","jetpack_seo_noindex":false,"_jetpack_memberships_contains_paid_content":false,"footnotes":""},"categories":[1],"tags":[27],"class_list":["post-77171","post","type-post","status-publish","format-standard","has-post-thumbnail","hentry","category-cronica","tag-san-felipe"],"jetpack_featured_media_url":"https:\/\/i0.wp.com\/eltrabajo.cl\/portal\/wp-content\/uploads\/2017\/02\/Hoyos-2.jpg?fit=580%2C350&ssl=1","jetpack_sharing_enabled":true,"jetpack_likes_enabled":true,"jetpack-related-posts":[],"_links":{"self":[{"href":"https:\/\/eltrabajo.cl\/portal\/wp-json\/wp\/v2\/posts\/77171","targetHints":{"allow":["GET"]}}],"collection":[{"href":"https:\/\/eltrabajo.cl\/portal\/wp-json\/wp\/v2\/posts"}],"about":[{"href":"https:\/\/eltrabajo.cl\/portal\/wp-json\/wp\/v2\/types\/post"}],"author":[{"embeddable":true,"href":"https:\/\/eltrabajo.cl\/portal\/wp-json\/wp\/v2\/users\/1"}],"replies":[{"embeddable":true,"href":"https:\/\/eltrabajo.cl\/portal\/wp-json\/wp\/v2\/comments?post=77171"}],"version-history":[{"count":0,"href":"https:\/\/eltrabajo.cl\/portal\/wp-json\/wp\/v2\/posts\/77171\/revisions"}],"wp:featuredmedia":[{"embeddable":true,"href":"https:\/\/eltrabajo.cl\/portal\/wp-json\/wp\/v2\/media\/77172"}],"wp:attachment":[{"href":"https:\/\/eltrabajo.cl\/portal\/wp-json\/wp\/v2\/media?parent=77171"}],"wp:term":[{"taxonomy":"category","embeddable":true,"href":"https:\/\/eltrabajo.cl\/portal\/wp-json\/wp\/v2\/categories?post=77171"},{"taxonomy":"post_tag","embeddable":true,"href":"https:\/\/eltrabajo.cl\/portal\/wp-json\/wp\/v2\/tags?post=77171"}],"curies":[{"name":"wp","href":"https:\/\/api.w.org\/{rel}","templated":true}]}}