{"id":77189,"date":"2017-02-10T10:21:33","date_gmt":"2017-02-10T14:21:33","guid":{"rendered":"http:\/\/www.eltrabajo.cl\/2017\/?p=77189"},"modified":"2017-02-10T10:21:33","modified_gmt":"2017-02-10T14:21:33","slug":"ejercito-libertador-inicia-hoy-su-ruta-final-rumbo-a-la-independencia","status":"publish","type":"post","link":"https:\/\/eltrabajo.cl\/portal\/ejercito-libertador-inicia-hoy-su-ruta-final-rumbo-a-la-independencia\/","title":{"rendered":"Ej\u00e9rcito Libertador inicia hoy su ruta final rumbo a la Independencia"},"content":{"rendered":"<figure id=\"attachment_77192\" aria-describedby=\"caption-attachment-77192\" style=\"width: 580px\" class=\"wp-caption alignnone\"><img data-recalc-dims=\"1\" loading=\"lazy\" decoding=\"async\" class=\"size-full wp-image-77192\" src=\"https:\/\/i0.wp.com\/www.eltrabajo.cl\/2017\/wp-content\/uploads\/2017\/02\/Ejercito-libertador-3-Tropas-chileno-argentinas.jpg?resize=580%2C348\" alt=\"Tropas chileno-argentinas formaron frente a la Plaza C\u00edvica de San Felipe, donde se celebr\u00f3 una solemne ceremonia de recibimiento.\" width=\"580\" height=\"348\" srcset=\"https:\/\/i0.wp.com\/eltrabajo.cl\/portal\/wp-content\/uploads\/2017\/02\/Ejercito-libertador-3-Tropas-chileno-argentinas.jpg?w=580&amp;ssl=1 580w, https:\/\/i0.wp.com\/eltrabajo.cl\/portal\/wp-content\/uploads\/2017\/02\/Ejercito-libertador-3-Tropas-chileno-argentinas.jpg?resize=200%2C120&amp;ssl=1 200w, https:\/\/i0.wp.com\/eltrabajo.cl\/portal\/wp-content\/uploads\/2017\/02\/Ejercito-libertador-3-Tropas-chileno-argentinas.jpg?resize=300%2C180&amp;ssl=1 300w, https:\/\/i0.wp.com\/eltrabajo.cl\/portal\/wp-content\/uploads\/2017\/02\/Ejercito-libertador-3-Tropas-chileno-argentinas.jpg?resize=250%2C150&amp;ssl=1 250w, https:\/\/i0.wp.com\/eltrabajo.cl\/portal\/wp-content\/uploads\/2017\/02\/Ejercito-libertador-3-Tropas-chileno-argentinas.jpg?resize=400%2C240&amp;ssl=1 400w\" sizes=\"auto, (max-width: 580px) 100vw, 580px\" \/><figcaption id=\"caption-attachment-77192\" class=\"wp-caption-text\">Tropas chileno-argentinas formaron frente a la Plaza C\u00edvica de San Felipe, donde se celebr\u00f3 una solemne ceremonia de recibimiento.<\/figcaption><\/figure>\n<ul>\n<li><span style=\"color: #000000;\"><strong><span style=\"color: #ff0000;\">En Curim\u00f3n se reunir\u00e1n hoy columnas militares de Los Patos y Uspallata:<\/span>\u00a0Conmemoraci\u00f3n de los 200 a\u00f1os del paso de las tropas lideradas por Bernardo O\u2019Higgins y Jos\u00e9 de San Mart\u00edn, recorri\u00f3 ayer San Felipe y ya se prepara para el asalto en Chacabuco en horas de este domingo 12 de febrero.<\/strong><\/span><\/li>\n<\/ul>\n<p>Hoy a medio d\u00eda, el paso del Ej\u00e9rcito Libertador de Los Andes, vivir\u00e1 una de sus ceremonias m\u00e1s significativas. Frente a la plaza de Curim\u00f3n, se rememorar\u00e1 la uni\u00f3n de las tropas independentistas provenientes desde Los Patos y Uspallata, instancia previa a su desfile hacia Chacabuco, donde el pr\u00f3ximo domingo se celebrar\u00e1n de forma culmine los 200 a\u00f1os de la Independencia Nacional.<br \/>\nDurante la jornada de ayer jueves, los soldados chilenos y argentinos que se encuentran reviviendo la historia liderada hace 2 siglos por los Generales O\u2019Higgins y San Mart\u00edn, tuvieron un impecable paso por la ciudad de San Felipe, donde la gente les brind\u00f3 un caluroso y masivo recibimiento.<br \/>\nEl Ej\u00e9rcito de Los Andes, ingres\u00f3 por avenida Chacabuco hasta calle Coimas y desde ah\u00ed rode\u00f3 la Plaza de Armas para apostarse finalmente en calle Salinas, frente a la Plaza C\u00edvica, donde se realiz\u00f3 una solemne ceremonia de recibimiento a las tropas trasandinas.<br \/>\nEl general Oscar Rojas, comandante en jefe de la Segunda Divisi\u00f3n Motorizada, se mostr\u00f3 feliz de la convocatoria que logr\u00f3 el paso de las tropas por las principales calle de la comuna y afirm\u00f3 que aquello es fiel reflejo del compromiso independentista que ten\u00edan los sanfelipe\u00f1os de aquella \u00e9poca<br \/>\n\u201cLa importancia que tiene San Felipe, se ve plasmada en la ciudadan\u00eda que sali\u00f3 a las calles a saludar a las fuerzas expedicionarias del cruce Los Andes, eso demuestra que durante 200 a\u00f1os esta ciudad ha estado comprometida con el Ej\u00e9rcito de Los Andes y por la libertad, por ello es una de las primeras ciudades heroicas de Chile\u201d, expres\u00f3 el general Rojas.<br \/>\nA su vez, el alcalde de San Felipe Patricio Freire, reconoci\u00f3 estar feliz de poder recibir a las delegaciones que reviven parte de la gesta heroica que signific\u00f3 la independencia y afirm\u00f3 que \u201cpara nosotros es motivo de orgullo esta celebraci\u00f3n, lo que significa para los sanfelipe\u00f1os la independencia de Chile y eso es lo que nos tienen felices\u201d, sostuvo.<br \/>\nFinalmente, el gobernador de la Provincia de San Felipe, Eduardo Le\u00f3n, hizo menci\u00f3n a algunos de los m\u00e1rtires sanfelipe\u00f1os involucrados en esta haza\u00f1a, individualizando los apellidos Traslavi\u00f1a, Salinas y Bueras, como parte de la batalla final por la libertad de Chile y Am\u00e9rica.<br \/>\n\u201cLe damos las gracias al ej\u00e9rcito, hay una gran labor de los ej\u00e9rcitos -chileno y argentino- y tambi\u00e9n al municipio de San Felipe por toda la organizaci\u00f3n\u201d, concluy\u00f3 la m\u00e1xima autoridad provincial.<\/p>\n<figure id=\"attachment_77190\" aria-describedby=\"caption-attachment-77190\" style=\"width: 580px\" class=\"wp-caption alignnone\"><img data-recalc-dims=\"1\" loading=\"lazy\" decoding=\"async\" class=\"size-full wp-image-77190\" src=\"https:\/\/i0.wp.com\/www.eltrabajo.cl\/2017\/wp-content\/uploads\/2017\/02\/Ejercito-libertador-1-Tropas-independentistas-chileno-argentinas.jpg?resize=580%2C350\" alt=\"Despu\u00e9s de Putaendo, las tropas chileno-argentinas llegaron a San Felipe y de aqu\u00ed a Curim\u00f3n, donde hoy al mediod\u00eda se recordar\u00eda la traves\u00eda para emprender rumbo final al asalto en Chacabuco que tendr\u00e1 lugar este domingo 12 de febrero.\" width=\"580\" height=\"350\" srcset=\"https:\/\/i0.wp.com\/eltrabajo.cl\/portal\/wp-content\/uploads\/2017\/02\/Ejercito-libertador-1-Tropas-independentistas-chileno-argentinas.jpg?w=580&amp;ssl=1 580w, https:\/\/i0.wp.com\/eltrabajo.cl\/portal\/wp-content\/uploads\/2017\/02\/Ejercito-libertador-1-Tropas-independentistas-chileno-argentinas.jpg?resize=200%2C121&amp;ssl=1 200w, https:\/\/i0.wp.com\/eltrabajo.cl\/portal\/wp-content\/uploads\/2017\/02\/Ejercito-libertador-1-Tropas-independentistas-chileno-argentinas.jpg?resize=300%2C181&amp;ssl=1 300w, https:\/\/i0.wp.com\/eltrabajo.cl\/portal\/wp-content\/uploads\/2017\/02\/Ejercito-libertador-1-Tropas-independentistas-chileno-argentinas.jpg?resize=249%2C150&amp;ssl=1 249w, https:\/\/i0.wp.com\/eltrabajo.cl\/portal\/wp-content\/uploads\/2017\/02\/Ejercito-libertador-1-Tropas-independentistas-chileno-argentinas.jpg?resize=400%2C241&amp;ssl=1 400w\" sizes=\"auto, (max-width: 580px) 100vw, 580px\" \/><figcaption id=\"caption-attachment-77190\" class=\"wp-caption-text\">Despu\u00e9s de Putaendo, las tropas chileno-argentinas llegaron a San Felipe y de aqu\u00ed a Curim\u00f3n, donde hoy al mediod\u00eda se recordar\u00eda la traves\u00eda para emprender rumbo final al asalto en Chacabuco que tendr\u00e1 lugar este domingo 12 de febrero.<\/figcaption><\/figure>\n<figure id=\"attachment_77191\" aria-describedby=\"caption-attachment-77191\" style=\"width: 580px\" class=\"wp-caption alignnone\"><img data-recalc-dims=\"1\" loading=\"lazy\" decoding=\"async\" class=\"size-full wp-image-77191\" src=\"https:\/\/i0.wp.com\/www.eltrabajo.cl\/2017\/wp-content\/uploads\/2017\/02\/Ejercito-libertador-2-Autoridades-locales-y-militares.jpg?resize=580%2C350\" alt=\"Autoridades locales y militares saludan a las tropas que reviven haza\u00f1a de la independencia.\" width=\"580\" height=\"350\" srcset=\"https:\/\/i0.wp.com\/eltrabajo.cl\/portal\/wp-content\/uploads\/2017\/02\/Ejercito-libertador-2-Autoridades-locales-y-militares.jpg?w=580&amp;ssl=1 580w, https:\/\/i0.wp.com\/eltrabajo.cl\/portal\/wp-content\/uploads\/2017\/02\/Ejercito-libertador-2-Autoridades-locales-y-militares.jpg?resize=200%2C121&amp;ssl=1 200w, https:\/\/i0.wp.com\/eltrabajo.cl\/portal\/wp-content\/uploads\/2017\/02\/Ejercito-libertador-2-Autoridades-locales-y-militares.jpg?resize=300%2C181&amp;ssl=1 300w, https:\/\/i0.wp.com\/eltrabajo.cl\/portal\/wp-content\/uploads\/2017\/02\/Ejercito-libertador-2-Autoridades-locales-y-militares.jpg?resize=249%2C150&amp;ssl=1 249w, https:\/\/i0.wp.com\/eltrabajo.cl\/portal\/wp-content\/uploads\/2017\/02\/Ejercito-libertador-2-Autoridades-locales-y-militares.jpg?resize=400%2C241&amp;ssl=1 400w\" sizes=\"auto, (max-width: 580px) 100vw, 580px\" \/><figcaption id=\"caption-attachment-77191\" class=\"wp-caption-text\">Autoridades locales y militares saludan a las tropas que reviven haza\u00f1a de la independencia.<\/figcaption><\/figure>\n","protected":false},"excerpt":{"rendered":"<p>En Curim\u00f3n se reunir\u00e1n hoy columnas militares de Los Patos y Uspallata:\u00a0Conmemoraci\u00f3n de los 200 a\u00f1os del paso de las tropas lideradas por Bernardo O\u2019Higgins y Jos\u00e9 de San Mart\u00edn, recorri\u00f3 ayer&#8230;<\/p>\n","protected":false},"author":1,"featured_media":77190,"comment_status":"open","ping_status":"open","sticky":false,"template":"","format":"standard","meta":{"advanced_seo_description":"","jetpack_seo_html_title":"","jetpack_seo_noindex":false,"_jetpack_memberships_contains_paid_content":false,"footnotes":""},"categories":[1],"tags":[81,82,83],"class_list":["post-77189","post","type-post","status-publish","format-standard","has-post-thumbnail","hentry","category-cronica","tag-historia","tag-patria","tag-patrimonio"],"jetpack_featured_media_url":"https:\/\/i0.wp.com\/eltrabajo.cl\/portal\/wp-content\/uploads\/2017\/02\/Ejercito-libertador-1-Tropas-independentistas-chileno-argentinas.jpg?fit=580%2C350&ssl=1","jetpack_sharing_enabled":true,"jetpack_likes_enabled":true,"jetpack-related-posts":[],"_links":{"self":[{"href":"https:\/\/eltrabajo.cl\/portal\/wp-json\/wp\/v2\/posts\/77189","targetHints":{"allow":["GET"]}}],"collection":[{"href":"https:\/\/eltrabajo.cl\/portal\/wp-json\/wp\/v2\/posts"}],"about":[{"href":"https:\/\/eltrabajo.cl\/portal\/wp-json\/wp\/v2\/types\/post"}],"author":[{"embeddable":true,"href":"https:\/\/eltrabajo.cl\/portal\/wp-json\/wp\/v2\/users\/1"}],"replies":[{"embeddable":true,"href":"https:\/\/eltrabajo.cl\/portal\/wp-json\/wp\/v2\/comments?post=77189"}],"version-history":[{"count":0,"href":"https:\/\/eltrabajo.cl\/portal\/wp-json\/wp\/v2\/posts\/77189\/revisions"}],"wp:featuredmedia":[{"embeddable":true,"href":"https:\/\/eltrabajo.cl\/portal\/wp-json\/wp\/v2\/media\/77190"}],"wp:attachment":[{"href":"https:\/\/eltrabajo.cl\/portal\/wp-json\/wp\/v2\/media?parent=77189"}],"wp:term":[{"taxonomy":"category","embeddable":true,"href":"https:\/\/eltrabajo.cl\/portal\/wp-json\/wp\/v2\/categories?post=77189"},{"taxonomy":"post_tag","embeddable":true,"href":"https:\/\/eltrabajo.cl\/portal\/wp-json\/wp\/v2\/tags?post=77189"}],"curies":[{"name":"wp","href":"https:\/\/api.w.org\/{rel}","templated":true}]}}