{"id":77194,"date":"2017-02-10T10:35:17","date_gmt":"2017-02-10T14:35:17","guid":{"rendered":"http:\/\/www.eltrabajo.cl\/2017\/?p=77194"},"modified":"2017-02-10T10:35:17","modified_gmt":"2017-02-10T14:35:17","slug":"noches-de-pelicula-en-la-nueva-version-de-cine-movil-de-caja-los-andes","status":"publish","type":"post","link":"https:\/\/eltrabajo.cl\/portal\/noches-de-pelicula-en-la-nueva-version-de-cine-movil-de-caja-los-andes\/","title":{"rendered":"Noches de pel\u00edcula en la nueva versi\u00f3n de Cine M\u00f3vil de Caja Los Andes"},"content":{"rendered":"<figure id=\"attachment_77195\" aria-describedby=\"caption-attachment-77195\" style=\"width: 580px\" class=\"wp-caption alignnone\"><img data-recalc-dims=\"1\" loading=\"lazy\" decoding=\"async\" class=\"size-full wp-image-77195\" src=\"https:\/\/i0.wp.com\/www.eltrabajo.cl\/2017\/wp-content\/uploads\/2017\/02\/CAJACINE.jpg?resize=580%2C349\" alt=\"Ma\u00f1ana s\u00e1bado 11 de febrero en la Plaza C\u00edvica, a un costado de la Municipalidad, se exchibir\u00e1 la pel\u00edcula \u2018Zootopia\u2019 en pantalla gigante, a partir de las 20 horas. (Archivo).\" width=\"580\" height=\"349\" srcset=\"https:\/\/i0.wp.com\/eltrabajo.cl\/portal\/wp-content\/uploads\/2017\/02\/CAJACINE.jpg?w=580&amp;ssl=1 580w, https:\/\/i0.wp.com\/eltrabajo.cl\/portal\/wp-content\/uploads\/2017\/02\/CAJACINE.jpg?resize=200%2C120&amp;ssl=1 200w, https:\/\/i0.wp.com\/eltrabajo.cl\/portal\/wp-content\/uploads\/2017\/02\/CAJACINE.jpg?resize=300%2C181&amp;ssl=1 300w, https:\/\/i0.wp.com\/eltrabajo.cl\/portal\/wp-content\/uploads\/2017\/02\/CAJACINE.jpg?resize=249%2C150&amp;ssl=1 249w, https:\/\/i0.wp.com\/eltrabajo.cl\/portal\/wp-content\/uploads\/2017\/02\/CAJACINE.jpg?resize=400%2C241&amp;ssl=1 400w\" sizes=\"auto, (max-width: 580px) 100vw, 580px\" \/><figcaption id=\"caption-attachment-77195\" class=\"wp-caption-text\">Ma\u00f1ana s\u00e1bado 11 de febrero en la Plaza C\u00edvica, a un costado de la Municipalidad, se exchibir\u00e1 la pel\u00edcula \u2018Zootopia\u2019 en pantalla gigante, a partir de las 20 horas. (Archivo).<\/figcaption><\/figure>\n<ul>\n<li><strong><span style=\"color: #ff0000;\">Ma\u00f1ana a partir de las 19 horas en la Plaza C\u00edvica de San Felipe:<\/span>\u00a0Cerca de mil personas podr\u00e1n disfrutar y divertirse en un panorama ideal para las tardes de verano con la cinta \u2018Zootopia\u2019 que se exhibir\u00e1 ma\u00f1ana en pantalla gigante.<\/strong><\/li>\n<\/ul>\n<p>Hasta San Felipe llega una nueva versi\u00f3n de Cine M\u00f3vil de Caja Los Andes, que recorrer\u00e1 25 lugares de norte a sur del pa\u00eds para que cientos de personas, tanto afiliados como p\u00fablico general, puedan disfrutar de un panorama veraniego, familiar, al aire libre y completamente gratuito.<br \/>\nCine M\u00f3vil, visitar\u00e1 peque\u00f1as localidades a lo largo del pa\u00eds, en donde las personas tendr\u00e1n acceso a una pel\u00edcula de primer nivel, fomentando la cultura y las actividades familiares y al aire libre. La invitaci\u00f3n es para que la familia y principalmente los m\u00e1s peque\u00f1os de la casa, asistan a las diversas funciones que se llevar\u00e1n a cabo durante este verano 2017.<br \/>\nLa pantalla gigante de 7&#215;5 metros ser\u00e1 el punto de uni\u00f3n de la familia a partir de las 19 horas desde la Plaza C\u00edvica de San Felipe cientos de personas podr\u00e1n disfrutar con la pel\u00edcula \u2018Zootopia\u2019.<br \/>\n\u201cCon esta nueva versi\u00f3n de Cine M\u00f3vil de Caja Los Andes, buscamos acercar la entretenci\u00f3n y la cultura a nuestros afiliados y p\u00fablico general, para que puedan disfrutar de un panorama ideal para disfrutar las tardes de verano en un espacio especialmente acondicionado y de f\u00e1cil acceso\u201d, explic\u00f3 Nelson Rojas, gerente general de Caja Los Andes.<br \/>\nPara obtener\u2020entradas, los afiliados deben enviar un SMS gratis al 3008 con tu RUT*CINE (M\u00e1ximo 4 por RUT de afiliado o carga legalmente registrada), con el que obtendr\u00e1n adem\u00e1s un snack gratuito para acompa\u00f1ar el entretenido momento.<\/p>\n<p>&nbsp;<\/p>\n","protected":false},"excerpt":{"rendered":"<p>Ma\u00f1ana a partir de las 19 horas en la Plaza C\u00edvica de San Felipe:\u00a0Cerca de mil personas podr\u00e1n disfrutar y divertirse en un panorama ideal para las tardes de verano con la&#8230;<\/p>\n","protected":false},"author":1,"featured_media":77195,"comment_status":"open","ping_status":"open","sticky":false,"template":"","format":"standard","meta":{"advanced_seo_description":"","jetpack_seo_html_title":"","jetpack_seo_noindex":false,"_jetpack_memberships_contains_paid_content":false,"footnotes":""},"categories":[1],"tags":[],"class_list":["post-77194","post","type-post","status-publish","format-standard","has-post-thumbnail","hentry","category-cronica"],"jetpack_featured_media_url":"https:\/\/i0.wp.com\/eltrabajo.cl\/portal\/wp-content\/uploads\/2017\/02\/CAJACINE.jpg?fit=580%2C349&ssl=1","jetpack_sharing_enabled":true,"jetpack_likes_enabled":true,"jetpack-related-posts":[],"_links":{"self":[{"href":"https:\/\/eltrabajo.cl\/portal\/wp-json\/wp\/v2\/posts\/77194","targetHints":{"allow":["GET"]}}],"collection":[{"href":"https:\/\/eltrabajo.cl\/portal\/wp-json\/wp\/v2\/posts"}],"about":[{"href":"https:\/\/eltrabajo.cl\/portal\/wp-json\/wp\/v2\/types\/post"}],"author":[{"embeddable":true,"href":"https:\/\/eltrabajo.cl\/portal\/wp-json\/wp\/v2\/users\/1"}],"replies":[{"embeddable":true,"href":"https:\/\/eltrabajo.cl\/portal\/wp-json\/wp\/v2\/comments?post=77194"}],"version-history":[{"count":0,"href":"https:\/\/eltrabajo.cl\/portal\/wp-json\/wp\/v2\/posts\/77194\/revisions"}],"wp:featuredmedia":[{"embeddable":true,"href":"https:\/\/eltrabajo.cl\/portal\/wp-json\/wp\/v2\/media\/77195"}],"wp:attachment":[{"href":"https:\/\/eltrabajo.cl\/portal\/wp-json\/wp\/v2\/media?parent=77194"}],"wp:term":[{"taxonomy":"category","embeddable":true,"href":"https:\/\/eltrabajo.cl\/portal\/wp-json\/wp\/v2\/categories?post=77194"},{"taxonomy":"post_tag","embeddable":true,"href":"https:\/\/eltrabajo.cl\/portal\/wp-json\/wp\/v2\/tags?post=77194"}],"curies":[{"name":"wp","href":"https:\/\/api.w.org\/{rel}","templated":true}]}}