{"id":77207,"date":"2017-02-13T08:53:34","date_gmt":"2017-02-13T12:53:34","guid":{"rendered":"http:\/\/www.eltrabajo.cl\/2017\/?p=77207"},"modified":"2017-02-13T08:53:34","modified_gmt":"2017-02-13T12:53:34","slug":"nota-7-para-el-ii-campeonato-internacional-de-slackline-en-san-felipe","status":"publish","type":"post","link":"https:\/\/eltrabajo.cl\/portal\/nota-7-para-el-ii-campeonato-internacional-de-slackline-en-san-felipe\/","title":{"rendered":"Nota 7 para el II Campeonato internacional de Slackline en San Felipe"},"content":{"rendered":"<figure id=\"attachment_77208\" aria-describedby=\"caption-attachment-77208\" style=\"width: 580px\" class=\"wp-caption alignnone\"><img data-recalc-dims=\"1\" loading=\"lazy\" decoding=\"async\" class=\"size-full wp-image-77208\" src=\"https:\/\/i0.wp.com\/www.eltrabajo.cl\/2017\/wp-content\/uploads\/2017\/02\/slackline-Clasificados33.jpg?resize=580%2C348\" alt=\"VAN AL MUNDIAL.- Aqu\u00ed tenemos a Mart\u00edn y Nicol\u00e1s Gonz\u00e1lez, ambos van directo al Mundial de Slackline, que se celebrar\u00e1 la otra semana en Vi\u00f1a.\" width=\"580\" height=\"348\" srcset=\"https:\/\/i0.wp.com\/eltrabajo.cl\/portal\/wp-content\/uploads\/2017\/02\/slackline-Clasificados33.jpg?w=580&amp;ssl=1 580w, https:\/\/i0.wp.com\/eltrabajo.cl\/portal\/wp-content\/uploads\/2017\/02\/slackline-Clasificados33.jpg?resize=200%2C120&amp;ssl=1 200w, https:\/\/i0.wp.com\/eltrabajo.cl\/portal\/wp-content\/uploads\/2017\/02\/slackline-Clasificados33.jpg?resize=300%2C180&amp;ssl=1 300w, https:\/\/i0.wp.com\/eltrabajo.cl\/portal\/wp-content\/uploads\/2017\/02\/slackline-Clasificados33.jpg?resize=250%2C150&amp;ssl=1 250w, https:\/\/i0.wp.com\/eltrabajo.cl\/portal\/wp-content\/uploads\/2017\/02\/slackline-Clasificados33.jpg?resize=400%2C240&amp;ssl=1 400w\" sizes=\"auto, (max-width: 580px) 100vw, 580px\" \/><figcaption id=\"caption-attachment-77208\" class=\"wp-caption-text\">VAN AL MUNDIAL.- Aqu\u00ed tenemos a Mart\u00edn y Nicol\u00e1s Gonz\u00e1lez, ambos van directo al Mundial de Slackline, que se celebrar\u00e1 la otra semana en Vi\u00f1a.<\/figcaption><\/figure>\n<ul>\n<li><span style=\"color: #ff0000;\"><strong>Tres sanfelipe\u00f1os clasificados al Mundial que se realizar\u00e1 en Vi\u00f1a:<\/strong><\/span><\/li>\n<\/ul>\n<p>Durante todo el d\u00eda s\u00e1bado, en el coraz\u00f3n de la Plaza de Armas, en San Felipe, el departamento municipal de Deportes desarroll\u00f3 con rotundo \u00e9xito el II Campeonato internacional de Slackline, luego del colosal campeonato mundial que se realiz\u00f3 en febrero de 2016 en nuestra ciudad.<\/p>\n<p><strong>\u00bfQU\u00c9 ES SLACKLINE?<\/strong><br \/>\nPara nuestros lectores que no est\u00e9n muy familiarizados con la pr\u00e1ctica de esta actividad, el slackline es un deporte de equilibrio en el que se usa una cinta que se engancha entre dos puntos fijos, generalmente \u00e1rboles, y se tensa. En el slackline se camina sobre una cinta plana de nylon o poli\u00e9ster. Este deporte se diferencia de la cuerda floja en que se utiliza una cinta plana en lugar de una cuerda, como usaban los antiguos funambulistas.<br \/>\nDel mismo modo, en la slackline tampoco se usa ninguna herramienta para ayudarse a mantener el equilibrio, como varas u otros medios, por lo que los riders, como se les llama a estos acr\u00f3batas, se dieron mil gustos haciendo las mejores acrobacias y piruetas en el aire.<\/p>\n<p><strong>VIENE EL MUNDIAL<\/strong><br \/>\n\u00abEsta es la segunda versi\u00f3n de Slackline de San Felipe, hoy participan brasile\u00f1os, Peruanos, chilenos, gente de Chill\u00e1n, Vi\u00f1a, Santiago, Curic\u00f3, Talca y los nuestros. Cabe se\u00f1alar que tenemos a tres sanfelipe\u00f1os clasificados al Mundial de Vi\u00f1a 2017 que se realiza la pr\u00f3xima semana en esa ciudad\u00bb, coment\u00f3 a Diario El Trabado el encargado de Deportes, Danilo Pe\u00f1a.<br \/>\nLos tres sanfelipe\u00f1os clasificados a este Mundial son Mart\u00edn Mu\u00f1oz, Mart\u00edn Gonz\u00e1lez y Nicol\u00e1s Gonz\u00e1lez, quienes se han entrenado mucho en estos meses.<br \/>\n<strong>Roberto Gonz\u00e1lez Short<\/strong><\/p>\n<figure id=\"attachment_77210\" aria-describedby=\"caption-attachment-77210\" style=\"width: 580px\" class=\"wp-caption alignnone\"><img data-recalc-dims=\"1\" loading=\"lazy\" decoding=\"async\" class=\"size-full wp-image-77210\" src=\"https:\/\/i0.wp.com\/www.eltrabajo.cl\/2017\/wp-content\/uploads\/2017\/02\/slackline-Bryan-Pichuante.jpg?resize=580%2C349\" alt=\"LAS GRANDES SORPRESAS.- Bryan Pichuante fue una de las grandes sorpresas en su categor\u00eda, pues lo Arriesg\u00f3 Todo para lograr su mejor puntaje.\" width=\"580\" height=\"349\" srcset=\"https:\/\/i0.wp.com\/eltrabajo.cl\/portal\/wp-content\/uploads\/2017\/02\/slackline-Bryan-Pichuante.jpg?w=580&amp;ssl=1 580w, https:\/\/i0.wp.com\/eltrabajo.cl\/portal\/wp-content\/uploads\/2017\/02\/slackline-Bryan-Pichuante.jpg?resize=200%2C120&amp;ssl=1 200w, https:\/\/i0.wp.com\/eltrabajo.cl\/portal\/wp-content\/uploads\/2017\/02\/slackline-Bryan-Pichuante.jpg?resize=300%2C181&amp;ssl=1 300w, https:\/\/i0.wp.com\/eltrabajo.cl\/portal\/wp-content\/uploads\/2017\/02\/slackline-Bryan-Pichuante.jpg?resize=249%2C150&amp;ssl=1 249w, https:\/\/i0.wp.com\/eltrabajo.cl\/portal\/wp-content\/uploads\/2017\/02\/slackline-Bryan-Pichuante.jpg?resize=400%2C241&amp;ssl=1 400w\" sizes=\"auto, (max-width: 580px) 100vw, 580px\" \/><figcaption id=\"caption-attachment-77210\" class=\"wp-caption-text\">LAS GRANDES SORPRESAS.- Bryan Pichuante fue una de las grandes sorpresas en su categor\u00eda, pues lo Arriesg\u00f3 Todo para lograr su mejor puntaje.<\/figcaption><\/figure>\n<figure id=\"attachment_77209\" aria-describedby=\"caption-attachment-77209\" style=\"width: 580px\" class=\"wp-caption alignnone\"><img data-recalc-dims=\"1\" loading=\"lazy\" decoding=\"async\" class=\"size-full wp-image-77209\" src=\"https:\/\/i0.wp.com\/www.eltrabajo.cl\/2017\/wp-content\/uploads\/2017\/02\/slackline-Ellos33.jpg?resize=580%2C350\" alt=\"AMOS DEL SLACKLINE.- Ellos son parte del grupo Amateur que particip\u00f3 el s\u00e1bado en este campeonato internacional, al lado de las autoridades de Deportes y el dideco Pablo Silva.\" width=\"580\" height=\"350\" srcset=\"https:\/\/i0.wp.com\/eltrabajo.cl\/portal\/wp-content\/uploads\/2017\/02\/slackline-Ellos33.jpg?w=580&amp;ssl=1 580w, https:\/\/i0.wp.com\/eltrabajo.cl\/portal\/wp-content\/uploads\/2017\/02\/slackline-Ellos33.jpg?resize=200%2C121&amp;ssl=1 200w, https:\/\/i0.wp.com\/eltrabajo.cl\/portal\/wp-content\/uploads\/2017\/02\/slackline-Ellos33.jpg?resize=300%2C181&amp;ssl=1 300w, https:\/\/i0.wp.com\/eltrabajo.cl\/portal\/wp-content\/uploads\/2017\/02\/slackline-Ellos33.jpg?resize=249%2C150&amp;ssl=1 249w, https:\/\/i0.wp.com\/eltrabajo.cl\/portal\/wp-content\/uploads\/2017\/02\/slackline-Ellos33.jpg?resize=400%2C241&amp;ssl=1 400w\" sizes=\"auto, (max-width: 580px) 100vw, 580px\" \/><figcaption id=\"caption-attachment-77209\" class=\"wp-caption-text\">AMOS DEL SLACKLINE.- Ellos son parte del grupo Amateur que particip\u00f3 el s\u00e1bado en este campeonato internacional, al lado de las autoridades de Deportes y el dideco Pablo Silva.<\/figcaption><\/figure>\n","protected":false},"excerpt":{"rendered":"<p>Tres sanfelipe\u00f1os clasificados al Mundial que se realizar\u00e1 en Vi\u00f1a: Durante todo el d\u00eda s\u00e1bado, en el coraz\u00f3n de la Plaza de Armas, en San Felipe, el departamento municipal de Deportes desarroll\u00f3&#8230;<\/p>\n","protected":false},"author":1,"featured_media":77210,"comment_status":"open","ping_status":"open","sticky":false,"template":"","format":"standard","meta":{"advanced_seo_description":"","jetpack_seo_html_title":"","jetpack_seo_noindex":false,"_jetpack_memberships_contains_paid_content":false,"footnotes":""},"categories":[19],"tags":[],"class_list":["post-77207","post","type-post","status-publish","format-standard","has-post-thumbnail","hentry","category-deportes"],"jetpack_featured_media_url":"https:\/\/i0.wp.com\/eltrabajo.cl\/portal\/wp-content\/uploads\/2017\/02\/slackline-Bryan-Pichuante.jpg?fit=580%2C349&ssl=1","jetpack_sharing_enabled":true,"jetpack_likes_enabled":true,"jetpack-related-posts":[],"_links":{"self":[{"href":"https:\/\/eltrabajo.cl\/portal\/wp-json\/wp\/v2\/posts\/77207","targetHints":{"allow":["GET"]}}],"collection":[{"href":"https:\/\/eltrabajo.cl\/portal\/wp-json\/wp\/v2\/posts"}],"about":[{"href":"https:\/\/eltrabajo.cl\/portal\/wp-json\/wp\/v2\/types\/post"}],"author":[{"embeddable":true,"href":"https:\/\/eltrabajo.cl\/portal\/wp-json\/wp\/v2\/users\/1"}],"replies":[{"embeddable":true,"href":"https:\/\/eltrabajo.cl\/portal\/wp-json\/wp\/v2\/comments?post=77207"}],"version-history":[{"count":0,"href":"https:\/\/eltrabajo.cl\/portal\/wp-json\/wp\/v2\/posts\/77207\/revisions"}],"wp:featuredmedia":[{"embeddable":true,"href":"https:\/\/eltrabajo.cl\/portal\/wp-json\/wp\/v2\/media\/77210"}],"wp:attachment":[{"href":"https:\/\/eltrabajo.cl\/portal\/wp-json\/wp\/v2\/media?parent=77207"}],"wp:term":[{"taxonomy":"category","embeddable":true,"href":"https:\/\/eltrabajo.cl\/portal\/wp-json\/wp\/v2\/categories?post=77207"},{"taxonomy":"post_tag","embeddable":true,"href":"https:\/\/eltrabajo.cl\/portal\/wp-json\/wp\/v2\/tags?post=77207"}],"curies":[{"name":"wp","href":"https:\/\/api.w.org\/{rel}","templated":true}]}}