{"id":77212,"date":"2017-02-13T08:58:04","date_gmt":"2017-02-13T12:58:04","guid":{"rendered":"http:\/\/www.eltrabajo.cl\/2017\/?p=77212"},"modified":"2017-02-13T08:58:04","modified_gmt":"2017-02-13T12:58:04","slug":"estatuas-de-las-estaciones-en-muy-mal-estado-tras-festival-de-la-chaya","status":"publish","type":"post","link":"https:\/\/eltrabajo.cl\/portal\/estatuas-de-las-estaciones-en-muy-mal-estado-tras-festival-de-la-chaya\/","title":{"rendered":"Estatuas de las Estaciones en muy mal estado tras Festival de la Chaya"},"content":{"rendered":"<figure id=\"attachment_77213\" aria-describedby=\"caption-attachment-77213\" style=\"width: 580px\" class=\"wp-caption alignnone\"><img data-recalc-dims=\"1\" loading=\"lazy\" decoding=\"async\" class=\"size-full wp-image-77213\" src=\"https:\/\/i0.wp.com\/www.eltrabajo.cl\/2017\/wp-content\/uploads\/2017\/02\/Terrible1.jpg?resize=580%2C348\" alt=\"\u00bfALGUIEN LAS REVISAR\u00c1?.- Estos qu\u00edmicos de colores en el rostro de algunas estatuas bien podr\u00edan ser penetrantes en el m\u00e1rmol.\" width=\"580\" height=\"348\" srcset=\"https:\/\/i0.wp.com\/eltrabajo.cl\/portal\/wp-content\/uploads\/2017\/02\/Terrible1.jpg?w=580&amp;ssl=1 580w, https:\/\/i0.wp.com\/eltrabajo.cl\/portal\/wp-content\/uploads\/2017\/02\/Terrible1.jpg?resize=200%2C120&amp;ssl=1 200w, https:\/\/i0.wp.com\/eltrabajo.cl\/portal\/wp-content\/uploads\/2017\/02\/Terrible1.jpg?resize=300%2C180&amp;ssl=1 300w, https:\/\/i0.wp.com\/eltrabajo.cl\/portal\/wp-content\/uploads\/2017\/02\/Terrible1.jpg?resize=250%2C150&amp;ssl=1 250w, https:\/\/i0.wp.com\/eltrabajo.cl\/portal\/wp-content\/uploads\/2017\/02\/Terrible1.jpg?resize=400%2C240&amp;ssl=1 400w\" sizes=\"auto, (max-width: 580px) 100vw, 580px\" \/><figcaption id=\"caption-attachment-77213\" class=\"wp-caption-text\">\u00bfALGUIEN LAS REVISAR\u00c1?.- Estos qu\u00edmicos de colores en el rostro de algunas estatuas bien podr\u00edan ser penetrantes en el m\u00e1rmol.<\/figcaption><\/figure>\n<ul>\n<li><span style=\"color: #ff0000;\"><strong>Lucen con rayados y hasta su rostro pintado:<\/strong><\/span><\/li>\n<\/ul>\n<p>En una lamentable condici\u00f3n de suciedad, da\u00f1o externo y p\u00e9sima presentaci\u00f3n es en la que quedaron las cuatro estatuas de las estaciones que adornan nuestra Plaza de Armas, luego que, tras la Fiesta de la Chaya, \u00e9stas lucen llenas de espuma en spray; chicle y rayados de colores, pues muchos de los mismos sanfelipe\u00f1os no las aprecian y las maltraten.<br \/>\nLas c\u00e1maras de Diario El Trabajo tomaron registro del estado de estos monumentos tan nuestros, los que identifican a nuestra ciudad y los que recientemente fueron objeto de una millonaria restauraci\u00f3n y limpieza que el Municipio dispuso para ellos.<\/p>\n<p><strong>CON SERIOS DA\u00d1OS<\/strong><br \/>\nEstamos hablando de sustancias qu\u00edmicas y sint\u00e9ticas en el rostro y estructura general de estas estatuas, las que, de no ser limpiadas lo antes posible, podr\u00edan correr el riesgo de penetrar el esmalte que estas obras de arte tienen, lo que podr\u00eda generar da\u00f1os quiz\u00e1 irreversibles, pues aunque el da\u00f1o lo hicieron irresponsables pobladores de nuestra comuna, la responsabilidad de limpiarlos corresponde a las autoridades, quienes ahora tienen la palabra.<br \/>\n<strong>Roberto Gonz\u00e1lez S.<\/strong><\/p>\n<figure id=\"attachment_77214\" aria-describedby=\"caption-attachment-77214\" style=\"width: 580px\" class=\"wp-caption alignnone\"><img data-recalc-dims=\"1\" loading=\"lazy\" decoding=\"async\" class=\"size-full wp-image-77214\" src=\"https:\/\/i0.wp.com\/www.eltrabajo.cl\/2017\/wp-content\/uploads\/2017\/02\/Terrible4.jpg?resize=580%2C349\" alt=\"GRAFITIS.- Estos grafitos dejan mucho en evidencia c\u00f3mo quieren algunos sanfelipe\u00f1os que se vea nuestra ciudad.\" width=\"580\" height=\"349\" srcset=\"https:\/\/i0.wp.com\/eltrabajo.cl\/portal\/wp-content\/uploads\/2017\/02\/Terrible4.jpg?w=580&amp;ssl=1 580w, https:\/\/i0.wp.com\/eltrabajo.cl\/portal\/wp-content\/uploads\/2017\/02\/Terrible4.jpg?resize=200%2C120&amp;ssl=1 200w, https:\/\/i0.wp.com\/eltrabajo.cl\/portal\/wp-content\/uploads\/2017\/02\/Terrible4.jpg?resize=300%2C181&amp;ssl=1 300w, https:\/\/i0.wp.com\/eltrabajo.cl\/portal\/wp-content\/uploads\/2017\/02\/Terrible4.jpg?resize=249%2C150&amp;ssl=1 249w, https:\/\/i0.wp.com\/eltrabajo.cl\/portal\/wp-content\/uploads\/2017\/02\/Terrible4.jpg?resize=400%2C241&amp;ssl=1 400w\" sizes=\"auto, (max-width: 580px) 100vw, 580px\" \/><figcaption id=\"caption-attachment-77214\" class=\"wp-caption-text\">GRAFITIS.- Estos grafitos dejan mucho en evidencia c\u00f3mo quieren algunos sanfelipe\u00f1os que se vea nuestra ciudad.<\/figcaption><\/figure>\n<figure id=\"attachment_77215\" aria-describedby=\"caption-attachment-77215\" style=\"width: 551px\" class=\"wp-caption alignnone\"><img data-recalc-dims=\"1\" loading=\"lazy\" decoding=\"async\" class=\"size-full wp-image-77215\" src=\"https:\/\/i0.wp.com\/www.eltrabajo.cl\/2017\/wp-content\/uploads\/2017\/02\/Terribleab.jpg?resize=551%2C350\" alt=\"HAY QUE INSPECCIONARLAS.- Ninguna se escap\u00f3, las estaciones est\u00e1n de nuevo maltrechas, aunque el Municipio se ha esforzado por restaurarlas, pseudo humanos r\u00e1pidamente las da\u00f1an y pintan.\" width=\"551\" height=\"350\" srcset=\"https:\/\/i0.wp.com\/eltrabajo.cl\/portal\/wp-content\/uploads\/2017\/02\/Terribleab.jpg?w=551&amp;ssl=1 551w, https:\/\/i0.wp.com\/eltrabajo.cl\/portal\/wp-content\/uploads\/2017\/02\/Terribleab.jpg?resize=200%2C127&amp;ssl=1 200w, https:\/\/i0.wp.com\/eltrabajo.cl\/portal\/wp-content\/uploads\/2017\/02\/Terribleab.jpg?resize=300%2C191&amp;ssl=1 300w, https:\/\/i0.wp.com\/eltrabajo.cl\/portal\/wp-content\/uploads\/2017\/02\/Terribleab.jpg?resize=236%2C150&amp;ssl=1 236w, https:\/\/i0.wp.com\/eltrabajo.cl\/portal\/wp-content\/uploads\/2017\/02\/Terribleab.jpg?resize=400%2C254&amp;ssl=1 400w\" sizes=\"auto, (max-width: 551px) 100vw, 551px\" \/><figcaption id=\"caption-attachment-77215\" class=\"wp-caption-text\">HAY QUE INSPECCIONARLAS.- Ninguna se escap\u00f3, las estaciones est\u00e1n de nuevo maltrechas, aunque el Municipio se ha esforzado por restaurarlas, pseudo humanos r\u00e1pidamente las da\u00f1an y pintan.<\/figcaption><\/figure>\n","protected":false},"excerpt":{"rendered":"<p>Lucen con rayados y hasta su rostro pintado: En una lamentable condici\u00f3n de suciedad, da\u00f1o externo y p\u00e9sima presentaci\u00f3n es en la que quedaron las cuatro estatuas de las estaciones que adornan&#8230;<\/p>\n","protected":false},"author":1,"featured_media":77215,"comment_status":"open","ping_status":"open","sticky":false,"template":"","format":"standard","meta":{"advanced_seo_description":"","jetpack_seo_html_title":"","jetpack_seo_noindex":false,"_jetpack_memberships_contains_paid_content":false,"footnotes":""},"categories":[1],"tags":[87],"class_list":["post-77212","post","type-post","status-publish","format-standard","has-post-thumbnail","hentry","category-cronica","tag-vandalismo"],"jetpack_featured_media_url":"https:\/\/i0.wp.com\/eltrabajo.cl\/portal\/wp-content\/uploads\/2017\/02\/Terribleab.jpg?fit=551%2C350&ssl=1","jetpack_sharing_enabled":true,"jetpack_likes_enabled":true,"jetpack-related-posts":[],"_links":{"self":[{"href":"https:\/\/eltrabajo.cl\/portal\/wp-json\/wp\/v2\/posts\/77212","targetHints":{"allow":["GET"]}}],"collection":[{"href":"https:\/\/eltrabajo.cl\/portal\/wp-json\/wp\/v2\/posts"}],"about":[{"href":"https:\/\/eltrabajo.cl\/portal\/wp-json\/wp\/v2\/types\/post"}],"author":[{"embeddable":true,"href":"https:\/\/eltrabajo.cl\/portal\/wp-json\/wp\/v2\/users\/1"}],"replies":[{"embeddable":true,"href":"https:\/\/eltrabajo.cl\/portal\/wp-json\/wp\/v2\/comments?post=77212"}],"version-history":[{"count":0,"href":"https:\/\/eltrabajo.cl\/portal\/wp-json\/wp\/v2\/posts\/77212\/revisions"}],"wp:featuredmedia":[{"embeddable":true,"href":"https:\/\/eltrabajo.cl\/portal\/wp-json\/wp\/v2\/media\/77215"}],"wp:attachment":[{"href":"https:\/\/eltrabajo.cl\/portal\/wp-json\/wp\/v2\/media?parent=77212"}],"wp:term":[{"taxonomy":"category","embeddable":true,"href":"https:\/\/eltrabajo.cl\/portal\/wp-json\/wp\/v2\/categories?post=77212"},{"taxonomy":"post_tag","embeddable":true,"href":"https:\/\/eltrabajo.cl\/portal\/wp-json\/wp\/v2\/tags?post=77212"}],"curies":[{"name":"wp","href":"https:\/\/api.w.org\/{rel}","templated":true}]}}