{"id":77245,"date":"2017-02-15T07:41:19","date_gmt":"2017-02-15T11:41:19","guid":{"rendered":"http:\/\/www.eltrabajo.cl\/2017\/?p=77245"},"modified":"2017-02-15T07:41:19","modified_gmt":"2017-02-15T11:41:19","slug":"en-marzo-parte-nueva-norma-para-traslado-de-ninos-en-vehiculos-particulares","status":"publish","type":"post","link":"https:\/\/eltrabajo.cl\/portal\/en-marzo-parte-nueva-norma-para-traslado-de-ninos-en-vehiculos-particulares\/","title":{"rendered":"En marzo parte nueva norma para traslado de ni\u00f1os en veh\u00edculos particulares"},"content":{"rendered":"<figure id=\"attachment_77247\" aria-describedby=\"caption-attachment-77247\" style=\"width: 580px\" class=\"wp-caption alignnone\"><img data-recalc-dims=\"1\" loading=\"lazy\" decoding=\"async\" class=\"size-full wp-image-77247\" src=\"https:\/\/i0.wp.com\/www.eltrabajo.cl\/2017\/wp-content\/uploads\/2017\/02\/SeremiTT-Mauricio-Candia..jpg?resize=580%2C349\" alt=\"Seremi de Transportes y Telecomunicaciones de Valpara\u00edso,  Mauricio Candia.\" width=\"580\" height=\"349\" srcset=\"https:\/\/i0.wp.com\/eltrabajo.cl\/portal\/wp-content\/uploads\/2017\/02\/SeremiTT-Mauricio-Candia..jpg?w=580&amp;ssl=1 580w, https:\/\/i0.wp.com\/eltrabajo.cl\/portal\/wp-content\/uploads\/2017\/02\/SeremiTT-Mauricio-Candia..jpg?resize=200%2C120&amp;ssl=1 200w, https:\/\/i0.wp.com\/eltrabajo.cl\/portal\/wp-content\/uploads\/2017\/02\/SeremiTT-Mauricio-Candia..jpg?resize=300%2C181&amp;ssl=1 300w, https:\/\/i0.wp.com\/eltrabajo.cl\/portal\/wp-content\/uploads\/2017\/02\/SeremiTT-Mauricio-Candia..jpg?resize=249%2C150&amp;ssl=1 249w, https:\/\/i0.wp.com\/eltrabajo.cl\/portal\/wp-content\/uploads\/2017\/02\/SeremiTT-Mauricio-Candia..jpg?resize=400%2C241&amp;ssl=1 400w\" sizes=\"auto, (max-width: 580px) 100vw, 580px\" \/><figcaption id=\"caption-attachment-77247\" class=\"wp-caption-text\">Seremi de Transportes y Telecomunicaciones de Valpara\u00edso, Mauricio Candia.<\/figcaption><\/figure>\n<ul>\n<li><span style=\"color: #ff0000;\"><strong>Quienes no cumplan con la nueva legislaci\u00f3n se exponen a multas que van desde una a tres UTM (Unidad Tributaria Mensual), es decir, entre 46 y 138 mil pesos, con la consiguiente retenci\u00f3n de licencia de conducir de 5 a 35 d\u00edas.<\/strong><\/span><\/li>\n<\/ul>\n<p>El pr\u00f3ximo 16 de marzo, es decir, en exactamente un mes m\u00e1s, entrar\u00e1 en vigencia una nueva norma en la ley de tr\u00e1nsito. \u00c9sta, referente a diversas exigencias que deber\u00e1n cumplir los conductores de veh\u00edculos particulares que viajen acompa\u00f1ados de menores de edad.<br \/>\nEn primer lugar, ning\u00fan ni\u00f1o menor de 13 a\u00f1os podr\u00e1 viajar en el asiento del copiloto, teniendo que hacerlo siempre en la butaca trasera del m\u00f3vil. Junto con esto, ser\u00e1 obligatorio que estos infantes utilicen alg\u00fan sistema de retenci\u00f3n infantil, que permita brindarles un m\u00ednimo de seguridad en caso de verse involucrados en un accidente de tr\u00e1nsito.<br \/>\nAs\u00ed lo enfatiz\u00f3 el seremi de Transportes y Telecomunicaciones de Valpara\u00edso, Mauricio Candia, quien detall\u00f3 que \u201cexisten tres grandes familias de sillas para ni\u00f1os: la silla nido, para ni\u00f1os de 0 a 1 a\u00f1o; la butaca, que es para ni\u00f1os de 1 hasta m\u00e1s o menos los 4 a\u00f1os; y el alzador, que es una especie de coj\u00edn para los ni\u00f1os de 4 a\u00f1os hasta que midan sobre 1 metro 35 cent\u00edmetros donde ya perfectamente pueden utilizar el cintur\u00f3n de seguridad\u201d, especific\u00f3 Candia.<br \/>\nIndependiente del tipo de silla de seguridad que se utilice, existe una posici\u00f3n ideal para ubicarla en el asiento trasero: \u201cLa silla debe ir siempre en el asiento del medio de la parte trasera del veh\u00edculo, esto si el auto cuenta con un buen sistema de cintur\u00f3n de seguridad, el ni\u00f1o siempre debe ir sentado al medio, de tal formade no correr riesgos con accidentes o choques que puedan ser ocasionados por los costados\u201d, decret\u00f3 el seremi de Transporte de Valpara\u00edso, haciendo la salvedad, de que en el peor de los casos -si el auto no cuenta con un buen punto de anclaje en la zona central- el sistema de retenci\u00f3n debe ser posicionado atr\u00e1s del asiento del copiloto.<br \/>\nRespecto de la importancia que reviste cumplir con la normativa, el funcionario de Gobierno explic\u00f3 que \u201cun ni\u00f1o sentado al interior de un veh\u00edculo en un sistema de retenci\u00f3n infantil, disminuye la accidentabilidad con causa de muerte en casi un 70 %, por lo tanto, es obligatorio que a partir del 16 de marzo, todos los ni\u00f1os de la Provincia de San Felipe deben viajar sobre las conocidas sillas para guaguas\u201d, puntualiz\u00f3 la autoridad.<br \/>\nQuienes no cumplan con la nueva legislaci\u00f3n se exponen a multas que van desde 1 UTM (Unidad Tributaria Mensual) hasta las 3 UTM, es decir, entre 46 y 138 mil pesos, con la consiguiente retenci\u00f3n de licencia de conducir de 5 a 35 d\u00edas.<\/p>\n<figure id=\"attachment_77246\" aria-describedby=\"caption-attachment-77246\" style=\"width: 580px\" class=\"wp-caption alignnone\"><img data-recalc-dims=\"1\" loading=\"lazy\" decoding=\"async\" class=\"size-full wp-image-77246\" src=\"https:\/\/i0.wp.com\/www.eltrabajo.cl\/2017\/wp-content\/uploads\/2017\/02\/nueva-norma-traslado-menores.jpg?resize=580%2C349\" alt=\"A partir del 16 ser\u00e1 obligatorio utilizar alg\u00fan sistema de retenci\u00f3n infantil.\" width=\"580\" height=\"349\" srcset=\"https:\/\/i0.wp.com\/eltrabajo.cl\/portal\/wp-content\/uploads\/2017\/02\/nueva-norma-traslado-menores.jpg?w=580&amp;ssl=1 580w, https:\/\/i0.wp.com\/eltrabajo.cl\/portal\/wp-content\/uploads\/2017\/02\/nueva-norma-traslado-menores.jpg?resize=200%2C120&amp;ssl=1 200w, https:\/\/i0.wp.com\/eltrabajo.cl\/portal\/wp-content\/uploads\/2017\/02\/nueva-norma-traslado-menores.jpg?resize=300%2C181&amp;ssl=1 300w, https:\/\/i0.wp.com\/eltrabajo.cl\/portal\/wp-content\/uploads\/2017\/02\/nueva-norma-traslado-menores.jpg?resize=249%2C150&amp;ssl=1 249w, https:\/\/i0.wp.com\/eltrabajo.cl\/portal\/wp-content\/uploads\/2017\/02\/nueva-norma-traslado-menores.jpg?resize=400%2C241&amp;ssl=1 400w\" sizes=\"auto, (max-width: 580px) 100vw, 580px\" \/><figcaption id=\"caption-attachment-77246\" class=\"wp-caption-text\">A partir del 16 ser\u00e1 obligatorio utilizar alg\u00fan sistema de retenci\u00f3n infantil.<\/figcaption><\/figure>\n<p>&nbsp;<\/p>\n","protected":false},"excerpt":{"rendered":"<p>Quienes no cumplan con la nueva legislaci\u00f3n se exponen a multas que van desde una a tres UTM (Unidad Tributaria Mensual), es decir, entre 46 y 138 mil pesos, con la consiguiente&#8230;<\/p>\n","protected":false},"author":1,"featured_media":77246,"comment_status":"open","ping_status":"open","sticky":false,"template":"","format":"standard","meta":{"advanced_seo_description":"","jetpack_seo_html_title":"","jetpack_seo_noindex":false,"_jetpack_memberships_contains_paid_content":false,"footnotes":""},"categories":[1],"tags":[],"class_list":["post-77245","post","type-post","status-publish","format-standard","has-post-thumbnail","hentry","category-cronica"],"jetpack_featured_media_url":"https:\/\/i0.wp.com\/eltrabajo.cl\/portal\/wp-content\/uploads\/2017\/02\/nueva-norma-traslado-menores.jpg?fit=580%2C349&ssl=1","jetpack_sharing_enabled":true,"jetpack_likes_enabled":true,"jetpack-related-posts":[],"_links":{"self":[{"href":"https:\/\/eltrabajo.cl\/portal\/wp-json\/wp\/v2\/posts\/77245","targetHints":{"allow":["GET"]}}],"collection":[{"href":"https:\/\/eltrabajo.cl\/portal\/wp-json\/wp\/v2\/posts"}],"about":[{"href":"https:\/\/eltrabajo.cl\/portal\/wp-json\/wp\/v2\/types\/post"}],"author":[{"embeddable":true,"href":"https:\/\/eltrabajo.cl\/portal\/wp-json\/wp\/v2\/users\/1"}],"replies":[{"embeddable":true,"href":"https:\/\/eltrabajo.cl\/portal\/wp-json\/wp\/v2\/comments?post=77245"}],"version-history":[{"count":0,"href":"https:\/\/eltrabajo.cl\/portal\/wp-json\/wp\/v2\/posts\/77245\/revisions"}],"wp:featuredmedia":[{"embeddable":true,"href":"https:\/\/eltrabajo.cl\/portal\/wp-json\/wp\/v2\/media\/77246"}],"wp:attachment":[{"href":"https:\/\/eltrabajo.cl\/portal\/wp-json\/wp\/v2\/media?parent=77245"}],"wp:term":[{"taxonomy":"category","embeddable":true,"href":"https:\/\/eltrabajo.cl\/portal\/wp-json\/wp\/v2\/categories?post=77245"},{"taxonomy":"post_tag","embeddable":true,"href":"https:\/\/eltrabajo.cl\/portal\/wp-json\/wp\/v2\/tags?post=77245"}],"curies":[{"name":"wp","href":"https:\/\/api.w.org\/{rel}","templated":true}]}}