{"id":77254,"date":"2017-02-15T07:49:32","date_gmt":"2017-02-15T11:49:32","guid":{"rendered":"http:\/\/www.eltrabajo.cl\/2017\/?p=77254"},"modified":"2017-02-15T07:49:32","modified_gmt":"2017-02-15T11:49:32","slug":"continua-campana-para-escuelitas-del-sur-afectadas-por-incendios","status":"publish","type":"post","link":"https:\/\/eltrabajo.cl\/portal\/continua-campana-para-escuelitas-del-sur-afectadas-por-incendios\/","title":{"rendered":"Contin\u00faa campa\u00f1a para escuelitas del sur afectadas por incendios"},"content":{"rendered":"<figure id=\"attachment_77255\" aria-describedby=\"caption-attachment-77255\" style=\"width: 580px\" class=\"wp-caption alignnone\"><img data-recalc-dims=\"1\" loading=\"lazy\" decoding=\"async\" class=\"size-full wp-image-77255\" src=\"https:\/\/i0.wp.com\/www.eltrabajo.cl\/2017\/wp-content\/uploads\/2017\/02\/Kar2.jpg?resize=580%2C349\" alt=\"POCO A POCO.- Recursos como estos son los que nuestros lectores pueden donar en esta campa\u00f1a de Carnes Kar y Diario El Trabajo.\" width=\"580\" height=\"349\" srcset=\"https:\/\/i0.wp.com\/eltrabajo.cl\/portal\/wp-content\/uploads\/2017\/02\/Kar2.jpg?w=580&amp;ssl=1 580w, https:\/\/i0.wp.com\/eltrabajo.cl\/portal\/wp-content\/uploads\/2017\/02\/Kar2.jpg?resize=200%2C120&amp;ssl=1 200w, https:\/\/i0.wp.com\/eltrabajo.cl\/portal\/wp-content\/uploads\/2017\/02\/Kar2.jpg?resize=300%2C181&amp;ssl=1 300w, https:\/\/i0.wp.com\/eltrabajo.cl\/portal\/wp-content\/uploads\/2017\/02\/Kar2.jpg?resize=249%2C150&amp;ssl=1 249w, https:\/\/i0.wp.com\/eltrabajo.cl\/portal\/wp-content\/uploads\/2017\/02\/Kar2.jpg?resize=400%2C241&amp;ssl=1 400w\" sizes=\"auto, (max-width: 580px) 100vw, 580px\" \/><figcaption id=\"caption-attachment-77255\" class=\"wp-caption-text\">POCO A POCO.- Recursos como estos son los que nuestros lectores pueden donar en esta campa\u00f1a de Carnes Kar y Diario El Trabajo.<\/figcaption><\/figure>\n<p>Luego que la semana pasada iniciara otra campa\u00f1a solidaria para beneficio de quienes lo han perdido todo en el sur, por parte del personal y clientes de Carnes Kar, ayer martes decidimos visitar ese local comercial para conocer la cantidad de \u00fatiles escolares que ya se han recolectado.<br \/>\n\u00abLa respuesta ha sido positiva, algo t\u00edmida pero positiva, hay que comprender que hubo como seis campa\u00f1as al mismo tiempo durante la semana pasada, ahora nos corresponde a nosotros reforzar la nuestra, una iniciativa que va dirigida a los ni\u00f1os del sur, nos han donado cuadernos, l\u00e1pices de colores y mochilas llenas de \u00fatiles, quiero tambi\u00e9n solicitar a todos los sanfelipe\u00f1os que traigan cuadernos, ropa escolar y zapatitos para ni\u00f1os, todo esto ser\u00e1 para dos escuelas de las zonas afectadas por el fuego\u00bb, dijo a Diario El Trabajo el administrador de Carnes Kar, Juan Gonz\u00e1lez.<\/p>\n<p><strong>DOS ESCUELITAS<\/strong><br \/>\nEsta iniciativa, la desarrolla desde ayer jueves el personal de esta carnicer\u00eda sanfelipe\u00f1a, local comercial al que nuestros lectores pueden llevar cuadernos, mochilas escolares; l\u00e1pices y uniformes de escuela; zapatos y todo lo referente al mundo estudiantil.<br \/>\n\u00abEsta campa\u00f1a se mantendr\u00e1 por todo el mes de febrero, buscamos favorecer a una escuela de la Sexta y otra de la S\u00e9tima Regi\u00f3n, escuelas rurales por lo que esperamos el coraz\u00f3n solidario de los sanfelipe\u00f1os, tambi\u00e9n estamos aceptando juguetes para p\u00e1rvulos, todo lo que a un ni\u00f1o le pueda ayudar a su mundo escolar\u00bb, coment\u00f3 Gonz\u00e1lez.<br \/>\n<strong>Roberto Gonz\u00e1lez Short<\/strong><\/p>\n<figure id=\"attachment_77256\" aria-describedby=\"caption-attachment-77256\" style=\"width: 580px\" class=\"wp-caption alignnone\"><img data-recalc-dims=\"1\" loading=\"lazy\" decoding=\"async\" class=\"size-full wp-image-77256\" src=\"https:\/\/i0.wp.com\/www.eltrabajo.cl\/2017\/wp-content\/uploads\/2017\/02\/Kar1.jpg?resize=580%2C350\" alt=\"TODO FEBRERO.- Empleados de Carnes Kar muestran a Diario El Trabajo los \u00fatiles que ya est\u00e1n llegando a ese local, los que ir\u00e1n directamente a escuelas del sur.\" width=\"580\" height=\"350\" srcset=\"https:\/\/i0.wp.com\/eltrabajo.cl\/portal\/wp-content\/uploads\/2017\/02\/Kar1.jpg?w=580&amp;ssl=1 580w, https:\/\/i0.wp.com\/eltrabajo.cl\/portal\/wp-content\/uploads\/2017\/02\/Kar1.jpg?resize=200%2C121&amp;ssl=1 200w, https:\/\/i0.wp.com\/eltrabajo.cl\/portal\/wp-content\/uploads\/2017\/02\/Kar1.jpg?resize=300%2C181&amp;ssl=1 300w, https:\/\/i0.wp.com\/eltrabajo.cl\/portal\/wp-content\/uploads\/2017\/02\/Kar1.jpg?resize=249%2C150&amp;ssl=1 249w, https:\/\/i0.wp.com\/eltrabajo.cl\/portal\/wp-content\/uploads\/2017\/02\/Kar1.jpg?resize=400%2C241&amp;ssl=1 400w\" sizes=\"auto, (max-width: 580px) 100vw, 580px\" \/><figcaption id=\"caption-attachment-77256\" class=\"wp-caption-text\">TODO FEBRERO.- Empleados de Carnes Kar muestran a Diario El Trabajo los \u00fatiles que ya est\u00e1n llegando a ese local, los que ir\u00e1n directamente a escuelas del sur.<\/figcaption><\/figure>\n","protected":false},"excerpt":{"rendered":"<p>Luego que la semana pasada iniciara otra campa\u00f1a solidaria para beneficio de quienes lo han perdido todo en el sur, por parte del personal y clientes de Carnes Kar, ayer martes decidimos&#8230;<\/p>\n","protected":false},"author":1,"featured_media":77256,"comment_status":"open","ping_status":"open","sticky":false,"template":"","format":"standard","meta":{"advanced_seo_description":"","jetpack_seo_html_title":"","jetpack_seo_noindex":false,"_jetpack_memberships_contains_paid_content":false,"footnotes":""},"categories":[15],"tags":[],"class_list":["post-77254","post","type-post","status-publish","format-standard","has-post-thumbnail","hentry","category-comunidad"],"jetpack_featured_media_url":"https:\/\/i0.wp.com\/eltrabajo.cl\/portal\/wp-content\/uploads\/2017\/02\/Kar1.jpg?fit=580%2C350&ssl=1","jetpack_sharing_enabled":true,"jetpack_likes_enabled":true,"jetpack-related-posts":[],"_links":{"self":[{"href":"https:\/\/eltrabajo.cl\/portal\/wp-json\/wp\/v2\/posts\/77254","targetHints":{"allow":["GET"]}}],"collection":[{"href":"https:\/\/eltrabajo.cl\/portal\/wp-json\/wp\/v2\/posts"}],"about":[{"href":"https:\/\/eltrabajo.cl\/portal\/wp-json\/wp\/v2\/types\/post"}],"author":[{"embeddable":true,"href":"https:\/\/eltrabajo.cl\/portal\/wp-json\/wp\/v2\/users\/1"}],"replies":[{"embeddable":true,"href":"https:\/\/eltrabajo.cl\/portal\/wp-json\/wp\/v2\/comments?post=77254"}],"version-history":[{"count":0,"href":"https:\/\/eltrabajo.cl\/portal\/wp-json\/wp\/v2\/posts\/77254\/revisions"}],"wp:featuredmedia":[{"embeddable":true,"href":"https:\/\/eltrabajo.cl\/portal\/wp-json\/wp\/v2\/media\/77256"}],"wp:attachment":[{"href":"https:\/\/eltrabajo.cl\/portal\/wp-json\/wp\/v2\/media?parent=77254"}],"wp:term":[{"taxonomy":"category","embeddable":true,"href":"https:\/\/eltrabajo.cl\/portal\/wp-json\/wp\/v2\/categories?post=77254"},{"taxonomy":"post_tag","embeddable":true,"href":"https:\/\/eltrabajo.cl\/portal\/wp-json\/wp\/v2\/tags?post=77254"}],"curies":[{"name":"wp","href":"https:\/\/api.w.org\/{rel}","templated":true}]}}