{"id":77258,"date":"2017-02-15T07:58:47","date_gmt":"2017-02-15T11:58:47","guid":{"rendered":"http:\/\/www.eltrabajo.cl\/2017\/?p=77258"},"modified":"2017-02-15T07:58:47","modified_gmt":"2017-02-15T11:58:47","slug":"piden-limpiar-tubos-bajo-la-calzada-y-que-causan-aniegos-en-ohiggins","status":"publish","type":"post","link":"https:\/\/eltrabajo.cl\/portal\/piden-limpiar-tubos-bajo-la-calzada-y-que-causan-aniegos-en-ohiggins\/","title":{"rendered":"Piden limpiar tubos bajo la calzada y que causan aniegos en O&#8217;Higgins"},"content":{"rendered":"<figure id=\"attachment_77259\" aria-describedby=\"caption-attachment-77259\" style=\"width: 580px\" class=\"wp-caption alignnone\"><img data-recalc-dims=\"1\" loading=\"lazy\" decoding=\"async\" class=\"size-full wp-image-77259\" src=\"https:\/\/i0.wp.com\/www.eltrabajo.cl\/2017\/wp-content\/uploads\/2017\/02\/Pablo-Moreno-claudio-paredes.jpg?resize=580%2C350\" alt=\"Pablo Moreno (izquierda), vecino que pidi\u00f3 ser escuchado por nuestro medio y por las autoridades. Claudio Paredes, Secplac de San Felipe.\" width=\"580\" height=\"350\" srcset=\"https:\/\/i0.wp.com\/eltrabajo.cl\/portal\/wp-content\/uploads\/2017\/02\/Pablo-Moreno-claudio-paredes.jpg?w=580&amp;ssl=1 580w, https:\/\/i0.wp.com\/eltrabajo.cl\/portal\/wp-content\/uploads\/2017\/02\/Pablo-Moreno-claudio-paredes.jpg?resize=200%2C121&amp;ssl=1 200w, https:\/\/i0.wp.com\/eltrabajo.cl\/portal\/wp-content\/uploads\/2017\/02\/Pablo-Moreno-claudio-paredes.jpg?resize=300%2C181&amp;ssl=1 300w, https:\/\/i0.wp.com\/eltrabajo.cl\/portal\/wp-content\/uploads\/2017\/02\/Pablo-Moreno-claudio-paredes.jpg?resize=249%2C150&amp;ssl=1 249w, https:\/\/i0.wp.com\/eltrabajo.cl\/portal\/wp-content\/uploads\/2017\/02\/Pablo-Moreno-claudio-paredes.jpg?resize=400%2C241&amp;ssl=1 400w\" sizes=\"auto, (max-width: 580px) 100vw, 580px\" \/><figcaption id=\"caption-attachment-77259\" class=\"wp-caption-text\">Pablo Moreno (izquierda), vecino que pidi\u00f3 ser escuchado por nuestro medio y por las autoridades. Claudio Paredes, Secplac de San Felipe.<\/figcaption><\/figure>\n<ul>\n<li><span style=\"color: #ff0000;\"><strong>Aprovechando que canal est\u00e1 seco por trabajos:<\/strong><\/span><\/li>\n<\/ul>\n<p>Una preocupante situaci\u00f3n es la que est\u00e1n denunciando algunos vecinos que viven en las cercan\u00edas de la alameda O&#8217;Higgins, pues ven c\u00f3mo algunas c\u00e1maras y tuber\u00edas de los canales est\u00e1n tapados con botellas y barro, siendo la oportunidad hist\u00f3rica para limpiar los tubos que pasan bajo la calzada y evitar as\u00ed el eterno problema de anegamientos que todos los a\u00f1os afecta especialmente a esa alameda.<br \/>\n\u00abEste problema no me afecta solo a m\u00ed como vecino, sino tambi\u00e9n que a toda la comunidad, muchas veces en plena ma\u00f1ana veo a vecinas levant\u00e1ndose sus faldas para poder pasar la calle para poder ir al consultorio. Lo que vemos ac\u00e1 es que el Municipio limpia el canal, pero no la c\u00e1mara, hay que valorar si estas tuber\u00edas est\u00e1n buenas, para ver si hay que limpiarlas o cambiarlas, aprovechando que el canal est\u00e1 seco\u00bb, coment\u00f3 a Diario El Trabajo el vecino Pablo Moreno.<\/p>\n<p><strong>SECPLA RESPONDE<\/strong><br \/>\nDiario El Trabajo hizo una inspecci\u00f3n en el lugar, y efectivamente algunos canales y sus c\u00e1maras est\u00e1n tapadas, es por ello que buscamos respuesta con Claudio Paredes, Secplac del Municipio: \u00abLa Municipalidad hemos realizado una limpieza permanente en los espacios que nos corresponde, nuestro personal est\u00e1 siempre alerta con este tema, los mismos sanfelipe\u00f1os tiran mucha basura y botellas en esos canales, lo que genera el problema. Esos canales son nuestra responsabilidad, todas las semanas limpiamos esos canales, lo hacemos siempre, no porque est\u00e9n estas obras en las v\u00edas es que tenemos que hacerlo, lo hacemos siempre\u00bb, dijo el funcionario municipal.<\/p>\n<figure id=\"attachment_77260\" aria-describedby=\"caption-attachment-77260\" style=\"width: 580px\" class=\"wp-caption alignnone\"><img data-recalc-dims=\"1\" loading=\"lazy\" decoding=\"async\" class=\"size-full wp-image-77260\" src=\"https:\/\/i0.wp.com\/www.eltrabajo.cl\/2017\/wp-content\/uploads\/2017\/02\/Taco1.jpg?resize=580%2C348\" alt=\"PREOCUPANTE SITUACI\u00d3N.- As\u00ed est\u00e1n algunas c\u00e1maras de los canales en alameda Bernardo O\u2019Higgins, el Municipio asegura que se limpian semanalmente, mientras que los vecinos afirman lo contrario.\" width=\"580\" height=\"348\" srcset=\"https:\/\/i0.wp.com\/eltrabajo.cl\/portal\/wp-content\/uploads\/2017\/02\/Taco1.jpg?w=580&amp;ssl=1 580w, https:\/\/i0.wp.com\/eltrabajo.cl\/portal\/wp-content\/uploads\/2017\/02\/Taco1.jpg?resize=200%2C120&amp;ssl=1 200w, https:\/\/i0.wp.com\/eltrabajo.cl\/portal\/wp-content\/uploads\/2017\/02\/Taco1.jpg?resize=300%2C180&amp;ssl=1 300w, https:\/\/i0.wp.com\/eltrabajo.cl\/portal\/wp-content\/uploads\/2017\/02\/Taco1.jpg?resize=250%2C150&amp;ssl=1 250w, https:\/\/i0.wp.com\/eltrabajo.cl\/portal\/wp-content\/uploads\/2017\/02\/Taco1.jpg?resize=400%2C240&amp;ssl=1 400w\" sizes=\"auto, (max-width: 580px) 100vw, 580px\" \/><figcaption id=\"caption-attachment-77260\" class=\"wp-caption-text\">PREOCUPANTE SITUACI\u00d3N.- As\u00ed est\u00e1n algunas c\u00e1maras de los canales en alameda Bernardo O\u2019Higgins, el Municipio asegura que se limpian semanalmente, mientras que los vecinos afirman lo contrario.<\/figcaption><\/figure>\n","protected":false},"excerpt":{"rendered":"<p>Aprovechando que canal est\u00e1 seco por trabajos: Una preocupante situaci\u00f3n es la que est\u00e1n denunciando algunos vecinos que viven en las cercan\u00edas de la alameda O&#8217;Higgins, pues ven c\u00f3mo algunas c\u00e1maras y&#8230;<\/p>\n","protected":false},"author":1,"featured_media":77261,"comment_status":"open","ping_status":"open","sticky":false,"template":"","format":"standard","meta":{"advanced_seo_description":"","jetpack_seo_html_title":"","jetpack_seo_noindex":false,"_jetpack_memberships_contains_paid_content":false,"footnotes":""},"categories":[15],"tags":[44,27],"class_list":["post-77258","post","type-post","status-publish","format-standard","has-post-thumbnail","hentry","category-comunidad","tag-denuncia","tag-san-felipe"],"jetpack_featured_media_url":"https:\/\/i0.wp.com\/eltrabajo.cl\/portal\/wp-content\/uploads\/2017\/02\/Taco2.jpg?fit=580%2C349&ssl=1","jetpack_sharing_enabled":true,"jetpack_likes_enabled":true,"jetpack-related-posts":[],"_links":{"self":[{"href":"https:\/\/eltrabajo.cl\/portal\/wp-json\/wp\/v2\/posts\/77258","targetHints":{"allow":["GET"]}}],"collection":[{"href":"https:\/\/eltrabajo.cl\/portal\/wp-json\/wp\/v2\/posts"}],"about":[{"href":"https:\/\/eltrabajo.cl\/portal\/wp-json\/wp\/v2\/types\/post"}],"author":[{"embeddable":true,"href":"https:\/\/eltrabajo.cl\/portal\/wp-json\/wp\/v2\/users\/1"}],"replies":[{"embeddable":true,"href":"https:\/\/eltrabajo.cl\/portal\/wp-json\/wp\/v2\/comments?post=77258"}],"version-history":[{"count":0,"href":"https:\/\/eltrabajo.cl\/portal\/wp-json\/wp\/v2\/posts\/77258\/revisions"}],"wp:featuredmedia":[{"embeddable":true,"href":"https:\/\/eltrabajo.cl\/portal\/wp-json\/wp\/v2\/media\/77261"}],"wp:attachment":[{"href":"https:\/\/eltrabajo.cl\/portal\/wp-json\/wp\/v2\/media?parent=77258"}],"wp:term":[{"taxonomy":"category","embeddable":true,"href":"https:\/\/eltrabajo.cl\/portal\/wp-json\/wp\/v2\/categories?post=77258"},{"taxonomy":"post_tag","embeddable":true,"href":"https:\/\/eltrabajo.cl\/portal\/wp-json\/wp\/v2\/tags?post=77258"}],"curies":[{"name":"wp","href":"https:\/\/api.w.org\/{rel}","templated":true}]}}