{"id":77270,"date":"2017-02-16T07:58:03","date_gmt":"2017-02-16T11:58:03","guid":{"rendered":"http:\/\/www.eltrabajo.cl\/2017\/?p=77270"},"modified":"2017-02-16T07:58:03","modified_gmt":"2017-02-16T11:58:03","slug":"pese-al-caos-vial-en-la-ciudad-autoridades-esperan-normal-regreso-a-clases","status":"publish","type":"post","link":"https:\/\/eltrabajo.cl\/portal\/pese-al-caos-vial-en-la-ciudad-autoridades-esperan-normal-regreso-a-clases\/","title":{"rendered":"Pese al caos vial en la ciudad, autoridades esperan normal \u2018regreso a clases\u2019"},"content":{"rendered":"<p><img data-recalc-dims=\"1\" loading=\"lazy\" decoding=\"async\" class=\"alignnone size-full wp-image-77271\" src=\"https:\/\/i0.wp.com\/www.eltrabajo.cl\/2017\/wp-content\/uploads\/2017\/02\/Reparaciones33.jpg?resize=580%2C348\" alt=\"\" width=\"580\" height=\"348\" srcset=\"https:\/\/i0.wp.com\/eltrabajo.cl\/portal\/wp-content\/uploads\/2017\/02\/Reparaciones33.jpg?w=580&amp;ssl=1 580w, https:\/\/i0.wp.com\/eltrabajo.cl\/portal\/wp-content\/uploads\/2017\/02\/Reparaciones33.jpg?resize=200%2C120&amp;ssl=1 200w, https:\/\/i0.wp.com\/eltrabajo.cl\/portal\/wp-content\/uploads\/2017\/02\/Reparaciones33.jpg?resize=300%2C180&amp;ssl=1 300w, https:\/\/i0.wp.com\/eltrabajo.cl\/portal\/wp-content\/uploads\/2017\/02\/Reparaciones33.jpg?resize=250%2C150&amp;ssl=1 250w, https:\/\/i0.wp.com\/eltrabajo.cl\/portal\/wp-content\/uploads\/2017\/02\/Reparaciones33.jpg?resize=400%2C240&amp;ssl=1 400w\" sizes=\"auto, (max-width: 580px) 100vw, 580px\" \/><\/p>\n<ul>\n<li><span style=\"color: #ff0000;\"><strong>Municipio pedir\u00e1 a constructoras a terminar antes los trabajos:<\/strong><\/span><\/li>\n<\/ul>\n<p>Para nadie es un secreto que las reparaciones en las calles de las alamedas de nuestra ciudad han generado en los \u00faltimos meses un estr\u00e9s colectivo y generalizado, esto porque a ra\u00edz de estas obras se generan grandes tacos en las calles, y tambi\u00e9n porque muchos puntos de ingreso al damero central simplemente est\u00e1n inhabilitados.<br \/>\nLa situaci\u00f3n tiende a ponerse m\u00e1s complicada si tomamos en cuenta que en pocas semanas ingresar\u00e1n decenas de miles de ni\u00f1os para iniciar su a\u00f1o escolar 2017, gran parte de ellos lo har\u00e1n en escuelas del centro de San Felipe, por lo que a las 11:00 horas de este martes en uno de los salones de la municipalidad, autoridades edilicias sostuvieron una amplia reuni\u00f3n con las Fuerzas Vivas de nuestra comuna, a fin de coordinar acciones dirigidas a evitar un mayor caos, especialmente para esta fecha tan importante.<\/p>\n<p><strong>UN GRAN DESAF\u00cdO<\/strong><br \/>\nDiario El Trabajo habl\u00f3 ayer con el Secpla Claudio Paredes, quien explic\u00f3 a nuestro medio que \u00ablo que tuvimos ayer es una reuni\u00f3n con Carabineros, con el Serviu, Esval, algunas empresas que tienen a cargo las obras en las v\u00edas, los profesionales del Municipio y Tr\u00e1nsito, en esa reuni\u00f3n valoramos las adversidades que puedan haber al ingreso de clases, buscamos evitar o desminuir las molestias para los padres y ni\u00f1os en general (\u2026) buscamos tambi\u00e9n revisar con estas empresas los cortes que se deben hacer, con Carabineros buscamos una adecuada coordinaci\u00f3n operativa para ayudar a descongestionar las calles en las horas claves de ingreso y salida de clases, as\u00ed tambi\u00e9n estamos viendo c\u00f3mo acelerar que estas empresas terminen lo m\u00e1s antes posible los trabajos en las alamedas, por eso el pr\u00f3ximo martes sostendremos otra reuni\u00f3n en busca de los mismos objetivos\u00bb, explic\u00f3 Paredes.<\/p>\n<p><strong>GRAN OPERATIVO<\/strong><br \/>\nTambi\u00e9n el Teniente de Carabineros, C\u00e9sar Bustamante, tuvo palabras para nuestros lectores, \u00abindependientemente a los trabajos que se est\u00e1n realizando en San Felipe en materia de v\u00edas, Carabineros tiene contemplado a nivel nacional un amplio operativo en lo que respecta al inicio del a\u00f1o escolar, tendremos carabineros en punto fijo y en intersecciones, esto para regular el flujo vehicular y de cualquier problema que pueda generarse, a los apoderados les puedo decir que nuestros uniformados est\u00e1n disponibles en las cercan\u00edas de cada escuela, para que tambi\u00e9n en cualquier situaci\u00f3n ellos puedan recurrir a ellos con toda confianza para pedir apoyo\u00bb, indic\u00f3 el Teniente Bustamante.<\/p>\n<p><strong>HABLA DIRECTORA<\/strong><br \/>\nQuisimos tambi\u00e9n conocer la opini\u00f3n de la directora de una de las c\u00e9ntricas escuelas de nuestra ciudad, Ximena Baquedano, quien est\u00e1 al frente de la Escuela Jos\u00e9 de San Mart\u00edn, \u00abla Escuela Jos\u00e9 de San Mart\u00edn, consciente de las posibles dificultades que puedan enfrentar nuestros padres y apoderados para llegar a las escuela, que se encuentra en el centro de la ciudad, y debido a la ejecuci\u00f3n del proyecto de ciclov\u00edas e intervenci\u00f3n de los cruces de calles, es que se enviar\u00e1 en los pr\u00f3ximos d\u00edas un plan de contingencia que permita facilitar el retorno de los alumnos a este nuevo a\u00f1o escolar. Sin embargo, debo se\u00f1alar que se espera que la mayor\u00eda de los cruces de calles de las alamedas se encuentren habilitados ya para el 6 de marzo. Es por ello que se estar\u00e1 evaluando la situaci\u00f3n en conjunto con autoridades educacionales con el objetivo de resguardar el bienestar de toda la comunidad escolar\u00bb, explic\u00f3 Baquedano a Diario El Trabajo.<br \/>\n<strong>Roberto Gonz\u00e1lez Short<\/strong><\/p>\n<figure id=\"attachment_77273\" aria-describedby=\"caption-attachment-77273\" style=\"width: 580px\" class=\"wp-caption alignnone\"><img data-recalc-dims=\"1\" loading=\"lazy\" decoding=\"async\" class=\"size-full wp-image-77273\" src=\"https:\/\/i0.wp.com\/www.eltrabajo.cl\/2017\/wp-content\/uploads\/2017\/02\/Reparaciones28.jpg?resize=580%2C348\" alt=\"TRABAJO COORDINADO.- Las autoridades anuncian que har\u00e1n todo lo posible para que el regreso a clases sea lo m\u00e1s normal posible.\" width=\"580\" height=\"348\" srcset=\"https:\/\/i0.wp.com\/eltrabajo.cl\/portal\/wp-content\/uploads\/2017\/02\/Reparaciones28.jpg?w=580&amp;ssl=1 580w, https:\/\/i0.wp.com\/eltrabajo.cl\/portal\/wp-content\/uploads\/2017\/02\/Reparaciones28.jpg?resize=200%2C120&amp;ssl=1 200w, https:\/\/i0.wp.com\/eltrabajo.cl\/portal\/wp-content\/uploads\/2017\/02\/Reparaciones28.jpg?resize=300%2C180&amp;ssl=1 300w, https:\/\/i0.wp.com\/eltrabajo.cl\/portal\/wp-content\/uploads\/2017\/02\/Reparaciones28.jpg?resize=250%2C150&amp;ssl=1 250w, https:\/\/i0.wp.com\/eltrabajo.cl\/portal\/wp-content\/uploads\/2017\/02\/Reparaciones28.jpg?resize=400%2C240&amp;ssl=1 400w\" sizes=\"auto, (max-width: 580px) 100vw, 580px\" \/><figcaption id=\"caption-attachment-77273\" class=\"wp-caption-text\">TRABAJO COORDINADO.- Las autoridades anuncian que har\u00e1n todo lo posible para que el regreso a clases sea lo m\u00e1s normal posible.<\/figcaption><\/figure>\n","protected":false},"excerpt":{"rendered":"<p>Municipio pedir\u00e1 a constructoras a terminar antes los trabajos: Para nadie es un secreto que las reparaciones en las calles de las alamedas de nuestra ciudad han generado en los \u00faltimos meses&#8230;<\/p>\n","protected":false},"author":1,"featured_media":77273,"comment_status":"open","ping_status":"open","sticky":false,"template":"","format":"standard","meta":{"advanced_seo_description":"","jetpack_seo_html_title":"","jetpack_seo_noindex":false,"_jetpack_memberships_contains_paid_content":false,"footnotes":""},"categories":[1],"tags":[],"class_list":["post-77270","post","type-post","status-publish","format-standard","has-post-thumbnail","hentry","category-cronica"],"jetpack_featured_media_url":"https:\/\/i0.wp.com\/eltrabajo.cl\/portal\/wp-content\/uploads\/2017\/02\/Reparaciones28.jpg?fit=580%2C348&ssl=1","jetpack_sharing_enabled":true,"jetpack_likes_enabled":true,"jetpack-related-posts":[],"_links":{"self":[{"href":"https:\/\/eltrabajo.cl\/portal\/wp-json\/wp\/v2\/posts\/77270","targetHints":{"allow":["GET"]}}],"collection":[{"href":"https:\/\/eltrabajo.cl\/portal\/wp-json\/wp\/v2\/posts"}],"about":[{"href":"https:\/\/eltrabajo.cl\/portal\/wp-json\/wp\/v2\/types\/post"}],"author":[{"embeddable":true,"href":"https:\/\/eltrabajo.cl\/portal\/wp-json\/wp\/v2\/users\/1"}],"replies":[{"embeddable":true,"href":"https:\/\/eltrabajo.cl\/portal\/wp-json\/wp\/v2\/comments?post=77270"}],"version-history":[{"count":0,"href":"https:\/\/eltrabajo.cl\/portal\/wp-json\/wp\/v2\/posts\/77270\/revisions"}],"wp:featuredmedia":[{"embeddable":true,"href":"https:\/\/eltrabajo.cl\/portal\/wp-json\/wp\/v2\/media\/77273"}],"wp:attachment":[{"href":"https:\/\/eltrabajo.cl\/portal\/wp-json\/wp\/v2\/media?parent=77270"}],"wp:term":[{"taxonomy":"category","embeddable":true,"href":"https:\/\/eltrabajo.cl\/portal\/wp-json\/wp\/v2\/categories?post=77270"},{"taxonomy":"post_tag","embeddable":true,"href":"https:\/\/eltrabajo.cl\/portal\/wp-json\/wp\/v2\/tags?post=77270"}],"curies":[{"name":"wp","href":"https:\/\/api.w.org\/{rel}","templated":true}]}}