{"id":77282,"date":"2017-02-16T08:11:45","date_gmt":"2017-02-16T12:11:45","guid":{"rendered":"http:\/\/www.eltrabajo.cl\/2017\/?p=77282"},"modified":"2017-02-16T08:11:45","modified_gmt":"2017-02-16T12:11:45","slug":"familia-exige-agilizar-busqueda-de-camionero-desaparecido-hace-dos-meses","status":"publish","type":"post","link":"https:\/\/eltrabajo.cl\/portal\/familia-exige-agilizar-busqueda-de-camionero-desaparecido-hace-dos-meses\/","title":{"rendered":"Familia exige agilizar b\u00fasqueda de camionero desaparecido hace dos meses"},"content":{"rendered":"<figure id=\"attachment_77283\" aria-describedby=\"caption-attachment-77283\" style=\"width: 580px\" class=\"wp-caption alignnone\"><img data-recalc-dims=\"1\" loading=\"lazy\" decoding=\"async\" class=\"size-full wp-image-77283\" src=\"https:\/\/i0.wp.com\/www.eltrabajo.cl\/2017\/wp-content\/uploads\/2017\/02\/RUPERTO-SILVA-ABARCA.jpg?resize=580%2C348\" alt=\"Ruperto Silva Abarca de 45 a\u00f1os de edad desapareci\u00f3 el 11 de diciembre del 2016 desde la comuna de Llay Llay, su familia lo busca desesperadamente suplicando cualquier tipo de informaci\u00f3n a Carabineros de San Felipe y Llay Llay.\" width=\"580\" height=\"348\" srcset=\"https:\/\/i0.wp.com\/eltrabajo.cl\/portal\/wp-content\/uploads\/2017\/02\/RUPERTO-SILVA-ABARCA.jpg?w=580&amp;ssl=1 580w, https:\/\/i0.wp.com\/eltrabajo.cl\/portal\/wp-content\/uploads\/2017\/02\/RUPERTO-SILVA-ABARCA.jpg?resize=200%2C120&amp;ssl=1 200w, https:\/\/i0.wp.com\/eltrabajo.cl\/portal\/wp-content\/uploads\/2017\/02\/RUPERTO-SILVA-ABARCA.jpg?resize=300%2C180&amp;ssl=1 300w, https:\/\/i0.wp.com\/eltrabajo.cl\/portal\/wp-content\/uploads\/2017\/02\/RUPERTO-SILVA-ABARCA.jpg?resize=250%2C150&amp;ssl=1 250w, https:\/\/i0.wp.com\/eltrabajo.cl\/portal\/wp-content\/uploads\/2017\/02\/RUPERTO-SILVA-ABARCA.jpg?resize=400%2C240&amp;ssl=1 400w\" sizes=\"auto, (max-width: 580px) 100vw, 580px\" \/><figcaption id=\"caption-attachment-77283\" class=\"wp-caption-text\">Ruperto Silva Abarca de 45 a\u00f1os de edad desapareci\u00f3 el 11 de diciembre del 2016 desde la comuna de Llay Llay, su familia lo busca desesperadamente suplicando cualquier tipo de informaci\u00f3n a Carabineros de San Felipe y Llay Llay.<\/figcaption><\/figure>\n<ul>\n<li><strong><span style=\"color: #ff0000;\">Paradero de hombre de 45 a\u00f1os es un completo enigma:<\/span>\u00a0Ruperto Silva Abarca, abandon\u00f3 su domicilio en la comuna de Llay Llay el 11 de diciembre del 2016, desde ese d\u00eda su familia lo busca intensamente, requiriendo la ayuda a las autoridades competentes en estos casos.<\/strong><\/li>\n<\/ul>\n<p>Han pasado m\u00e1s de dos meses de la misteriosa desaparici\u00f3n de Ruperto Silva Abarca de 45 a\u00f1os de edad, quien el 11 de diciembre del 2016 abandon\u00f3 repentinamente su vivienda en la comuna de Llay Llay, sin que hasta el momento sus familiares consternados por una presunta desgracia, mantengan alguna pista de su paradero pese a recurrir a las autoridades y redes sociales en su intensa b\u00fasqueda.<br \/>\nDesde el d\u00eda de la desaparici\u00f3n de Ruperto, quien realizaba labores como chofer de camiones, su familia ha recorrido distintos puntos de la comuna de Llay Llay pegando afiches o preguntando puerta a puerta si alg\u00fan vecino lo habr\u00eda visto circulando por alg\u00fan sector, tras las primeras informaciones que el requerido vagaba por la l\u00ednea f\u00e9rrea en un sector rural de esa localidad, sin resultados positivos.<br \/>\nLa madre de Ruperto junto a su media hermana, estamparon una denuncia por presunta desgracia en Carabineros de la comuna de La Granja en Santiago. Gabriela Silva asegur\u00f3 a Diario El Trabajo que el parte policial fue derivado a principios de este a\u00f1o a la Fiscal\u00eda de San Felipe, quedando a la espera de las diligencias a cargo de la Unidad de B\u00fasqueda de Personas Desaparecidas de la Segunda Comisar\u00eda de San Felipe.<br \/>\n<strong>-\u00bfExiste alg\u00fan antecedente sobre el paradero de su hermano?<\/strong><br \/>\n-Nosotros viajamos hasta Llay Llay pegamos afiches con fotos, nos ha llamado gente que dar\u00edan aviso a Carabineros, es la \u00fanica forma de saber algo porque nosotros vivimos en Santiago entonces si alguien me llama dici\u00e9ndome que hace 20 minutos ha visto a mi hermano, es imposible llegar a tiempo hacia all\u00e1. La \u00faltima vez me llam\u00f3 una persona la quincena de enero y otra persona a trav\u00e9s de Facebook diciendo que: conoc\u00eda a mi hermano y que hab\u00eda conversado con \u00e9l y que le hab\u00eda dicho los motivos para abandonar su casa y su pareja.<br \/>\n<strong>-\u00bfEsa persona le revel\u00f3 los motivos de la desaparici\u00f3n?<\/strong><br \/>\n-\u00c9l le habr\u00eda revelado que tendr\u00eda problemas con las drogas y por ese motivo habr\u00eda abandonado su casa, que no quer\u00eda ser una molestia para nadie, pero no tengo la certeza que eso sea cierto, porque es una respuesta que me dieron por Facebook.<br \/>\n<strong>-\u00bfHan recurrido a Carabineros de San Felipe?<\/strong><br \/>\n-Mi hermana viaj\u00f3 a la Fiscal\u00eda de San Felipe, pidieron una audiencia con Carabineros con la persona encargada por presunta desgracia y que comenzar\u00edan una b\u00fasqueda pero hasta el d\u00eda de hoy no hemos tenido respuestas por parte de ellos. Como mi hermano desapareci\u00f3 en Llay Llay, derivaron el caso a la Fiscal\u00eda de San Felipe, pero Correos de Chile se demor\u00f3 como tres semanas en enviar ese parte desde la Comisar\u00eda de La Granja y lleg\u00f3 a esa Fiscal\u00eda como el 2 o 3 de enero, ah\u00ed supimos que el caso quedar\u00eda en manos de Carabineros.<br \/>\n<strong>&#8211; Cada d\u00eda que transcurre aumenta la angustia por no saber de su hermano.<\/strong><br \/>\n-Nosotros estamos muy mal con esta situaci\u00f3n, Llay Llay no es una comuna grande como Santiago, entonces para m\u00ed es como que no se ha realizado bien la b\u00fasqueda, no sabemos si seguir\u00e1 mi hermano transitando en Llay Llay, si est\u00e1 vivo o no, no tenemos esa certeza. Si estar\u00e1 en Catemu que est\u00e1 cerca no tenemos idea, se supone que Carabineros deber\u00eda hacer eso, pero no tienen un departamento de b\u00fasqueda, lo que s\u00e9, es que si ven a mi hermano y le practican un control de identidad ah\u00ed se dar\u00e1n cuenta que tiene una denuncia por presunta desgracia.<br \/>\n<strong>-\u00bfUn llamado a la autoridades para que agilicen la b\u00fasqueda?<\/strong><br \/>\n-Ser\u00eda lo ideal porque pienso que ni siquiera lo han buscado, porque no me cabe en la cabeza que en una comuna chica, Carabineros no encuentre a una persona, anteriormente yo recorr\u00ed Llay Llay pr\u00e1cticamente sola buscando, si hay gente que me dice que estar\u00eda all\u00e1, entonces Carabineros ya deber\u00eda haberlo encontrado (\u2026) ahora si \u00e9l quiere vivir en situaci\u00f3n de calle, nosotros queremos saber si est\u00e1 vivo, si necesita ayuda o quiere volver a la casa eso es lo que nosotros queremos saber.<br \/>\nGabriela Silva Tapia concluye que si alg\u00fan lector mantiene alguna informaci\u00f3n sobre el paradero de Ruperto Silva, favor comunicarse con Carabineros o directamente a su tel\u00e9fono m\u00f3vil: 977913207<br \/>\n<strong>Pablo Salinas Sald\u00edas<\/strong><\/p>\n","protected":false},"excerpt":{"rendered":"<p>Paradero de hombre de 45 a\u00f1os es un completo enigma:\u00a0Ruperto Silva Abarca, abandon\u00f3 su domicilio en la comuna de Llay Llay el 11 de diciembre del 2016, desde ese d\u00eda su familia&#8230;<\/p>\n","protected":false},"author":1,"featured_media":77283,"comment_status":"open","ping_status":"open","sticky":false,"template":"","format":"standard","meta":{"advanced_seo_description":"","jetpack_seo_html_title":"","jetpack_seo_noindex":false,"_jetpack_memberships_contains_paid_content":false,"footnotes":""},"categories":[15],"tags":[],"class_list":["post-77282","post","type-post","status-publish","format-standard","has-post-thumbnail","hentry","category-comunidad"],"jetpack_featured_media_url":"https:\/\/i0.wp.com\/eltrabajo.cl\/portal\/wp-content\/uploads\/2017\/02\/RUPERTO-SILVA-ABARCA.jpg?fit=580%2C348&ssl=1","jetpack_sharing_enabled":true,"jetpack_likes_enabled":true,"jetpack-related-posts":[],"_links":{"self":[{"href":"https:\/\/eltrabajo.cl\/portal\/wp-json\/wp\/v2\/posts\/77282","targetHints":{"allow":["GET"]}}],"collection":[{"href":"https:\/\/eltrabajo.cl\/portal\/wp-json\/wp\/v2\/posts"}],"about":[{"href":"https:\/\/eltrabajo.cl\/portal\/wp-json\/wp\/v2\/types\/post"}],"author":[{"embeddable":true,"href":"https:\/\/eltrabajo.cl\/portal\/wp-json\/wp\/v2\/users\/1"}],"replies":[{"embeddable":true,"href":"https:\/\/eltrabajo.cl\/portal\/wp-json\/wp\/v2\/comments?post=77282"}],"version-history":[{"count":0,"href":"https:\/\/eltrabajo.cl\/portal\/wp-json\/wp\/v2\/posts\/77282\/revisions"}],"wp:featuredmedia":[{"embeddable":true,"href":"https:\/\/eltrabajo.cl\/portal\/wp-json\/wp\/v2\/media\/77283"}],"wp:attachment":[{"href":"https:\/\/eltrabajo.cl\/portal\/wp-json\/wp\/v2\/media?parent=77282"}],"wp:term":[{"taxonomy":"category","embeddable":true,"href":"https:\/\/eltrabajo.cl\/portal\/wp-json\/wp\/v2\/categories?post=77282"},{"taxonomy":"post_tag","embeddable":true,"href":"https:\/\/eltrabajo.cl\/portal\/wp-json\/wp\/v2\/tags?post=77282"}],"curies":[{"name":"wp","href":"https:\/\/api.w.org\/{rel}","templated":true}]}}