{"id":77296,"date":"2017-02-17T07:57:09","date_gmt":"2017-02-17T11:57:09","guid":{"rendered":"http:\/\/www.eltrabajo.cl\/2017\/?p=77296"},"modified":"2017-02-17T07:57:09","modified_gmt":"2017-02-17T11:57:09","slug":"vikingos-y-antiguos-brebajes-seran-parte-de-i-feria-medieval-de-san-felipe","status":"publish","type":"post","link":"https:\/\/eltrabajo.cl\/portal\/vikingos-y-antiguos-brebajes-seran-parte-de-i-feria-medieval-de-san-felipe\/","title":{"rendered":"Vikingos y antiguos brebajes ser\u00e1n parte de I Feria Medieval de San Felipe"},"content":{"rendered":"<figure id=\"attachment_77298\" aria-describedby=\"caption-attachment-77298\" style=\"width: 300px\" class=\"wp-caption alignnone\"><img data-recalc-dims=\"1\" loading=\"lazy\" decoding=\"async\" class=\"size-medium wp-image-77298\" src=\"https:\/\/i0.wp.com\/www.eltrabajo.cl\/2017\/wp-content\/uploads\/2017\/02\/JORGE-GAETE-300x180.jpg?resize=300%2C180\" alt=\"Jorge Gaete, uno de los organizadores de la I versi\u00f3n de la Feria Medieval de San Felipe.\" width=\"300\" height=\"180\" srcset=\"https:\/\/i0.wp.com\/eltrabajo.cl\/portal\/wp-content\/uploads\/2017\/02\/JORGE-GAETE.jpg?resize=300%2C180&amp;ssl=1 300w, https:\/\/i0.wp.com\/eltrabajo.cl\/portal\/wp-content\/uploads\/2017\/02\/JORGE-GAETE.jpg?resize=200%2C120&amp;ssl=1 200w, https:\/\/i0.wp.com\/eltrabajo.cl\/portal\/wp-content\/uploads\/2017\/02\/JORGE-GAETE.jpg?resize=250%2C150&amp;ssl=1 250w, https:\/\/i0.wp.com\/eltrabajo.cl\/portal\/wp-content\/uploads\/2017\/02\/JORGE-GAETE.jpg?resize=400%2C240&amp;ssl=1 400w, https:\/\/i0.wp.com\/eltrabajo.cl\/portal\/wp-content\/uploads\/2017\/02\/JORGE-GAETE.jpg?w=580&amp;ssl=1 580w\" sizes=\"auto, (max-width: 300px) 100vw, 300px\" \/><figcaption id=\"caption-attachment-77298\" class=\"wp-caption-text\">Jorge Gaete, uno de los organizadores de la I versi\u00f3n de la Feria Medieval de San Felipe.<\/figcaption><\/figure>\n<figure id=\"attachment_77299\" aria-describedby=\"caption-attachment-77299\" style=\"width: 300px\" class=\"wp-caption alignnone\"><img data-recalc-dims=\"1\" loading=\"lazy\" decoding=\"async\" class=\"size-medium wp-image-77299\" src=\"https:\/\/i0.wp.com\/www.eltrabajo.cl\/2017\/wp-content\/uploads\/2017\/02\/RICARDO-RUIZ-300x181.jpg?resize=300%2C181\" alt=\"Ricardo Ruiz, coordinador del Departamento de Cultura de la Municipal de San Felipe.\" width=\"300\" height=\"181\" srcset=\"https:\/\/i0.wp.com\/eltrabajo.cl\/portal\/wp-content\/uploads\/2017\/02\/RICARDO-RUIZ.jpg?resize=300%2C181&amp;ssl=1 300w, https:\/\/i0.wp.com\/eltrabajo.cl\/portal\/wp-content\/uploads\/2017\/02\/RICARDO-RUIZ.jpg?resize=200%2C120&amp;ssl=1 200w, https:\/\/i0.wp.com\/eltrabajo.cl\/portal\/wp-content\/uploads\/2017\/02\/RICARDO-RUIZ.jpg?resize=249%2C150&amp;ssl=1 249w, https:\/\/i0.wp.com\/eltrabajo.cl\/portal\/wp-content\/uploads\/2017\/02\/RICARDO-RUIZ.jpg?resize=400%2C241&amp;ssl=1 400w, https:\/\/i0.wp.com\/eltrabajo.cl\/portal\/wp-content\/uploads\/2017\/02\/RICARDO-RUIZ.jpg?w=580&amp;ssl=1 580w\" sizes=\"auto, (max-width: 300px) 100vw, 300px\" \/><figcaption id=\"caption-attachment-77299\" class=\"wp-caption-text\">Ricardo Ruiz, coordinador del Departamento de Cultura de la Municipal de San Felipe.<\/figcaption><\/figure>\n<ul>\n<li><strong><span style=\"color: #ff0000;\">El pr\u00f3ximo s\u00e1bado 25 de febrero en Plaza de Armas<\/span>:\u00a0Grupos de recreaci\u00f3n, artesanos y productores de hidromiel, de distintas partes del pa\u00eds, estar\u00e1n presentes en esta instancia cultural.<\/strong><\/li>\n<\/ul>\n<p>El pr\u00f3ximo s\u00e1bado 25 de febrero, en la Plaza de Armas y Plaza C\u00edvica de San Felipe se desarrollar\u00e1 la I versi\u00f3n de la Feria Medieval de la comuna, instancia de car\u00e1cter cultural que tiene por objetivo acercar a la comunidad al estilo de vida que ten\u00edan las personas del medioevo.<br \/>\nEsta novedosa iniciativa nace a partir del \u00e9xito de convocatoria que ha logrado en otras ciudades del pa\u00eds, en donde el p\u00fablico puede conocer distintos personajes de la \u00e9poca, como lo son los vikingos; y adem\u00e1s practicar costumbres medievales, como lo era beber hidromiel y el tiro de arco y flecha, entre otras.<br \/>\nAs\u00ed lo destac\u00f3 uno de los organizadores del evento, Jorge Gaete, quien cont\u00f3 que actualmente \u201cexiste un movimiento medieval muy interesante en Chile, en el que convergen grupos de recreaci\u00f3n, artesanos, productores de hidromiel \u2013cerveza medieval- y que este tipo de instancias pretenden masificar \u2018el movimiento\u2019 y corregir ciertos errores hist\u00f3ricos que existen respecto del medioevo, como que los Vikingos usaban cascos con cuernos, que la gente de la edad media era un poco lerda y que se hac\u00edan pocas cosas, cuando en realidad es todo lo contrario, la gente lo pasaba muy bien\u201d, explic\u00f3 Gaete.<br \/>\nEl organizador del evento-m\u00fasico integrante de la banda sanfelipe\u00f1o de m\u00fasica antigua \u2018Caminata Aconcagua\u2019- anticip\u00f3 cu\u00e1les son las expectativas que tiene respecto de la realizaci\u00f3n de esta jornada, diciendo que \u201cqueremos que la gente conozca que esto existe, sepa que en la antig\u00fcedad se hac\u00edan muchas cosas que por la inmediatez e los tiempo actuales se han dejado de hacer, esperamos que la gente vuelva a lo artesanal, dejando un poco lo pl\u00e1stico y vuelva con el romanticismo de \u00e9pocas pasadas, disfruten y se sumen al movimiento\u201d, recalc\u00f3 Gaete.<br \/>\nRicardo Ruiz, coordinador del Departamento de Cultura de la Municipal de San Felipe, asegur\u00f3 que la feria no s\u00f3lo tiene un modelo expositivo, sino que, tambi\u00e9n el p\u00fablico podr\u00e1 adquirir productos artesanales relacionados con la \u00e9poca. \u201cLa gente va a poder comprar recuerdos e insumos que evoquen esa etapa de la historia de la humanidad y tambi\u00e9n disfrutar: probar la hidromiel, disparar una flecha, habr\u00e1 m\u00fasica en vivo, en fin, estar\u00e1 muy entretenido\u201d, argument\u00f3 el profesional<br \/>\nAsimismo, Ruiz hizo un llamado a la comunidad y afirm\u00f3 que \u201cla idea es invitar a toda la familia sanfelipe\u00f1a a que participe, habr\u00e1n muchos atractivos, ser\u00e1 muy interesante\u201d, expuso el periodista, quien adem\u00e1s advirti\u00f3 que durante esa jornada se cortar\u00e1 el tr\u00e1nsito en calle Salinas, entre Prat y Merced, \u201cpara que los conductores tomen los recaudos correspondientes\u201d, explic\u00f3.<\/p>\n<figure id=\"attachment_77297\" aria-describedby=\"caption-attachment-77297\" style=\"width: 580px\" class=\"wp-caption alignnone\"><img data-recalc-dims=\"1\" loading=\"lazy\" decoding=\"async\" class=\"size-full wp-image-77297\" src=\"https:\/\/i0.wp.com\/www.eltrabajo.cl\/2017\/wp-content\/uploads\/2017\/02\/feria-mnedieval.jpg?resize=580%2C349\" alt=\"La gente podr\u00e1 comprar recuerdos e insumos que evoquen esa etapa de la historia de la humanidad, como probar la hidromiel o disparar una flecha.\" width=\"580\" height=\"349\" srcset=\"https:\/\/i0.wp.com\/eltrabajo.cl\/portal\/wp-content\/uploads\/2017\/02\/feria-mnedieval.jpg?w=580&amp;ssl=1 580w, https:\/\/i0.wp.com\/eltrabajo.cl\/portal\/wp-content\/uploads\/2017\/02\/feria-mnedieval.jpg?resize=200%2C120&amp;ssl=1 200w, https:\/\/i0.wp.com\/eltrabajo.cl\/portal\/wp-content\/uploads\/2017\/02\/feria-mnedieval.jpg?resize=300%2C181&amp;ssl=1 300w, https:\/\/i0.wp.com\/eltrabajo.cl\/portal\/wp-content\/uploads\/2017\/02\/feria-mnedieval.jpg?resize=249%2C150&amp;ssl=1 249w, https:\/\/i0.wp.com\/eltrabajo.cl\/portal\/wp-content\/uploads\/2017\/02\/feria-mnedieval.jpg?resize=400%2C241&amp;ssl=1 400w\" sizes=\"auto, (max-width: 580px) 100vw, 580px\" \/><figcaption id=\"caption-attachment-77297\" class=\"wp-caption-text\">La gente podr\u00e1 comprar recuerdos e insumos que evoquen esa etapa de la historia de la humanidad, como probar la hidromiel o disparar una flecha.<\/figcaption><\/figure>\n","protected":false},"excerpt":{"rendered":"<p>El pr\u00f3ximo s\u00e1bado 25 de febrero en Plaza de Armas:\u00a0Grupos de recreaci\u00f3n, artesanos y productores de hidromiel, de distintas partes del pa\u00eds, estar\u00e1n presentes en esta instancia cultural. El pr\u00f3ximo s\u00e1bado 25&#8230;<\/p>\n","protected":false},"author":1,"featured_media":77297,"comment_status":"open","ping_status":"open","sticky":false,"template":"","format":"standard","meta":{"advanced_seo_description":"","jetpack_seo_html_title":"","jetpack_seo_noindex":false,"_jetpack_memberships_contains_paid_content":false,"footnotes":""},"categories":[1],"tags":[],"class_list":["post-77296","post","type-post","status-publish","format-standard","has-post-thumbnail","hentry","category-cronica"],"jetpack_featured_media_url":"https:\/\/i0.wp.com\/eltrabajo.cl\/portal\/wp-content\/uploads\/2017\/02\/feria-mnedieval.jpg?fit=580%2C349&ssl=1","jetpack_sharing_enabled":true,"jetpack_likes_enabled":true,"jetpack-related-posts":[],"_links":{"self":[{"href":"https:\/\/eltrabajo.cl\/portal\/wp-json\/wp\/v2\/posts\/77296","targetHints":{"allow":["GET"]}}],"collection":[{"href":"https:\/\/eltrabajo.cl\/portal\/wp-json\/wp\/v2\/posts"}],"about":[{"href":"https:\/\/eltrabajo.cl\/portal\/wp-json\/wp\/v2\/types\/post"}],"author":[{"embeddable":true,"href":"https:\/\/eltrabajo.cl\/portal\/wp-json\/wp\/v2\/users\/1"}],"replies":[{"embeddable":true,"href":"https:\/\/eltrabajo.cl\/portal\/wp-json\/wp\/v2\/comments?post=77296"}],"version-history":[{"count":0,"href":"https:\/\/eltrabajo.cl\/portal\/wp-json\/wp\/v2\/posts\/77296\/revisions"}],"wp:featuredmedia":[{"embeddable":true,"href":"https:\/\/eltrabajo.cl\/portal\/wp-json\/wp\/v2\/media\/77297"}],"wp:attachment":[{"href":"https:\/\/eltrabajo.cl\/portal\/wp-json\/wp\/v2\/media?parent=77296"}],"wp:term":[{"taxonomy":"category","embeddable":true,"href":"https:\/\/eltrabajo.cl\/portal\/wp-json\/wp\/v2\/categories?post=77296"},{"taxonomy":"post_tag","embeddable":true,"href":"https:\/\/eltrabajo.cl\/portal\/wp-json\/wp\/v2\/tags?post=77296"}],"curies":[{"name":"wp","href":"https:\/\/api.w.org\/{rel}","templated":true}]}}