{"id":77302,"date":"2017-02-17T08:00:15","date_gmt":"2017-02-17T12:00:15","guid":{"rendered":"http:\/\/www.eltrabajo.cl\/2017\/?p=77302"},"modified":"2017-02-17T08:00:15","modified_gmt":"2017-02-17T12:00:15","slug":"minvu-levanta-viviendas-para-128-familias-de-llay-llay","status":"publish","type":"post","link":"https:\/\/eltrabajo.cl\/portal\/minvu-levanta-viviendas-para-128-familias-de-llay-llay\/","title":{"rendered":"Minvu levanta viviendas para 128 familias de Llay Llay"},"content":{"rendered":"<figure id=\"attachment_77303\" aria-describedby=\"caption-attachment-77303\" style=\"width: 580px\" class=\"wp-caption alignnone\"><img data-recalc-dims=\"1\" loading=\"lazy\" decoding=\"async\" class=\"size-full wp-image-77303\" src=\"https:\/\/i0.wp.com\/www.eltrabajo.cl\/2017\/wp-content\/uploads\/2017\/02\/MORANDE-1.jpg?resize=580%2C349\" alt=\"Con la visita del director regional del Serviu, Carlos Contador,  familias del comit\u00e9 Las Rosas, realizaron los primeros movimientos de tierra y la colocaci\u00f3n de la \u2018Primera Piedra\u2019 dieron el vamos para la construcci\u00f3n de 128 departamentos que se emplazar\u00e1n en el sector Morand\u00e9 de la comuna de Llay-Llay.\" width=\"580\" height=\"349\" srcset=\"https:\/\/i0.wp.com\/eltrabajo.cl\/portal\/wp-content\/uploads\/2017\/02\/MORANDE-1.jpg?w=580&amp;ssl=1 580w, https:\/\/i0.wp.com\/eltrabajo.cl\/portal\/wp-content\/uploads\/2017\/02\/MORANDE-1.jpg?resize=200%2C120&amp;ssl=1 200w, https:\/\/i0.wp.com\/eltrabajo.cl\/portal\/wp-content\/uploads\/2017\/02\/MORANDE-1.jpg?resize=300%2C181&amp;ssl=1 300w, https:\/\/i0.wp.com\/eltrabajo.cl\/portal\/wp-content\/uploads\/2017\/02\/MORANDE-1.jpg?resize=249%2C150&amp;ssl=1 249w, https:\/\/i0.wp.com\/eltrabajo.cl\/portal\/wp-content\/uploads\/2017\/02\/MORANDE-1.jpg?resize=400%2C241&amp;ssl=1 400w\" sizes=\"auto, (max-width: 580px) 100vw, 580px\" \/><figcaption id=\"caption-attachment-77303\" class=\"wp-caption-text\">Con la visita del director regional del Serviu, Carlos Contador, familias del comit\u00e9 Las Rosas, realizaron los primeros movimientos de tierra y la colocaci\u00f3n de la \u2018Primera Piedra\u2019 dieron el vamos para la construcci\u00f3n de 128 departamentos que se emplazar\u00e1n en el sector Morand\u00e9 de la comuna de Llay-Llay.<\/figcaption><\/figure>\n<ul>\n<li><span style=\"color: #ff0000;\"><strong>Emotiva ceremonia de Colocaci\u00f3n de Primera Piedra:<\/strong><\/span><\/li>\n<\/ul>\n<p><strong>LLAY LLAY.-<\/strong> Las familias del comit\u00e9 Las Rosas, ya empezaron a ver c\u00f3mo se acerca la concreci\u00f3n de sus propias viviendas. Esto, porque los primeros movimientos de tierra y la colocaci\u00f3n de la Primera Piedra dieron el vamos para la construcci\u00f3n de 128 departamentos que se emplazar\u00e1n en el sector Morand\u00e9 de la comuna de Llay-Llay.<br \/>\n\u201cEste proyecto se ven\u00eda arrastrando hace 7 a\u00f1os (desde) que ten\u00edamos el terreno. Hab\u00edamos postulado y (esto) se hab\u00eda desarmado muchas veces porque la gente deja de creer. No piensan que esto es un largo caminar, as\u00ed que pasaron por el comit\u00e9 muchos socios, algunos quedaron atr\u00e1s, pero ahora vemos nuestro sue\u00f1o concreto hecho realidad\u201d, afirm\u00f3 la presidenta del comit\u00e9, Fabiola Silva.<br \/>\nEn tanto, el director regional del Serviu, Carlos Contador, manifest\u00f3 su alegr\u00eda dado que \u201cel Estado hace un enorme esfuerzo en entregar una soluci\u00f3n habitacional, pero no solo con eso, sino que adem\u00e1s le entrega un patrimonio a las familias. Absolutamente feliz, contento de estar aqu\u00ed con todas estas familias. Se siente el cari\u00f1o de la gente, se siente el esfuerzo\u201d.<br \/>\nEl conjunto Rosa de Morand\u00e9, contempla la construcci\u00f3n de 8 blocks de cuatro pisos cada uno. Las viviendas cuentan con 59,90 metros cuadrados (m2), distribuidos por un living-comedor, cocina, un ba\u00f1o y tres dormitorios, en que algunos est\u00e1n adaptados para personas con discapacidad. Mientras que el conjunto incluye una sede social de 77,63 m2 para reuniones y actividades vecinales, m\u00e1s una zona de juegos infantiles, estacionamientos, cierre perimetral y pavimentaci\u00f3n de la calle principal que da acceso al condominio.<br \/>\nPor su parte el alcalde de Llay-Llay, Edgardo Gonz\u00e1lez, sostuvo que \u201cnuestra comuna sigue creciendo, se sigue desarrollando. Muy contentos por estas 128 familias que van a ver concretado el sue\u00f1o de la casa propia. Y, en ese contexto, quiero felicitar principalmente el esfuerzo y sacrificio de las dirigentes porque despu\u00e9s de mucho trabajo han podido sacar esto adelante con los socios de este comit\u00e9\u201d.<br \/>\nEn esta l\u00ednea, el gobernador (s) de San Felipe, Alonso Retamales, detall\u00f3 que \u201clas pol\u00edticas de Gobierno lo que busca es mejorar la calidad de vida de ellos, de la gente. Y todas estas reformas que se han implementado en el Gobierno de la presidenta Bachelet, justamente van enfocada a mejorar y dar dignidad en los espacios que se desarrollan\u201d.<br \/>\nPor \u00faltimo, cabe mencionar que las obras tienen un plazo de ejecuci\u00f3n de 13 meses, a cargo de la empresa constructora Soto y Brice\u00f1o LTDA., cuyo financiamiento asciende a m\u00e1s de $2.790 millones por parte del Ministerio de Vivienda y Urbanismo.<\/p>\n","protected":false},"excerpt":{"rendered":"<p>Emotiva ceremonia de Colocaci\u00f3n de Primera Piedra: LLAY LLAY.- Las familias del comit\u00e9 Las Rosas, ya empezaron a ver c\u00f3mo se acerca la concreci\u00f3n de sus propias viviendas. Esto, porque los primeros&#8230;<\/p>\n","protected":false},"author":1,"featured_media":77303,"comment_status":"open","ping_status":"open","sticky":false,"template":"","format":"standard","meta":{"advanced_seo_description":"","jetpack_seo_html_title":"","jetpack_seo_noindex":false,"_jetpack_memberships_contains_paid_content":false,"footnotes":""},"categories":[1],"tags":[43],"class_list":["post-77302","post","type-post","status-publish","format-standard","has-post-thumbnail","hentry","category-cronica","tag-llay-llay"],"jetpack_featured_media_url":"https:\/\/i0.wp.com\/eltrabajo.cl\/portal\/wp-content\/uploads\/2017\/02\/MORANDE-1.jpg?fit=580%2C349&ssl=1","jetpack_sharing_enabled":true,"jetpack_likes_enabled":true,"jetpack-related-posts":[],"_links":{"self":[{"href":"https:\/\/eltrabajo.cl\/portal\/wp-json\/wp\/v2\/posts\/77302","targetHints":{"allow":["GET"]}}],"collection":[{"href":"https:\/\/eltrabajo.cl\/portal\/wp-json\/wp\/v2\/posts"}],"about":[{"href":"https:\/\/eltrabajo.cl\/portal\/wp-json\/wp\/v2\/types\/post"}],"author":[{"embeddable":true,"href":"https:\/\/eltrabajo.cl\/portal\/wp-json\/wp\/v2\/users\/1"}],"replies":[{"embeddable":true,"href":"https:\/\/eltrabajo.cl\/portal\/wp-json\/wp\/v2\/comments?post=77302"}],"version-history":[{"count":0,"href":"https:\/\/eltrabajo.cl\/portal\/wp-json\/wp\/v2\/posts\/77302\/revisions"}],"wp:featuredmedia":[{"embeddable":true,"href":"https:\/\/eltrabajo.cl\/portal\/wp-json\/wp\/v2\/media\/77303"}],"wp:attachment":[{"href":"https:\/\/eltrabajo.cl\/portal\/wp-json\/wp\/v2\/media?parent=77302"}],"wp:term":[{"taxonomy":"category","embeddable":true,"href":"https:\/\/eltrabajo.cl\/portal\/wp-json\/wp\/v2\/categories?post=77302"},{"taxonomy":"post_tag","embeddable":true,"href":"https:\/\/eltrabajo.cl\/portal\/wp-json\/wp\/v2\/tags?post=77302"}],"curies":[{"name":"wp","href":"https:\/\/api.w.org\/{rel}","templated":true}]}}