{"id":77305,"date":"2017-02-17T08:03:28","date_gmt":"2017-02-17T12:03:28","guid":{"rendered":"http:\/\/www.eltrabajo.cl\/2017\/?p=77305"},"modified":"2017-02-17T08:03:28","modified_gmt":"2017-02-17T12:03:28","slug":"denuncian-diversos-puntos-de-extraccion-ilegal-de-aridos-en-la-provincia","status":"publish","type":"post","link":"https:\/\/eltrabajo.cl\/portal\/denuncian-diversos-puntos-de-extraccion-ilegal-de-aridos-en-la-provincia\/","title":{"rendered":"Denuncian diversos puntos de extracci\u00f3n ilegal de \u00e1ridos en la provincia"},"content":{"rendered":"<figure id=\"attachment_77308\" aria-describedby=\"caption-attachment-77308\" style=\"width: 580px\" class=\"wp-caption alignnone\"><img data-recalc-dims=\"1\" loading=\"lazy\" decoding=\"async\" class=\"size-full wp-image-77308\" src=\"https:\/\/i0.wp.com\/www.eltrabajo.cl\/2017\/wp-content\/uploads\/2017\/02\/plantas-polvo-en-suspension.jpg?resize=580%2C348\" alt=\"El polvo en suspensi\u00f3n es otro de los problemas que denuncia el lector.\" width=\"580\" height=\"348\" srcset=\"https:\/\/i0.wp.com\/eltrabajo.cl\/portal\/wp-content\/uploads\/2017\/02\/plantas-polvo-en-suspension.jpg?w=580&amp;ssl=1 580w, https:\/\/i0.wp.com\/eltrabajo.cl\/portal\/wp-content\/uploads\/2017\/02\/plantas-polvo-en-suspension.jpg?resize=200%2C120&amp;ssl=1 200w, https:\/\/i0.wp.com\/eltrabajo.cl\/portal\/wp-content\/uploads\/2017\/02\/plantas-polvo-en-suspension.jpg?resize=300%2C180&amp;ssl=1 300w, https:\/\/i0.wp.com\/eltrabajo.cl\/portal\/wp-content\/uploads\/2017\/02\/plantas-polvo-en-suspension.jpg?resize=250%2C150&amp;ssl=1 250w, https:\/\/i0.wp.com\/eltrabajo.cl\/portal\/wp-content\/uploads\/2017\/02\/plantas-polvo-en-suspension.jpg?resize=400%2C240&amp;ssl=1 400w\" sizes=\"auto, (max-width: 580px) 100vw, 580px\" \/><figcaption id=\"caption-attachment-77308\" class=\"wp-caption-text\">El polvo en suspensi\u00f3n es otro de los problemas que denuncia el lector.<\/figcaption><\/figure>\n<p>A trav\u00e9s de una carta enviada a Diario El Trabajo y con copia a diferentes departamentos de servicios p\u00fablicos como la Municipalidad de San Felipe y el Ministerio de Obras P\u00fablicas, un sanfelipe\u00f1o que se identifica como Marcelo Tapia denuncia la extracci\u00f3n ilegal de \u00e1ridos en diversos sectores de la provincia.<br \/>\nEn la misiva se denuncia en primer t\u00e9rmino a una empresa de \u00e1ridos ubicada en el sector Tres Esquinas, camino al r\u00edo sin n\u00famero. \u00abEllos \u2013se\u00f1ala la carta- sin permiso de extracci\u00f3n, sin patente y sin proyecto de la DOH-DGA, proyecto de impacto ambiental, no tienen agua potable para sus trabajadores adem\u00e1s de escombros, aun con todas estas condiciones sigue en funcionamiento. Tienen dos puntos de extracci\u00f3n en la direcci\u00f3n anteriormente se\u00f1alada (r\u00edo), aparte de que hace poco adquirieron un terreno donde de forma indiscriminada exploran a diario, llegando as\u00ed a las napas de agua, siendo un peligro para los vecinos de ese sector y en el sector 21 de Mayo camino a Bellavista, de forma ilegal. Es cosa que miren los camiones de 20 metros que andan circulando con integral. A vista de municipio y otros fiscalizadores\u00bb.<br \/>\nAgrega en la misiva que en el sector de Curim\u00f3n, en calle La Estaci\u00f3n, est\u00e1 ubicado un particular que tambi\u00e9n extrae material de forma ilegal y que mantiene en funcionamiento su planta.<br \/>\nLa misma situaci\u00f3n de extracci\u00f3n ilegal se estar\u00eda produciendo camino a Putaendo, frente al Callej\u00f3n Los Naranjos, donde operar\u00eda una planta que extrae \u00e1ridos ilegalmente, realizando sus entregas durante las noches.<br \/>\nLa carta agrega: \u00abAhora se est\u00e1 sacando \u00e1ridos del costado derecho de la calle Cherc\u00e1n Tapia, antes del puente Tres Esquinas, por la empresa OHL como tambi\u00e9n en el puente Del Rey, violando los 500 metros que tienen que respetarse.<br \/>\n\u00abAhora en el sector Tres Esquinas, por el camino de servicio donde se encuentra Mel\u00f3n Hormigones,BCA Hormigones, Asoducam, existe polvo en suspensi\u00f3n, dificultando de alguna manera la visi\u00f3n de los veh\u00edculos. Adem\u00e1s que tampoco tienen permiso de impacto ambiental y a\u00fan as\u00ed le renovaron patente comercial.<br \/>\n\u00abAdjunto algunas fotos de lo anteriormente se\u00f1alado.<br \/>\n\u00abSi la denuncia se realiza por otro medio, favor informar para poder hacerlo como se debe, no hacer caso omiso a este correo ya que es importante que se fiscalice de forma igualitaria y transparente\u00bb.<br \/>\nFirma \u00abMarcelo Tapia.\u00a0Un sanfelipe\u00f1o m\u00e1s\u00bb.<\/p>\n<figure id=\"attachment_77307\" aria-describedby=\"caption-attachment-77307\" style=\"width: 580px\" class=\"wp-caption alignnone\"><img data-recalc-dims=\"1\" loading=\"lazy\" decoding=\"async\" class=\"size-full wp-image-77307\" src=\"https:\/\/i0.wp.com\/www.eltrabajo.cl\/2017\/wp-content\/uploads\/2017\/02\/planta-napas.jpg?resize=580%2C349\" alt=\"La extracci\u00f3n de \u00e1ridos en forma indiscriminada e ilegal llegar\u00eda incluso a las napas subterr\u00e1neas.\" width=\"580\" height=\"349\" srcset=\"https:\/\/i0.wp.com\/eltrabajo.cl\/portal\/wp-content\/uploads\/2017\/02\/planta-napas.jpg?w=580&amp;ssl=1 580w, https:\/\/i0.wp.com\/eltrabajo.cl\/portal\/wp-content\/uploads\/2017\/02\/planta-napas.jpg?resize=200%2C120&amp;ssl=1 200w, https:\/\/i0.wp.com\/eltrabajo.cl\/portal\/wp-content\/uploads\/2017\/02\/planta-napas.jpg?resize=300%2C181&amp;ssl=1 300w, https:\/\/i0.wp.com\/eltrabajo.cl\/portal\/wp-content\/uploads\/2017\/02\/planta-napas.jpg?resize=249%2C150&amp;ssl=1 249w, https:\/\/i0.wp.com\/eltrabajo.cl\/portal\/wp-content\/uploads\/2017\/02\/planta-napas.jpg?resize=400%2C241&amp;ssl=1 400w\" sizes=\"auto, (max-width: 580px) 100vw, 580px\" \/><figcaption id=\"caption-attachment-77307\" class=\"wp-caption-text\">La extracci\u00f3n de \u00e1ridos en forma indiscriminada e ilegal llegar\u00eda incluso a las napas subterr\u00e1neas.<\/figcaption><\/figure>\n<figure id=\"attachment_77306\" aria-describedby=\"caption-attachment-77306\" style=\"width: 580px\" class=\"wp-caption alignnone\"><img data-recalc-dims=\"1\" loading=\"lazy\" decoding=\"async\" class=\"size-full wp-image-77306\" src=\"https:\/\/i0.wp.com\/www.eltrabajo.cl\/2017\/wp-content\/uploads\/2017\/02\/planta-escombros.jpg?resize=580%2C349\" alt=\"Una de las plantas que extraer\u00eda \u00e1ridos en forma ilegal mantendr\u00eda tambi\u00e9n escombros en el lugar.\" width=\"580\" height=\"349\" srcset=\"https:\/\/i0.wp.com\/eltrabajo.cl\/portal\/wp-content\/uploads\/2017\/02\/planta-escombros.jpg?w=580&amp;ssl=1 580w, https:\/\/i0.wp.com\/eltrabajo.cl\/portal\/wp-content\/uploads\/2017\/02\/planta-escombros.jpg?resize=200%2C120&amp;ssl=1 200w, https:\/\/i0.wp.com\/eltrabajo.cl\/portal\/wp-content\/uploads\/2017\/02\/planta-escombros.jpg?resize=300%2C181&amp;ssl=1 300w, https:\/\/i0.wp.com\/eltrabajo.cl\/portal\/wp-content\/uploads\/2017\/02\/planta-escombros.jpg?resize=249%2C150&amp;ssl=1 249w, https:\/\/i0.wp.com\/eltrabajo.cl\/portal\/wp-content\/uploads\/2017\/02\/planta-escombros.jpg?resize=400%2C241&amp;ssl=1 400w\" sizes=\"auto, (max-width: 580px) 100vw, 580px\" \/><figcaption id=\"caption-attachment-77306\" class=\"wp-caption-text\">Una de las plantas que extraer\u00eda \u00e1ridos en forma ilegal mantendr\u00eda tambi\u00e9n escombros en el lugar.<\/figcaption><\/figure>\n","protected":false},"excerpt":{"rendered":"<p>A trav\u00e9s de una carta enviada a Diario El Trabajo y con copia a diferentes departamentos de servicios p\u00fablicos como la Municipalidad de San Felipe y el Ministerio de Obras P\u00fablicas, un&#8230;<\/p>\n","protected":false},"author":1,"featured_media":77306,"comment_status":"open","ping_status":"open","sticky":false,"template":"","format":"standard","meta":{"advanced_seo_description":"","jetpack_seo_html_title":"","jetpack_seo_noindex":false,"_jetpack_memberships_contains_paid_content":false,"footnotes":""},"categories":[15],"tags":[89],"class_list":["post-77305","post","type-post","status-publish","format-standard","has-post-thumbnail","hentry","category-comunidad","tag-rio-aconcagua"],"jetpack_featured_media_url":"https:\/\/i0.wp.com\/eltrabajo.cl\/portal\/wp-content\/uploads\/2017\/02\/planta-escombros.jpg?fit=580%2C349&ssl=1","jetpack_sharing_enabled":true,"jetpack_likes_enabled":true,"jetpack-related-posts":[],"_links":{"self":[{"href":"https:\/\/eltrabajo.cl\/portal\/wp-json\/wp\/v2\/posts\/77305","targetHints":{"allow":["GET"]}}],"collection":[{"href":"https:\/\/eltrabajo.cl\/portal\/wp-json\/wp\/v2\/posts"}],"about":[{"href":"https:\/\/eltrabajo.cl\/portal\/wp-json\/wp\/v2\/types\/post"}],"author":[{"embeddable":true,"href":"https:\/\/eltrabajo.cl\/portal\/wp-json\/wp\/v2\/users\/1"}],"replies":[{"embeddable":true,"href":"https:\/\/eltrabajo.cl\/portal\/wp-json\/wp\/v2\/comments?post=77305"}],"version-history":[{"count":0,"href":"https:\/\/eltrabajo.cl\/portal\/wp-json\/wp\/v2\/posts\/77305\/revisions"}],"wp:featuredmedia":[{"embeddable":true,"href":"https:\/\/eltrabajo.cl\/portal\/wp-json\/wp\/v2\/media\/77306"}],"wp:attachment":[{"href":"https:\/\/eltrabajo.cl\/portal\/wp-json\/wp\/v2\/media?parent=77305"}],"wp:term":[{"taxonomy":"category","embeddable":true,"href":"https:\/\/eltrabajo.cl\/portal\/wp-json\/wp\/v2\/categories?post=77305"},{"taxonomy":"post_tag","embeddable":true,"href":"https:\/\/eltrabajo.cl\/portal\/wp-json\/wp\/v2\/tags?post=77305"}],"curies":[{"name":"wp","href":"https:\/\/api.w.org\/{rel}","templated":true}]}}