{"id":77310,"date":"2017-02-17T08:13:46","date_gmt":"2017-02-17T12:13:46","guid":{"rendered":"http:\/\/www.eltrabajo.cl\/2017\/?p=77310"},"modified":"2017-02-17T08:13:46","modified_gmt":"2017-02-17T12:13:46","slug":"unos-20-medicos-de-aconcagua-no-tienen-regularizado-su-eunacom","status":"publish","type":"post","link":"https:\/\/eltrabajo.cl\/portal\/unos-20-medicos-de-aconcagua-no-tienen-regularizado-su-eunacom\/","title":{"rendered":"Unos 20 m\u00e9dicos de Aconcagua no tienen regularizado su Eunacom"},"content":{"rendered":"<figure id=\"attachment_77311\" aria-describedby=\"caption-attachment-77311\" style=\"width: 300px\" class=\"wp-caption alignnone\"><img data-recalc-dims=\"1\" loading=\"lazy\" decoding=\"async\" class=\"size-medium wp-image-77311\" src=\"https:\/\/i0.wp.com\/www.eltrabajo.cl\/2017\/wp-content\/uploads\/2017\/02\/MENDEZ-300x180.jpg?resize=300%2C180\" alt=\"Dr. Mario M\u00e9ndez Allendes, jefe oficina Aconcagua de la Seremi de Salud.\" width=\"300\" height=\"180\" srcset=\"https:\/\/i0.wp.com\/eltrabajo.cl\/portal\/wp-content\/uploads\/2017\/02\/MENDEZ.jpg?resize=300%2C180&amp;ssl=1 300w, https:\/\/i0.wp.com\/eltrabajo.cl\/portal\/wp-content\/uploads\/2017\/02\/MENDEZ.jpg?resize=200%2C120&amp;ssl=1 200w, https:\/\/i0.wp.com\/eltrabajo.cl\/portal\/wp-content\/uploads\/2017\/02\/MENDEZ.jpg?resize=250%2C150&amp;ssl=1 250w, https:\/\/i0.wp.com\/eltrabajo.cl\/portal\/wp-content\/uploads\/2017\/02\/MENDEZ.jpg?resize=400%2C240&amp;ssl=1 400w, https:\/\/i0.wp.com\/eltrabajo.cl\/portal\/wp-content\/uploads\/2017\/02\/MENDEZ.jpg?w=580&amp;ssl=1 580w\" sizes=\"auto, (max-width: 300px) 100vw, 300px\" \/><figcaption id=\"caption-attachment-77311\" class=\"wp-caption-text\">Dr. Mario M\u00e9ndez Allendes, jefe oficina Aconcagua de la Seremi de Salud.<\/figcaption><\/figure>\n<ul>\n<li><span style=\"color: #ff0000;\"><strong>Deber\u00e1n esperar permiso de la Autoridad Sanitaria para continuar en el sistema de salud p\u00fablico<\/strong><\/span><\/li>\n<\/ul>\n<p>El pasado martes 14 de febrero se cumpli\u00f3 el plazo para que 277 m\u00e9dicos de atenci\u00f3n primaria del pa\u00eds, cumplan con lo establecido por la ley miscel\u00e1nea, la cual, fue publicada el a\u00f1o 2015 y que exige que los profesionales -en un plazo de 24 meses- deben rendir y aprobar el Eunacom (Examen \u00danico Nacional de Conocimientos de Medicina), para poder continuar trabajando en sector p\u00fablico de salud.<br \/>\nAs\u00ed, aquellos m\u00e9dicos que hayan reprobado el examen, deben salir inmediatamente del sistema p\u00fablico o buscar nuevos horizontes laborales en el mundo privado, a excepci\u00f3n de los profesionales que consigan un permiso provisorio, solicitado directamente desde las direcciones de salud municipal o desde los mismos Centros de Salud Familiar a la autoridad sanitaria correspondiente.<br \/>\nAs\u00ed lo inform\u00f3 Mario M\u00e9ndez Allendes, jefe de la Oficina Aconcagua de la Seremi de Salud, quien asever\u00f3 que \u201camparados en el art\u00edculo 112 del c\u00f3digo sanitario, la facultad de entregar autorizaciones especiales para que puedan ejercer estos m\u00e9dicos por un per\u00edodo determinado (que no se extender\u00eda m\u00e1s all\u00e1 del 2017), bajo ciertas consideraciones\u201d, detall\u00f3 el galeno.<br \/>\nEn el caso del Valle de Aconcagua, ser\u00edan unas 20 solicitudes las que se habr\u00edan levantado desde los distintos dispositivos m\u00e9dicos p\u00fablicos para solicitar la continuidad de profesionales (chilenos y extranjeros) titulados fuera de Chile, que a\u00fan deben regularizar este proceso.<br \/>\nRespecto de estas peticiones, M\u00e9ndez advirti\u00f3 que \u201cestamos evaluando caso a caso a partir de las peticiones que est\u00e1n realizando, ya sea, de los alcaldes o los directores de salud municipal para poder prorrogar permisos que les permitan a ellos trabajar hasta que el centro de salud pueda conseguir facultativos que tengan rendido y aprobado su Eunacom\u201d, enfatiz\u00f3 el facultativo.<br \/>\nSeg\u00fan M\u00e9ndez, el ministerio de Salud ha provisto de una cantidad de 300 cupos a nivel nacional, para poder cubrir los 277 casos espec\u00edficos de profesionales que no han rendido el Eunacom o lo han reprobado, lo que evita catalogar esta situaci\u00f3n como una crisis de salud.<br \/>\nSe estima que un 73,2% de los m\u00e9dicos titulados en el extranjero que rindieron el \u00faltimo Examen \u00danico Nacional de Conocimientos de Medicina (Eunacom), reprob\u00f3 el test, versus un 3,4% que lo hizo entre los titulados en Chile.<br \/>\nAs\u00ed lo muestran los resultados del examen tomado en diciembre pasado y que rindieron 4.328 m\u00e9dicos, 1.488 titulados en Chile, 2.642 en el extranjero y 198 que se presentaron en calidad de repitentes.<br \/>\nUn resultado que era esperado con mucha atenci\u00f3n en el Ministerio de Salud (Minsal). Esto porque en 2014, el gobierno, junto al Colegio M\u00e9dico y la Asociaci\u00f3n de Municipalidades (ACHM), acordaron crear una Ley Miscel\u00e1nea, que otorg\u00f3 un plazo de dos a\u00f1os a 1.111 m\u00e9dicos, 881 de la Atenci\u00f3n Primaria de Salud (APS) y 230 de hospitales, que fueron contratados sin Eunacom aprobado, para que regularizaran su situaci\u00f3n, per\u00edodo que se cumple este 14 de febrero.<\/p>\n<figure id=\"attachment_77312\" aria-describedby=\"caption-attachment-77312\" style=\"width: 580px\" class=\"wp-caption alignnone\"><img data-recalc-dims=\"1\" loading=\"lazy\" decoding=\"async\" class=\"size-full wp-image-77312\" src=\"https:\/\/i0.wp.com\/www.eltrabajo.cl\/2017\/wp-content\/uploads\/2017\/02\/eunacom.jpg?resize=580%2C350\" alt=\"El pol\u00e9mico y cuestionado Eunacom que ha dejado fuera del servicio p\u00fablico a un 73,2% de los m\u00e9dicos titulados en el extranjero, versus un 3,4% que lo hizo entre los titulados en Chile.\" width=\"580\" height=\"350\" srcset=\"https:\/\/i0.wp.com\/eltrabajo.cl\/portal\/wp-content\/uploads\/2017\/02\/eunacom.jpg?w=580&amp;ssl=1 580w, https:\/\/i0.wp.com\/eltrabajo.cl\/portal\/wp-content\/uploads\/2017\/02\/eunacom.jpg?resize=200%2C121&amp;ssl=1 200w, https:\/\/i0.wp.com\/eltrabajo.cl\/portal\/wp-content\/uploads\/2017\/02\/eunacom.jpg?resize=300%2C181&amp;ssl=1 300w, https:\/\/i0.wp.com\/eltrabajo.cl\/portal\/wp-content\/uploads\/2017\/02\/eunacom.jpg?resize=249%2C150&amp;ssl=1 249w, https:\/\/i0.wp.com\/eltrabajo.cl\/portal\/wp-content\/uploads\/2017\/02\/eunacom.jpg?resize=400%2C241&amp;ssl=1 400w\" sizes=\"auto, (max-width: 580px) 100vw, 580px\" \/><figcaption id=\"caption-attachment-77312\" class=\"wp-caption-text\">El pol\u00e9mico y cuestionado Eunacom que ha dejado fuera del servicio p\u00fablico a un 73,2% de los m\u00e9dicos titulados en el extranjero, versus un 3,4% que lo hizo entre los titulados en Chile.<\/figcaption><\/figure>\n","protected":false},"excerpt":{"rendered":"<p>Deber\u00e1n esperar permiso de la Autoridad Sanitaria para continuar en el sistema de salud p\u00fablico El pasado martes 14 de febrero se cumpli\u00f3 el plazo para que 277 m\u00e9dicos de atenci\u00f3n primaria&#8230;<\/p>\n","protected":false},"author":1,"featured_media":77312,"comment_status":"open","ping_status":"open","sticky":false,"template":"","format":"standard","meta":{"advanced_seo_description":"","jetpack_seo_html_title":"","jetpack_seo_noindex":false,"_jetpack_memberships_contains_paid_content":false,"footnotes":""},"categories":[1],"tags":[],"class_list":["post-77310","post","type-post","status-publish","format-standard","has-post-thumbnail","hentry","category-cronica"],"jetpack_featured_media_url":"https:\/\/i0.wp.com\/eltrabajo.cl\/portal\/wp-content\/uploads\/2017\/02\/eunacom.jpg?fit=580%2C350&ssl=1","jetpack_sharing_enabled":true,"jetpack_likes_enabled":true,"jetpack-related-posts":[],"_links":{"self":[{"href":"https:\/\/eltrabajo.cl\/portal\/wp-json\/wp\/v2\/posts\/77310","targetHints":{"allow":["GET"]}}],"collection":[{"href":"https:\/\/eltrabajo.cl\/portal\/wp-json\/wp\/v2\/posts"}],"about":[{"href":"https:\/\/eltrabajo.cl\/portal\/wp-json\/wp\/v2\/types\/post"}],"author":[{"embeddable":true,"href":"https:\/\/eltrabajo.cl\/portal\/wp-json\/wp\/v2\/users\/1"}],"replies":[{"embeddable":true,"href":"https:\/\/eltrabajo.cl\/portal\/wp-json\/wp\/v2\/comments?post=77310"}],"version-history":[{"count":0,"href":"https:\/\/eltrabajo.cl\/portal\/wp-json\/wp\/v2\/posts\/77310\/revisions"}],"wp:featuredmedia":[{"embeddable":true,"href":"https:\/\/eltrabajo.cl\/portal\/wp-json\/wp\/v2\/media\/77312"}],"wp:attachment":[{"href":"https:\/\/eltrabajo.cl\/portal\/wp-json\/wp\/v2\/media?parent=77310"}],"wp:term":[{"taxonomy":"category","embeddable":true,"href":"https:\/\/eltrabajo.cl\/portal\/wp-json\/wp\/v2\/categories?post=77310"},{"taxonomy":"post_tag","embeddable":true,"href":"https:\/\/eltrabajo.cl\/portal\/wp-json\/wp\/v2\/tags?post=77310"}],"curies":[{"name":"wp","href":"https:\/\/api.w.org\/{rel}","templated":true}]}}