{"id":77334,"date":"2017-02-20T07:55:52","date_gmt":"2017-02-20T11:55:52","guid":{"rendered":"http:\/\/www.eltrabajo.cl\/2017\/?p=77334"},"modified":"2017-02-20T07:55:52","modified_gmt":"2017-02-20T11:55:52","slug":"restaurante-puro-campo-reinaugura-su-granja-y-salones-familiares","status":"publish","type":"post","link":"https:\/\/eltrabajo.cl\/portal\/restaurante-puro-campo-reinaugura-su-granja-y-salones-familiares\/","title":{"rendered":"Restaurante Puro Campo reinaugura su granja y salones familiares"},"content":{"rendered":"<figure id=\"attachment_77337\" aria-describedby=\"caption-attachment-77337\" style=\"width: 580px\" class=\"wp-caption alignnone\"><img data-recalc-dims=\"1\" loading=\"lazy\" decoding=\"async\" class=\"size-full wp-image-77337\" src=\"https:\/\/i0.wp.com\/www.eltrabajo.cl\/2017\/wp-content\/uploads\/2017\/02\/puro-campo-Gerencia1.jpg?resize=580%2C348\" alt=\"ALTA GERENCIA.- Gabriel Prado y Fernando Figueroa (a la derecha) son los nuevos empresarios al frente de este m\u00edtico restaurante sanfelipe\u00f1o.\" width=\"580\" height=\"348\" srcset=\"https:\/\/i0.wp.com\/eltrabajo.cl\/portal\/wp-content\/uploads\/2017\/02\/puro-campo-Gerencia1.jpg?w=580&amp;ssl=1 580w, https:\/\/i0.wp.com\/eltrabajo.cl\/portal\/wp-content\/uploads\/2017\/02\/puro-campo-Gerencia1.jpg?resize=200%2C120&amp;ssl=1 200w, https:\/\/i0.wp.com\/eltrabajo.cl\/portal\/wp-content\/uploads\/2017\/02\/puro-campo-Gerencia1.jpg?resize=300%2C180&amp;ssl=1 300w, https:\/\/i0.wp.com\/eltrabajo.cl\/portal\/wp-content\/uploads\/2017\/02\/puro-campo-Gerencia1.jpg?resize=250%2C150&amp;ssl=1 250w, https:\/\/i0.wp.com\/eltrabajo.cl\/portal\/wp-content\/uploads\/2017\/02\/puro-campo-Gerencia1.jpg?resize=400%2C240&amp;ssl=1 400w\" sizes=\"auto, (max-width: 580px) 100vw, 580px\" \/><figcaption id=\"caption-attachment-77337\" class=\"wp-caption-text\">ALTA GERENCIA.- Gabriel Prado y Fernando Figueroa (a la derecha) son los nuevos empresarios al frente de este m\u00edtico restaurante sanfelipe\u00f1o.<\/figcaption><\/figure>\n<ul>\n<li><span style=\"color: #ff0000;\"><strong>Despu\u00e9s de un mes cerrado por remodelaci\u00f3n:<\/strong><\/span><\/li>\n<\/ul>\n<p>Un positivo y esperado repunte a favor de \u2018La buena Cuchara\u2019 es el que fue anunciado este domingo en el Restaurante Puro Campo, conocido centro familiar ubicado en Quebrada Herrera s\/n, luego que, y tras un mes de cerrado el establecimiento por mejoras en su infraestructura, fueran abiertas sus puertas al p\u00fablico durante este fin de semana.<br \/>\nLas c\u00e1maras de Diario El Trabajo fueron invitadas a realizar una visita al restaurante, visita que nos permiti\u00f3 realizar un amplio recorrido por los interiores de la granja educativa del complejo tur\u00edstico; por la piscina de aguas cristalinas y tambi\u00e9n acceder a las intimidades de los salones de cocina y recreo.<\/p>\n<p><strong>TIENE DE TODO<\/strong><br \/>\n\u00abEste restaurante y complejo tur\u00edstico cuenta ya con m\u00e1s de 20 a\u00f1os de existencia, mi socio Gabriel Prado y yo estamos asumiendo su administraci\u00f3n a partir de esta semana. Somos doce personas las que de manera permanente damos vida a esta empresa, pero son nuestros clientes quienes en definitiva nos permiten vivir y crecer, pues nuestros clientes son los verdaderos due\u00f1os de esta casa familiar\u00bb, coment\u00f3 Fernando Figueroa a Diario El Trabajo.<br \/>\nEste amplio restaurante dispone de varios salones bajo techo con 43 mesas para el deleite de sus invitados; una granja educativa para el deleite de toda la familia; juegos infantiles totalmente seguros; refrescantes piscinas y una gran \u00e1rea verde para recorrer con tranquilidad los alrededores.<\/p>\n<p><strong>SUS EXQUISITECES<\/strong><br \/>\nTambi\u00e9n hablamos con Gabriel Prado, quien nos explic\u00f3 detalles del men\u00fa tradicional de Puro Campo. \u00abNuestra Cocina es de lo m\u00e1s variada, ofrecemos el Plato Puro Campo; pastel de choclo; parrilladas a la le\u00f1a; jugos naturales y arrollado tradicional, entre otras delicias\u00bb, dijo Prado.<br \/>\nLos horarios de Puro Campo son: de martes a jueves de 12:00 a 19:00 horas y los viernes desde las 12:00 horas a las 23:30 horas. Los lunes cerrados.<br \/>\n<strong>Roberto Gonz\u00e1lez Short<\/strong><\/p>\n<figure id=\"attachment_77335\" aria-describedby=\"caption-attachment-77335\" style=\"width: 580px\" class=\"wp-caption alignnone\"><img data-recalc-dims=\"1\" loading=\"lazy\" decoding=\"async\" class=\"size-full wp-image-77335\" src=\"https:\/\/i0.wp.com\/www.eltrabajo.cl\/2017\/wp-content\/uploads\/2017\/02\/puro-campo-Apetito33.jpg?resize=580%2C348\" alt=\"BUEN APETITO.- Familias Enteras han preferido este restaurante tradicional durante m\u00e1s de 20 a\u00f1os. Esta casa del sabor est\u00e1 ubicada en Quebrada Herrera s\/n.\" width=\"580\" height=\"348\" srcset=\"https:\/\/i0.wp.com\/eltrabajo.cl\/portal\/wp-content\/uploads\/2017\/02\/puro-campo-Apetito33.jpg?w=580&amp;ssl=1 580w, https:\/\/i0.wp.com\/eltrabajo.cl\/portal\/wp-content\/uploads\/2017\/02\/puro-campo-Apetito33.jpg?resize=200%2C120&amp;ssl=1 200w, https:\/\/i0.wp.com\/eltrabajo.cl\/portal\/wp-content\/uploads\/2017\/02\/puro-campo-Apetito33.jpg?resize=300%2C180&amp;ssl=1 300w, https:\/\/i0.wp.com\/eltrabajo.cl\/portal\/wp-content\/uploads\/2017\/02\/puro-campo-Apetito33.jpg?resize=250%2C150&amp;ssl=1 250w, https:\/\/i0.wp.com\/eltrabajo.cl\/portal\/wp-content\/uploads\/2017\/02\/puro-campo-Apetito33.jpg?resize=400%2C240&amp;ssl=1 400w\" sizes=\"auto, (max-width: 580px) 100vw, 580px\" \/><figcaption id=\"caption-attachment-77335\" class=\"wp-caption-text\">BUEN APETITO.- Familias Enteras han preferido este restaurante tradicional durante m\u00e1s de 20 a\u00f1os. Esta casa del sabor est\u00e1 ubicada en Quebrada Herrera s\/n.<\/figcaption><\/figure>\n<figure id=\"attachment_77336\" aria-describedby=\"caption-attachment-77336\" style=\"width: 580px\" class=\"wp-caption alignnone\"><img data-recalc-dims=\"1\" loading=\"lazy\" decoding=\"async\" class=\"size-full wp-image-77336\" src=\"https:\/\/i0.wp.com\/www.eltrabajo.cl\/2017\/wp-content\/uploads\/2017\/02\/puro-campo-Garzones28.jpg?resize=580%2C350\" alt=\"ATENTOS GARZONES.- Ellos son el grupo de garzones en salones: Trinidad Arancibia, Alberto Calquin, Daniela Meneses y N\u00e9stor Lazcano.\" width=\"580\" height=\"350\" srcset=\"https:\/\/i0.wp.com\/eltrabajo.cl\/portal\/wp-content\/uploads\/2017\/02\/puro-campo-Garzones28.jpg?w=580&amp;ssl=1 580w, https:\/\/i0.wp.com\/eltrabajo.cl\/portal\/wp-content\/uploads\/2017\/02\/puro-campo-Garzones28.jpg?resize=200%2C121&amp;ssl=1 200w, https:\/\/i0.wp.com\/eltrabajo.cl\/portal\/wp-content\/uploads\/2017\/02\/puro-campo-Garzones28.jpg?resize=300%2C181&amp;ssl=1 300w, https:\/\/i0.wp.com\/eltrabajo.cl\/portal\/wp-content\/uploads\/2017\/02\/puro-campo-Garzones28.jpg?resize=249%2C150&amp;ssl=1 249w, https:\/\/i0.wp.com\/eltrabajo.cl\/portal\/wp-content\/uploads\/2017\/02\/puro-campo-Garzones28.jpg?resize=400%2C241&amp;ssl=1 400w\" sizes=\"auto, (max-width: 580px) 100vw, 580px\" \/><figcaption id=\"caption-attachment-77336\" class=\"wp-caption-text\">ATENTOS GARZONES.- Ellos son el grupo de garzones en salones: Trinidad Arancibia, Alberto Calquin, Daniela Meneses y N\u00e9stor Lazcano.<\/figcaption><\/figure>\n<figure id=\"attachment_77338\" aria-describedby=\"caption-attachment-77338\" style=\"width: 580px\" class=\"wp-caption alignnone\"><img data-recalc-dims=\"1\" loading=\"lazy\" decoding=\"async\" class=\"size-full wp-image-77338\" src=\"https:\/\/i0.wp.com\/www.eltrabajo.cl\/2017\/wp-content\/uploads\/2017\/02\/puro-campo-Granja33.jpg?resize=580%2C349\" alt=\"GRANJA EDUCATIVA.- Los animalitos de la granja son el deleite de los m\u00e1s chicos, tambi\u00e9n hay cerditos, un pony y muchas gallinas.\" width=\"580\" height=\"349\" srcset=\"https:\/\/i0.wp.com\/eltrabajo.cl\/portal\/wp-content\/uploads\/2017\/02\/puro-campo-Granja33.jpg?w=580&amp;ssl=1 580w, https:\/\/i0.wp.com\/eltrabajo.cl\/portal\/wp-content\/uploads\/2017\/02\/puro-campo-Granja33.jpg?resize=200%2C120&amp;ssl=1 200w, https:\/\/i0.wp.com\/eltrabajo.cl\/portal\/wp-content\/uploads\/2017\/02\/puro-campo-Granja33.jpg?resize=300%2C181&amp;ssl=1 300w, https:\/\/i0.wp.com\/eltrabajo.cl\/portal\/wp-content\/uploads\/2017\/02\/puro-campo-Granja33.jpg?resize=249%2C150&amp;ssl=1 249w, https:\/\/i0.wp.com\/eltrabajo.cl\/portal\/wp-content\/uploads\/2017\/02\/puro-campo-Granja33.jpg?resize=400%2C241&amp;ssl=1 400w\" sizes=\"auto, (max-width: 580px) 100vw, 580px\" \/><figcaption id=\"caption-attachment-77338\" class=\"wp-caption-text\">GRANJA EDUCATIVA.- Los animalitos de la granja son el deleite de los m\u00e1s chicos, tambi\u00e9n hay cerditos, un pony y muchas gallinas.<\/figcaption><\/figure>\n<figure id=\"attachment_77339\" aria-describedby=\"caption-attachment-77339\" style=\"width: 580px\" class=\"wp-caption alignnone\"><img data-recalc-dims=\"1\" loading=\"lazy\" decoding=\"async\" class=\"size-full wp-image-77339\" src=\"https:\/\/i0.wp.com\/www.eltrabajo.cl\/2017\/wp-content\/uploads\/2017\/02\/puro-campo-Juegos28.jpg?resize=580%2C348\" alt=\"JUEGOS INFANTILES.- Tambi\u00e9n hay espacio para que los peque\u00f1itos se den el gusto jugando.\" width=\"580\" height=\"348\" srcset=\"https:\/\/i0.wp.com\/eltrabajo.cl\/portal\/wp-content\/uploads\/2017\/02\/puro-campo-Juegos28.jpg?w=580&amp;ssl=1 580w, https:\/\/i0.wp.com\/eltrabajo.cl\/portal\/wp-content\/uploads\/2017\/02\/puro-campo-Juegos28.jpg?resize=200%2C120&amp;ssl=1 200w, https:\/\/i0.wp.com\/eltrabajo.cl\/portal\/wp-content\/uploads\/2017\/02\/puro-campo-Juegos28.jpg?resize=300%2C180&amp;ssl=1 300w, https:\/\/i0.wp.com\/eltrabajo.cl\/portal\/wp-content\/uploads\/2017\/02\/puro-campo-Juegos28.jpg?resize=250%2C150&amp;ssl=1 250w, https:\/\/i0.wp.com\/eltrabajo.cl\/portal\/wp-content\/uploads\/2017\/02\/puro-campo-Juegos28.jpg?resize=400%2C240&amp;ssl=1 400w\" sizes=\"auto, (max-width: 580px) 100vw, 580px\" \/><figcaption id=\"caption-attachment-77339\" class=\"wp-caption-text\">JUEGOS INFANTILES.- Tambi\u00e9n hay espacio para que los peque\u00f1itos se den el gusto jugando.<\/figcaption><\/figure>\n<figure id=\"attachment_77340\" aria-describedby=\"caption-attachment-77340\" style=\"width: 580px\" class=\"wp-caption alignnone\"><img data-recalc-dims=\"1\" loading=\"lazy\" decoding=\"async\" class=\"size-full wp-image-77340\" src=\"https:\/\/i0.wp.com\/www.eltrabajo.cl\/2017\/wp-content\/uploads\/2017\/02\/puro-campo-Segundo-Pichincura.jpg?resize=580%2C348\" alt=\"CHEF EXPERTO.- Segundo Pichincura, el experto cocinero que logra aportar su experiencia en Puro Campo, le acompa\u00f1a un excelente equipo de trabajo.\" width=\"580\" height=\"348\" srcset=\"https:\/\/i0.wp.com\/eltrabajo.cl\/portal\/wp-content\/uploads\/2017\/02\/puro-campo-Segundo-Pichincura.jpg?w=580&amp;ssl=1 580w, https:\/\/i0.wp.com\/eltrabajo.cl\/portal\/wp-content\/uploads\/2017\/02\/puro-campo-Segundo-Pichincura.jpg?resize=200%2C120&amp;ssl=1 200w, https:\/\/i0.wp.com\/eltrabajo.cl\/portal\/wp-content\/uploads\/2017\/02\/puro-campo-Segundo-Pichincura.jpg?resize=300%2C180&amp;ssl=1 300w, https:\/\/i0.wp.com\/eltrabajo.cl\/portal\/wp-content\/uploads\/2017\/02\/puro-campo-Segundo-Pichincura.jpg?resize=250%2C150&amp;ssl=1 250w, https:\/\/i0.wp.com\/eltrabajo.cl\/portal\/wp-content\/uploads\/2017\/02\/puro-campo-Segundo-Pichincura.jpg?resize=400%2C240&amp;ssl=1 400w\" sizes=\"auto, (max-width: 580px) 100vw, 580px\" \/><figcaption id=\"caption-attachment-77340\" class=\"wp-caption-text\">CHEF EXPERTO.- Segundo Pichincura, el experto cocinero que logra aportar su experiencia en Puro Campo, le acompa\u00f1a un excelente equipo de trabajo.<\/figcaption><\/figure>\n","protected":false},"excerpt":{"rendered":"<p>Despu\u00e9s de un mes cerrado por remodelaci\u00f3n: Un positivo y esperado repunte a favor de \u2018La buena Cuchara\u2019 es el que fue anunciado este domingo en el Restaurante Puro Campo, conocido centro&#8230;<\/p>\n","protected":false},"author":1,"featured_media":77335,"comment_status":"open","ping_status":"open","sticky":false,"template":"","format":"standard","meta":{"advanced_seo_description":"","jetpack_seo_html_title":"","jetpack_seo_noindex":false,"_jetpack_memberships_contains_paid_content":false,"footnotes":""},"categories":[15],"tags":[],"class_list":["post-77334","post","type-post","status-publish","format-standard","has-post-thumbnail","hentry","category-comunidad"],"jetpack_featured_media_url":"https:\/\/i0.wp.com\/eltrabajo.cl\/portal\/wp-content\/uploads\/2017\/02\/puro-campo-Apetito33.jpg?fit=580%2C348&ssl=1","jetpack_sharing_enabled":true,"jetpack_likes_enabled":true,"jetpack-related-posts":[],"_links":{"self":[{"href":"https:\/\/eltrabajo.cl\/portal\/wp-json\/wp\/v2\/posts\/77334","targetHints":{"allow":["GET"]}}],"collection":[{"href":"https:\/\/eltrabajo.cl\/portal\/wp-json\/wp\/v2\/posts"}],"about":[{"href":"https:\/\/eltrabajo.cl\/portal\/wp-json\/wp\/v2\/types\/post"}],"author":[{"embeddable":true,"href":"https:\/\/eltrabajo.cl\/portal\/wp-json\/wp\/v2\/users\/1"}],"replies":[{"embeddable":true,"href":"https:\/\/eltrabajo.cl\/portal\/wp-json\/wp\/v2\/comments?post=77334"}],"version-history":[{"count":0,"href":"https:\/\/eltrabajo.cl\/portal\/wp-json\/wp\/v2\/posts\/77334\/revisions"}],"wp:featuredmedia":[{"embeddable":true,"href":"https:\/\/eltrabajo.cl\/portal\/wp-json\/wp\/v2\/media\/77335"}],"wp:attachment":[{"href":"https:\/\/eltrabajo.cl\/portal\/wp-json\/wp\/v2\/media?parent=77334"}],"wp:term":[{"taxonomy":"category","embeddable":true,"href":"https:\/\/eltrabajo.cl\/portal\/wp-json\/wp\/v2\/categories?post=77334"},{"taxonomy":"post_tag","embeddable":true,"href":"https:\/\/eltrabajo.cl\/portal\/wp-json\/wp\/v2\/tags?post=77334"}],"curies":[{"name":"wp","href":"https:\/\/api.w.org\/{rel}","templated":true}]}}