{"id":77343,"date":"2017-02-20T08:01:04","date_gmt":"2017-02-20T12:01:04","guid":{"rendered":"http:\/\/www.eltrabajo.cl\/2017\/?p=77343"},"modified":"2017-02-20T08:01:04","modified_gmt":"2017-02-20T12:01:04","slug":"pese-a-los-malos-resultados-vigevani-asegura-que-vendran-tiempos-mejores","status":"publish","type":"post","link":"https:\/\/eltrabajo.cl\/portal\/pese-a-los-malos-resultados-vigevani-asegura-que-vendran-tiempos-mejores\/","title":{"rendered":"Pese a los malos resultados Vigevani asegura que vendr\u00e1n tiempos mejores"},"content":{"rendered":"<figure id=\"attachment_77344\" aria-describedby=\"caption-attachment-77344\" style=\"width: 580px\" class=\"wp-caption alignnone\"><img data-recalc-dims=\"1\" loading=\"lazy\" decoding=\"async\" class=\"size-full wp-image-77344\" src=\"https:\/\/i0.wp.com\/www.eltrabajo.cl\/2017\/wp-content\/uploads\/2017\/02\/cesar-vigevani.jpg?resize=580%2C349\" alt=\"El t\u00e9cnico mostr\u00f3 su certeza que luego vendr\u00e1n los triunfos para su equipo.\" width=\"580\" height=\"349\" srcset=\"https:\/\/i0.wp.com\/eltrabajo.cl\/portal\/wp-content\/uploads\/2017\/02\/cesar-vigevani.jpg?w=580&amp;ssl=1 580w, https:\/\/i0.wp.com\/eltrabajo.cl\/portal\/wp-content\/uploads\/2017\/02\/cesar-vigevani.jpg?resize=200%2C120&amp;ssl=1 200w, https:\/\/i0.wp.com\/eltrabajo.cl\/portal\/wp-content\/uploads\/2017\/02\/cesar-vigevani.jpg?resize=300%2C181&amp;ssl=1 300w, https:\/\/i0.wp.com\/eltrabajo.cl\/portal\/wp-content\/uploads\/2017\/02\/cesar-vigevani.jpg?resize=249%2C150&amp;ssl=1 249w, https:\/\/i0.wp.com\/eltrabajo.cl\/portal\/wp-content\/uploads\/2017\/02\/cesar-vigevani.jpg?resize=400%2C241&amp;ssl=1 400w\" sizes=\"auto, (max-width: 580px) 100vw, 580px\" \/><figcaption id=\"caption-attachment-77344\" class=\"wp-caption-text\">El t\u00e9cnico mostr\u00f3 su certeza que luego vendr\u00e1n los triunfos para su equipo.<\/figcaption><\/figure>\n<p>Tras la pr\u00e1ctica matinal del viernes, El Trabajo Deportivo sostuvo una extensa conversaci\u00f3n con el entrenador de Uni\u00f3n San Felipe, C\u00e9sar Vigevani, quien respondi\u00f3 todas las interrogantes sobre el actual momento del equipo albirrojo.<br \/>\n<strong>&#8211; \u00bfEs sensible para el equipo la partida de Mart\u00edn Gim\u00e9nez?<\/strong><br \/>\n&#8211; \u201cS\u00ed, la verdad que s\u00ed, pero hay que entender que era una oportunidad para el jugador ir a un equipo (Sol de Am\u00e9rica) que jugar\u00e1 la Copa Sudamericana. El club decidi\u00f3 que era lo mejor para las dos partes, y bueno ya est\u00e1; ahora hay que seguir trabajando porque tenemos muy claro las metas para este semestre, y el que viene\u201d.<br \/>\n<strong>&#8211; \u00bfEra muy dif\u00edcil retenerlo?<\/strong><br \/>\n&#8211; \u201cAbsolutamente no hab\u00eda ninguna opci\u00f3n; pero estas cosas es mejor tomarlas como una oportunidad, ya que se les abrir\u00e1n puertas a otros jugadores de San Felipe\u201d.<br \/>\n<strong>&#8211; \u00bfQu\u00e9 sensaci\u00f3n lo embarga en estos momentos donde se ha perdido jugando bien?<\/strong><br \/>\n&#8211; \u201cDe amargura, y es que cuando t\u00fa pierdes jugando bien te da pena, porque hiciste todo para ganar; al contrario que cuando pierdes jugando mal, que da bronca (rabia). Lo del lunes pasado con Iberia fue muy penoso porque el equipo hizo bien las cosas en todos los aspectos e igual se perdi\u00f3\u201d.<br \/>\n<strong>&#8211; \u00bfSiente que se dan pasos hacia adelante?<\/strong><br \/>\n&#8211; \u201cObvio que s\u00ed, y el lunes se vio que fue as\u00ed, ahora eso hay que sostenerlo porque el equipo debe seguir jugando as\u00ed y terminar el torneo de esta forma, porque es la \u00fanica forma que las victorias llegar\u00e1n\u201d.<br \/>\n<strong>&#8211; Se nota que hace mucho hincapi\u00e9 en la forma.<\/strong><br \/>\n&#8211; \u201cClaro, y es que hay que convencer a los chicos que esta es la forma de jugar, porque la apuesta para el pr\u00f3ximo semestre es fuerte y no habr\u00e1 margen para errar\u201d.<br \/>\n<strong>&#8211; \u00bfLe preocupa la falta de gol?, porque la gente est\u00e1 centrando sus cr\u00edticas en Ignacio Jeraldino.<\/strong><br \/>\n&#8211; \u201cIgnacio Jeraldino es un chico del club. Siempre en la ciudad se habla que hay que darle opci\u00f3n de jugar a los canteranos y el \u2018Nacho\u2019 Jeraldino es un canterano, entonces hay que apoyarlo y darle la oportunidad. Lo que a \u00e9l le sucede le ha pasado y pasa a los mejores delanteros del mundo que a veces se les cierra el arco, pero hay que estar tranquilos porque \u00e9l tiene situaciones y se las crea, entonces en alg\u00fan momento vendr\u00e1n los goles\u201d.<br \/>\n<strong>&#8211; \u00bfEst\u00e1 dando con su once ideal?<\/strong><br \/>\n&#8211; \u201cS\u00ed, ya estoy dando con la base y ahora hay que fomentarla y equilibrarla\u201d.<br \/>\n<strong>&#8211; Es vital que haya buenos resultados porque de ellos dependen los resultados \u00bfconcuerda con eso?<\/strong><br \/>\n&#8211; \u201cEs l\u00f3gico que sea as\u00ed, adem\u00e1s que los triunfos le dan confianza al jugador, s\u00ed no podemos volvernos locos, porque con esta forma de jugar tendremos los resultados que necesitamos para conseguir lo que buscamos, principalmente en el pr\u00f3ximo torneo\u201d.<br \/>\n<strong>&#8211; Habr\u00e1 hartos d\u00edas para preparar el partido con Coquimbo.<\/strong><br \/>\n&#8211; \u201cSi y en esos (d\u00edas) se buscar\u00e1 recuperar a los jugadores que vienen de lesiones o falta de ritmo, para llegar aceitados a ese encuentro contra un rival muy dif\u00edcil\u201d.<\/p>\n","protected":false},"excerpt":{"rendered":"<p>Tras la pr\u00e1ctica matinal del viernes, El Trabajo Deportivo sostuvo una extensa conversaci\u00f3n con el entrenador de Uni\u00f3n San Felipe, C\u00e9sar Vigevani, quien respondi\u00f3 todas las interrogantes sobre el actual momento del&#8230;<\/p>\n","protected":false},"author":1,"featured_media":77344,"comment_status":"open","ping_status":"open","sticky":false,"template":"","format":"standard","meta":{"advanced_seo_description":"","jetpack_seo_html_title":"","jetpack_seo_noindex":false,"_jetpack_memberships_contains_paid_content":false,"footnotes":""},"categories":[19],"tags":[92],"class_list":["post-77343","post","type-post","status-publish","format-standard","has-post-thumbnail","hentry","category-deportes","tag-union-san-felipe"],"jetpack_featured_media_url":"https:\/\/i0.wp.com\/eltrabajo.cl\/portal\/wp-content\/uploads\/2017\/02\/cesar-vigevani.jpg?fit=580%2C349&ssl=1","jetpack_sharing_enabled":true,"jetpack_likes_enabled":true,"jetpack-related-posts":[],"_links":{"self":[{"href":"https:\/\/eltrabajo.cl\/portal\/wp-json\/wp\/v2\/posts\/77343","targetHints":{"allow":["GET"]}}],"collection":[{"href":"https:\/\/eltrabajo.cl\/portal\/wp-json\/wp\/v2\/posts"}],"about":[{"href":"https:\/\/eltrabajo.cl\/portal\/wp-json\/wp\/v2\/types\/post"}],"author":[{"embeddable":true,"href":"https:\/\/eltrabajo.cl\/portal\/wp-json\/wp\/v2\/users\/1"}],"replies":[{"embeddable":true,"href":"https:\/\/eltrabajo.cl\/portal\/wp-json\/wp\/v2\/comments?post=77343"}],"version-history":[{"count":0,"href":"https:\/\/eltrabajo.cl\/portal\/wp-json\/wp\/v2\/posts\/77343\/revisions"}],"wp:featuredmedia":[{"embeddable":true,"href":"https:\/\/eltrabajo.cl\/portal\/wp-json\/wp\/v2\/media\/77344"}],"wp:attachment":[{"href":"https:\/\/eltrabajo.cl\/portal\/wp-json\/wp\/v2\/media?parent=77343"}],"wp:term":[{"taxonomy":"category","embeddable":true,"href":"https:\/\/eltrabajo.cl\/portal\/wp-json\/wp\/v2\/categories?post=77343"},{"taxonomy":"post_tag","embeddable":true,"href":"https:\/\/eltrabajo.cl\/portal\/wp-json\/wp\/v2\/tags?post=77343"}],"curies":[{"name":"wp","href":"https:\/\/api.w.org\/{rel}","templated":true}]}}