{"id":77371,"date":"2017-02-21T07:54:26","date_gmt":"2017-02-21T11:54:26","guid":{"rendered":"http:\/\/www.eltrabajo.cl\/2017\/?p=77371"},"modified":"2017-02-21T07:54:26","modified_gmt":"2017-02-21T11:54:26","slug":"urlo-se-luce-en-lanzamiento-de-su-ep-y-hace-estallar-la-armonia","status":"publish","type":"post","link":"https:\/\/eltrabajo.cl\/portal\/urlo-se-luce-en-lanzamiento-de-su-ep-y-hace-estallar-la-armonia\/","title":{"rendered":"Urlo se luce en lanzamiento de su EP y hace estallar la armon\u00eda"},"content":{"rendered":"<figure id=\"attachment_77373\" aria-describedby=\"caption-attachment-77373\" style=\"width: 580px\" class=\"wp-caption alignnone\"><img data-recalc-dims=\"1\" loading=\"lazy\" decoding=\"async\" class=\"size-full wp-image-77373\" src=\"https:\/\/i0.wp.com\/www.eltrabajo.cl\/2017\/wp-content\/uploads\/2017\/02\/URLO-Javier-Munoz.jpg?resize=580%2C348\" alt=\"MAGO DEL SAXO.- Javier Mu\u00f1oz hizo de las suyas con el saxo, pues \u00e9l cada vez logra m\u00e1s experiencia en esta banda sanfelipe\u00f1a.\" width=\"580\" height=\"348\" srcset=\"https:\/\/i0.wp.com\/eltrabajo.cl\/portal\/wp-content\/uploads\/2017\/02\/URLO-Javier-Munoz.jpg?w=580&amp;ssl=1 580w, https:\/\/i0.wp.com\/eltrabajo.cl\/portal\/wp-content\/uploads\/2017\/02\/URLO-Javier-Munoz.jpg?resize=200%2C120&amp;ssl=1 200w, https:\/\/i0.wp.com\/eltrabajo.cl\/portal\/wp-content\/uploads\/2017\/02\/URLO-Javier-Munoz.jpg?resize=300%2C180&amp;ssl=1 300w, https:\/\/i0.wp.com\/eltrabajo.cl\/portal\/wp-content\/uploads\/2017\/02\/URLO-Javier-Munoz.jpg?resize=250%2C150&amp;ssl=1 250w, https:\/\/i0.wp.com\/eltrabajo.cl\/portal\/wp-content\/uploads\/2017\/02\/URLO-Javier-Munoz.jpg?resize=400%2C240&amp;ssl=1 400w\" sizes=\"auto, (max-width: 580px) 100vw, 580px\" \/><figcaption id=\"caption-attachment-77373\" class=\"wp-caption-text\">MAGO DEL SAXO.- Javier Mu\u00f1oz hizo de las suyas con el saxo, pues \u00e9l cada vez logra m\u00e1s experiencia en esta banda sanfelipe\u00f1a.<\/figcaption><\/figure>\n<ul>\n<li><span style=\"color: #ff0000;\"><strong>En Centro Cultural Estaci\u00f3n Riquelme:<\/strong><\/span><\/li>\n<\/ul>\n<p>Hace pocas semanas en Diario El Trabajo hab\u00edamos presentado a la Banda Urlo, ellos en su entrevista nos explicaron c\u00f3mo se abren paso en nuestro valle con sus originales propuestas musicales, pues bien, ahora estos chicos ofrecieron su trabajo en la sesi\u00f3n musical \u2018Metr\u00f3nomo\u2019, la que arranc\u00f3 este domingo alrededor de las 18:00 horas con la presentaci\u00f3n de \u2018Ohmdo\u2019, banda de hard rock oriunda de Los Andes, misma que abri\u00f3 los fuegos de la jornada cultural con gran potencia musical e incandescentes riff, los que no dejaron indiferentes a los cerca de 60 asistentes que llegaron a las dependencias del Centro Cultural Estaci\u00f3n Riquelme, espacio ubicado en Calle Buin #63.<\/p>\n<p><strong>EL PLATO FUERTE<\/strong><br \/>\nLa cita, que inclu\u00eda la participaci\u00f3n de expositores locales de las artes y el dise\u00f1o de Aconcagua dentro del sal\u00f3n principal, estuvo marcada por el lanzamiento del primer material f\u00edsico (EP), que son seis temas de los aconcag\u00fcinos de \u2018Urlo\u2019, cuarteto musical originario de la zona que nos hizo despegar en un viaje m\u00e1gico y revelador por un universo de melod\u00edas paralelas en constante progresi\u00f3n, las cuales conjugan un sonido de vanguardia de corte original y fresco que anuncia el devenir de una atm\u00f3sfera c\u00f3smica.<\/p>\n<p><strong>\u2018MADE IN SANFE\u2019<\/strong><br \/>\nEste EP titulado \u2018Devenir\u2019, el cual cuenta con la particularidad de no haber sido grabado en sesiones individuales si no directamente en vivo, fue concebido en Estudio Riff de San Felipe. \u2018Devenir\u2019 fue un trabajo musical mezclado y masterizado por Pablo Barra en Heli\u00f3sfera Records, mientras el arte de portada fue dise\u00f1ado por Lucas Israyy, todo bajo el alero del sello local Experimentos Rurales. Urlo lo compone Sebasti\u00e1n Ponce en bater\u00eda; Pedro Mu\u00f1oz en bajo; Javier Mu\u00f1oz en sintetizador y saxo, y Lucas Israyy en guitarra.<\/p>\n<p><strong>A SOLAS CON EL GUITARRISTA<\/strong><br \/>\nEsta banda aconcag\u00fcina nace en 2012 con una formaci\u00f3n de tr\u00edo, compuesta por amigos y vecinos del barrio. Hoy se presenta como cuarteto, a\u00f1adiendo nuevos sonidos a su m\u00fasica. Lucas Israyy, guitarrista de Urlo y miembro fundador de la banda, habl\u00f3 con Diario El Trabajo sobre la propuesta musical que plantea este cuarteto instrumental.<br \/>\n\u00abAc\u00e1 en San Felipe no hab\u00eda una banda que fuera puramente instrumental. Nosotros apostamos por algo as\u00ed, sin necesitar un vocalista que nos represente sino que comunicarnos a partir de la variedad de instrumentos que tenemos. Al principio comenzamos haciendo post-rock y nos vimos s\u00faper influenciados por esto, pero siempre con la meta de hacer rock progresivo y no otra cosa. A pesar de ser una banda de rock progresivo tratamos de alimentarnos de otras influencias\u00bb, dijo Israyy.<\/p>\n<p><strong>GRAN ESFUERZO<\/strong><br \/>\nSebasti\u00e1n Ponce, baterista de Urlo, nos habl\u00f3 por su parte acerca de la relaci\u00f3n que la banda ha cultivado con el sello aconcag\u00fcino \u2018Experimentos Rurales\u2019, \u00abpara nosotros el sello es un apoyo muy importante, ya que nos entregan las herramientas, difunden nuestra m\u00fasica y adem\u00e1s nos ayudaron a hacer nuestro EP. Ha sido una experiencia muy grata durante estos cinco a\u00f1os. Ac\u00e1 ha habido mucho esfuerzo detr\u00e1s y eso se ha visto en este evento el d\u00eda de hoy\u00bb.<br \/>\nLa banda actualmente se encuentra con proyecciones en la escena nacional. Sacar el disco de mayor duraci\u00f3n, incluyendo la nueva formaci\u00f3n de cuarteto, adem\u00e1s de integrar los temas nuevos que est\u00e1n trabajando es una de las metas que se proponen para finalizar de la mejor manera este a\u00f1o.<br \/>\n<strong>Felipe Fa\u00fandez M.<\/strong><br \/>\n<strong>Fotos: Felipe Maldini @airesfrescos<\/strong><\/p>\n<figure id=\"attachment_77374\" aria-describedby=\"caption-attachment-77374\" style=\"width: 580px\" class=\"wp-caption alignnone\"><img data-recalc-dims=\"1\" loading=\"lazy\" decoding=\"async\" class=\"size-full wp-image-77374\" src=\"https:\/\/i0.wp.com\/www.eltrabajo.cl\/2017\/wp-content\/uploads\/2017\/02\/URLO-Lucas-Israyy.jpg?resize=580%2C348\" alt=\"Lucas Israyy, guitarrista de Urlo.\" width=\"580\" height=\"348\" srcset=\"https:\/\/i0.wp.com\/eltrabajo.cl\/portal\/wp-content\/uploads\/2017\/02\/URLO-Lucas-Israyy.jpg?w=580&amp;ssl=1 580w, https:\/\/i0.wp.com\/eltrabajo.cl\/portal\/wp-content\/uploads\/2017\/02\/URLO-Lucas-Israyy.jpg?resize=200%2C120&amp;ssl=1 200w, https:\/\/i0.wp.com\/eltrabajo.cl\/portal\/wp-content\/uploads\/2017\/02\/URLO-Lucas-Israyy.jpg?resize=300%2C180&amp;ssl=1 300w, https:\/\/i0.wp.com\/eltrabajo.cl\/portal\/wp-content\/uploads\/2017\/02\/URLO-Lucas-Israyy.jpg?resize=250%2C150&amp;ssl=1 250w, https:\/\/i0.wp.com\/eltrabajo.cl\/portal\/wp-content\/uploads\/2017\/02\/URLO-Lucas-Israyy.jpg?resize=400%2C240&amp;ssl=1 400w\" sizes=\"auto, (max-width: 580px) 100vw, 580px\" \/><figcaption id=\"caption-attachment-77374\" class=\"wp-caption-text\">Lucas Israyy, guitarrista de Urlo.<\/figcaption><\/figure>\n<figure id=\"attachment_77375\" aria-describedby=\"caption-attachment-77375\" style=\"width: 580px\" class=\"wp-caption alignnone\"><img data-recalc-dims=\"1\" loading=\"lazy\" decoding=\"async\" class=\"size-full wp-image-77375\" src=\"https:\/\/i0.wp.com\/www.eltrabajo.cl\/2017\/wp-content\/uploads\/2017\/02\/URLO-Pedro-Munoz.jpg?resize=580%2C348\" alt=\"SU PRIMER EP.- Pedro Mu\u00f1oz muestra orgulloso a Diario El Trabajo su primer EP de Urlo, una se\u00f1al clara de que esta banda va directo a la cima.\" width=\"580\" height=\"348\" srcset=\"https:\/\/i0.wp.com\/eltrabajo.cl\/portal\/wp-content\/uploads\/2017\/02\/URLO-Pedro-Munoz.jpg?w=580&amp;ssl=1 580w, https:\/\/i0.wp.com\/eltrabajo.cl\/portal\/wp-content\/uploads\/2017\/02\/URLO-Pedro-Munoz.jpg?resize=200%2C120&amp;ssl=1 200w, https:\/\/i0.wp.com\/eltrabajo.cl\/portal\/wp-content\/uploads\/2017\/02\/URLO-Pedro-Munoz.jpg?resize=300%2C180&amp;ssl=1 300w, https:\/\/i0.wp.com\/eltrabajo.cl\/portal\/wp-content\/uploads\/2017\/02\/URLO-Pedro-Munoz.jpg?resize=250%2C150&amp;ssl=1 250w, https:\/\/i0.wp.com\/eltrabajo.cl\/portal\/wp-content\/uploads\/2017\/02\/URLO-Pedro-Munoz.jpg?resize=400%2C240&amp;ssl=1 400w\" sizes=\"auto, (max-width: 580px) 100vw, 580px\" \/><figcaption id=\"caption-attachment-77375\" class=\"wp-caption-text\">SU PRIMER EP.- Pedro Mu\u00f1oz muestra orgulloso a Diario El Trabajo su primer EP de Urlo, una se\u00f1al clara de que esta banda va directo a la cima.<\/figcaption><\/figure>\n<figure id=\"attachment_77376\" aria-describedby=\"caption-attachment-77376\" style=\"width: 580px\" class=\"wp-caption alignnone\"><img data-recalc-dims=\"1\" loading=\"lazy\" decoding=\"async\" class=\"size-full wp-image-77376\" src=\"https:\/\/i0.wp.com\/www.eltrabajo.cl\/2017\/wp-content\/uploads\/2017\/02\/Urlo1.jpg?resize=580%2C350\" alt=\"BANDA URLO.- Aqu\u00ed tenemos a los chicos de Urlo San Felipe, m\u00fasicos locales que ya est\u00e1n pegando duro en las radios del valle.\" width=\"580\" height=\"350\" srcset=\"https:\/\/i0.wp.com\/eltrabajo.cl\/portal\/wp-content\/uploads\/2017\/02\/Urlo1.jpg?w=580&amp;ssl=1 580w, https:\/\/i0.wp.com\/eltrabajo.cl\/portal\/wp-content\/uploads\/2017\/02\/Urlo1.jpg?resize=200%2C121&amp;ssl=1 200w, https:\/\/i0.wp.com\/eltrabajo.cl\/portal\/wp-content\/uploads\/2017\/02\/Urlo1.jpg?resize=300%2C181&amp;ssl=1 300w, https:\/\/i0.wp.com\/eltrabajo.cl\/portal\/wp-content\/uploads\/2017\/02\/Urlo1.jpg?resize=249%2C150&amp;ssl=1 249w, https:\/\/i0.wp.com\/eltrabajo.cl\/portal\/wp-content\/uploads\/2017\/02\/Urlo1.jpg?resize=400%2C241&amp;ssl=1 400w\" sizes=\"auto, (max-width: 580px) 100vw, 580px\" \/><figcaption id=\"caption-attachment-77376\" class=\"wp-caption-text\">BANDA URLO.- Aqu\u00ed tenemos a los chicos de Urlo San Felipe, m\u00fasicos locales que ya est\u00e1n pegando duro en las radios del valle.<\/figcaption><\/figure>\n<figure id=\"attachment_77372\" aria-describedby=\"caption-attachment-77372\" style=\"width: 580px\" class=\"wp-caption alignnone\"><img data-recalc-dims=\"1\" loading=\"lazy\" decoding=\"async\" class=\"size-full wp-image-77372\" src=\"https:\/\/i0.wp.com\/www.eltrabajo.cl\/2017\/wp-content\/uploads\/2017\/02\/URLO-Feria33.jpg?resize=580%2C348\" alt=\"LA FERIA.- Otros m\u00fasicos invitados tambi\u00e9n aprovecharon para realizar su tradicional feria, para variar un poco.\" width=\"580\" height=\"348\" srcset=\"https:\/\/i0.wp.com\/eltrabajo.cl\/portal\/wp-content\/uploads\/2017\/02\/URLO-Feria33.jpg?w=580&amp;ssl=1 580w, https:\/\/i0.wp.com\/eltrabajo.cl\/portal\/wp-content\/uploads\/2017\/02\/URLO-Feria33.jpg?resize=200%2C120&amp;ssl=1 200w, https:\/\/i0.wp.com\/eltrabajo.cl\/portal\/wp-content\/uploads\/2017\/02\/URLO-Feria33.jpg?resize=300%2C180&amp;ssl=1 300w, https:\/\/i0.wp.com\/eltrabajo.cl\/portal\/wp-content\/uploads\/2017\/02\/URLO-Feria33.jpg?resize=250%2C150&amp;ssl=1 250w, https:\/\/i0.wp.com\/eltrabajo.cl\/portal\/wp-content\/uploads\/2017\/02\/URLO-Feria33.jpg?resize=400%2C240&amp;ssl=1 400w\" sizes=\"auto, (max-width: 580px) 100vw, 580px\" \/><figcaption id=\"caption-attachment-77372\" class=\"wp-caption-text\">LA FERIA.- Otros m\u00fasicos invitados tambi\u00e9n aprovecharon para realizar su tradicional feria, para variar un poco.<\/figcaption><\/figure>\n","protected":false},"excerpt":{"rendered":"<p>En Centro Cultural Estaci\u00f3n Riquelme: Hace pocas semanas en Diario El Trabajo hab\u00edamos presentado a la Banda Urlo, ellos en su entrevista nos explicaron c\u00f3mo se abren paso en nuestro valle con&#8230;<\/p>\n","protected":false},"author":1,"featured_media":77376,"comment_status":"open","ping_status":"open","sticky":false,"template":"","format":"standard","meta":{"advanced_seo_description":"","jetpack_seo_html_title":"","jetpack_seo_noindex":false,"_jetpack_memberships_contains_paid_content":false,"footnotes":""},"categories":[20],"tags":[],"class_list":["post-77371","post","type-post","status-publish","format-standard","has-post-thumbnail","hentry","category-arte-y-cultura"],"jetpack_featured_media_url":"https:\/\/i0.wp.com\/eltrabajo.cl\/portal\/wp-content\/uploads\/2017\/02\/Urlo1.jpg?fit=580%2C350&ssl=1","jetpack_sharing_enabled":true,"jetpack_likes_enabled":true,"jetpack-related-posts":[],"_links":{"self":[{"href":"https:\/\/eltrabajo.cl\/portal\/wp-json\/wp\/v2\/posts\/77371","targetHints":{"allow":["GET"]}}],"collection":[{"href":"https:\/\/eltrabajo.cl\/portal\/wp-json\/wp\/v2\/posts"}],"about":[{"href":"https:\/\/eltrabajo.cl\/portal\/wp-json\/wp\/v2\/types\/post"}],"author":[{"embeddable":true,"href":"https:\/\/eltrabajo.cl\/portal\/wp-json\/wp\/v2\/users\/1"}],"replies":[{"embeddable":true,"href":"https:\/\/eltrabajo.cl\/portal\/wp-json\/wp\/v2\/comments?post=77371"}],"version-history":[{"count":0,"href":"https:\/\/eltrabajo.cl\/portal\/wp-json\/wp\/v2\/posts\/77371\/revisions"}],"wp:featuredmedia":[{"embeddable":true,"href":"https:\/\/eltrabajo.cl\/portal\/wp-json\/wp\/v2\/media\/77376"}],"wp:attachment":[{"href":"https:\/\/eltrabajo.cl\/portal\/wp-json\/wp\/v2\/media?parent=77371"}],"wp:term":[{"taxonomy":"category","embeddable":true,"href":"https:\/\/eltrabajo.cl\/portal\/wp-json\/wp\/v2\/categories?post=77371"},{"taxonomy":"post_tag","embeddable":true,"href":"https:\/\/eltrabajo.cl\/portal\/wp-json\/wp\/v2\/tags?post=77371"}],"curies":[{"name":"wp","href":"https:\/\/api.w.org\/{rel}","templated":true}]}}