{"id":77378,"date":"2017-02-21T07:58:23","date_gmt":"2017-02-21T11:58:23","guid":{"rendered":"http:\/\/www.eltrabajo.cl\/2017\/?p=77378"},"modified":"2017-02-21T07:58:23","modified_gmt":"2017-02-21T11:58:23","slug":"vecinos-de-las-4-villas-dan-a-conocer-las-noticias-de-su-barrio","status":"publish","type":"post","link":"https:\/\/eltrabajo.cl\/portal\/vecinos-de-las-4-villas-dan-a-conocer-las-noticias-de-su-barrio\/","title":{"rendered":"Vecinos de Las 4 Villas dan a conocer las noticias de su barrio"},"content":{"rendered":"<figure id=\"attachment_77379\" aria-describedby=\"caption-attachment-77379\" style=\"width: 580px\" class=\"wp-caption alignnone\"><img data-recalc-dims=\"1\" loading=\"lazy\" decoding=\"async\" class=\"size-full wp-image-77379\" src=\"https:\/\/i0.wp.com\/www.eltrabajo.cl\/2017\/wp-content\/uploads\/2017\/02\/BOLETIN-VECINAL-2.jpg?resize=580%2C348\" alt=\"Vecinos del sector, junto a autoridades locales realizaron una entrega simb\u00f3lica del bolet\u00edn informativo, el que re\u00fane contenidos definidos por la comunidad del barrio.\" width=\"580\" height=\"348\" srcset=\"https:\/\/i0.wp.com\/eltrabajo.cl\/portal\/wp-content\/uploads\/2017\/02\/BOLETIN-VECINAL-2.jpg?w=580&amp;ssl=1 580w, https:\/\/i0.wp.com\/eltrabajo.cl\/portal\/wp-content\/uploads\/2017\/02\/BOLETIN-VECINAL-2.jpg?resize=200%2C120&amp;ssl=1 200w, https:\/\/i0.wp.com\/eltrabajo.cl\/portal\/wp-content\/uploads\/2017\/02\/BOLETIN-VECINAL-2.jpg?resize=300%2C180&amp;ssl=1 300w, https:\/\/i0.wp.com\/eltrabajo.cl\/portal\/wp-content\/uploads\/2017\/02\/BOLETIN-VECINAL-2.jpg?resize=250%2C150&amp;ssl=1 250w, https:\/\/i0.wp.com\/eltrabajo.cl\/portal\/wp-content\/uploads\/2017\/02\/BOLETIN-VECINAL-2.jpg?resize=400%2C240&amp;ssl=1 400w\" sizes=\"auto, (max-width: 580px) 100vw, 580px\" \/><figcaption id=\"caption-attachment-77379\" class=\"wp-caption-text\">Vecinos del sector, junto a autoridades locales realizaron una entrega simb\u00f3lica del bolet\u00edn informativo, el que re\u00fane contenidos definidos por la comunidad del barrio.<\/figcaption><\/figure>\n<ul>\n<li><span style=\"color: #ff0000;\"><strong>A trav\u00e9s de la edici\u00f3n de un bolet\u00edn informativo buscan mejorar la comunicaci\u00f3n entre sus habitantes y difundir el trabajo de recuperaci\u00f3n en este sector.<\/strong><\/span><\/li>\n<\/ul>\n<p>Con orgullo los vecinos del barrio Las 4 Villas de la comuna de San Felipe, integrado por las villas Industrial, Sol Naciente, 250 A\u00f1os y Renacer; dieron a conocer la primera edici\u00f3n del bolet\u00edn informativo que lleva por nombre \u2018Juntos Avanzamos\u2019.<br \/>\nCabe destacar, que se trata de una herramienta comunicacional que surge desde las mismas necesidades de los vecinos del sector, en la b\u00fasqueda de contar con un nexo para dar a conocer el trabajo comunitario que se est\u00e1 efectuando en la zona, en el marco de la ejecuci\u00f3n del Programa Quiero Mi Barrio del Ministerio de Vivienda y Urbanismo.<br \/>\nFue as\u00ed como los vecinos de este sector, junto a autoridades locales realizaron una entrega simb\u00f3lica del bolet\u00edn informativo, el que re\u00fane contenidos definidos por la comunidad del barrio, tal como lo dio a conocer Giovani Irarr\u00e1zaval, presidente del Consejo Vecinal de Desarrollo de Las 4 Villas.<br \/>\n\u201cEl beneficio que este tipo de acciones le entrega a los vecinos principalmente es la uni\u00f3n del barrio, trabajando codo a codo con las autoridades y eso se agradece. Y el Programa Quiero Mi Barrio ha servido para quitarle la estigmatizaci\u00f3n que sufr\u00eda el sector, donde los vecinos han logrado empoderarse y organizarse con toda la planificaci\u00f3n del barrio. Lo principal es que estamos dando a conocer a San Felipe que somos parte de la ciudad, ya no nos sentimos aislados o como el patio trasero de la comuna, gracias al trabajo de los vecinos\u201d, precis\u00f3 el dirigente.<br \/>\nAsimismo, Rodrigo Uribe, seremi de Vivienda y Urbanismo de Valpara\u00edso, destac\u00f3 la publicaci\u00f3n lograda por la comunidad, la que forma parte de un plan de difusi\u00f3n que busca disminuir el estigma social del barrio.<br \/>\n\u201cEsta es la experiencia de un bolet\u00edn que forma parte de la estrategia comunicacional que ha desarrollado el barrio, donde da a conocer la experiencia vecinal y adem\u00e1s las obras que se han ido materializando, porque este es un programa que tiene contantes solicitudes por parte del municipio y en este caso queremos darles mucha difusi\u00f3n. Esto nos parece tremendamente importante, porque genera una comunicaci\u00f3n en un barrio que siempre ha estado estigmatizado por la comunidad y el resto de la comuna\u201d, se\u00f1al\u00f3.<br \/>\nPor su parte, el alcalde de San Felipe, Patricio Freire, se refiri\u00f3 al cambio que ha tenido el barrio Las 4 Villas y que se ve reflejado en la edici\u00f3n del bolet\u00edn vecinal de noticias.<br \/>\n\u201cDesde que lleg\u00f3 este programa a Las 4 Villas la estigmatizaci\u00f3n que ten\u00eda este sector tan importante de la comuna ha disminuido. Hoy vemos c\u00f3mo los dirigentes y los vecinos est\u00e1n empoderados, tienen una mirada diferente de ciudad y ya no est\u00e1n estigmatizados, sino que est\u00e1n viendo que est\u00e1n siendo incluidos en el desarrollo de la comuna. Tenemos nuevas luminarias, van a venir calles pavimentadas y con eso la comunidad del barrio se siente tocada y dentro de la inclusi\u00f3n de ciudad\u201d, destac\u00f3 el edil.<\/p>\n<figure id=\"attachment_77380\" aria-describedby=\"caption-attachment-77380\" style=\"width: 580px\" class=\"wp-caption alignnone\"><img data-recalc-dims=\"1\" loading=\"lazy\" decoding=\"async\" class=\"size-full wp-image-77380\" src=\"https:\/\/i0.wp.com\/www.eltrabajo.cl\/2017\/wp-content\/uploads\/2017\/02\/portada-BOLETIN-VECINAL.jpg?resize=580%2C350\" alt=\"Vecinos del barrio Las 4 Villas, junto al seremi de Vivienda y Urbanismo, Rodrigo Uribe, el gobernador Eduardo Le\u00f3n, el alcalde Patricio Freire y concejales; realizaron la entrega de la primera edici\u00f3n del bolet\u00edn informativo vecinal \u2018Juntos Avanzamos\u2019.\" width=\"580\" height=\"350\" srcset=\"https:\/\/i0.wp.com\/eltrabajo.cl\/portal\/wp-content\/uploads\/2017\/02\/portada-BOLETIN-VECINAL.jpg?w=580&amp;ssl=1 580w, https:\/\/i0.wp.com\/eltrabajo.cl\/portal\/wp-content\/uploads\/2017\/02\/portada-BOLETIN-VECINAL.jpg?resize=200%2C121&amp;ssl=1 200w, https:\/\/i0.wp.com\/eltrabajo.cl\/portal\/wp-content\/uploads\/2017\/02\/portada-BOLETIN-VECINAL.jpg?resize=300%2C181&amp;ssl=1 300w, https:\/\/i0.wp.com\/eltrabajo.cl\/portal\/wp-content\/uploads\/2017\/02\/portada-BOLETIN-VECINAL.jpg?resize=249%2C150&amp;ssl=1 249w, https:\/\/i0.wp.com\/eltrabajo.cl\/portal\/wp-content\/uploads\/2017\/02\/portada-BOLETIN-VECINAL.jpg?resize=400%2C241&amp;ssl=1 400w\" sizes=\"auto, (max-width: 580px) 100vw, 580px\" \/><figcaption id=\"caption-attachment-77380\" class=\"wp-caption-text\">Vecinos del barrio Las 4 Villas, junto al seremi de Vivienda y Urbanismo, Rodrigo Uribe, el gobernador Eduardo Le\u00f3n, el alcalde Patricio Freire y concejales; realizaron la entrega de la primera edici\u00f3n del bolet\u00edn informativo vecinal \u2018Juntos Avanzamos\u2019.<\/figcaption><\/figure>\n","protected":false},"excerpt":{"rendered":"<p>A trav\u00e9s de la edici\u00f3n de un bolet\u00edn informativo buscan mejorar la comunicaci\u00f3n entre sus habitantes y difundir el trabajo de recuperaci\u00f3n en este sector. Con orgullo los vecinos del barrio Las&#8230;<\/p>\n","protected":false},"author":1,"featured_media":77380,"comment_status":"open","ping_status":"open","sticky":false,"template":"","format":"standard","meta":{"advanced_seo_description":"","jetpack_seo_html_title":"","jetpack_seo_noindex":false,"_jetpack_memberships_contains_paid_content":false,"footnotes":""},"categories":[15],"tags":[],"class_list":["post-77378","post","type-post","status-publish","format-standard","has-post-thumbnail","hentry","category-comunidad"],"jetpack_featured_media_url":"https:\/\/i0.wp.com\/eltrabajo.cl\/portal\/wp-content\/uploads\/2017\/02\/portada-BOLETIN-VECINAL.jpg?fit=580%2C350&ssl=1","jetpack_sharing_enabled":true,"jetpack_likes_enabled":true,"jetpack-related-posts":[],"_links":{"self":[{"href":"https:\/\/eltrabajo.cl\/portal\/wp-json\/wp\/v2\/posts\/77378","targetHints":{"allow":["GET"]}}],"collection":[{"href":"https:\/\/eltrabajo.cl\/portal\/wp-json\/wp\/v2\/posts"}],"about":[{"href":"https:\/\/eltrabajo.cl\/portal\/wp-json\/wp\/v2\/types\/post"}],"author":[{"embeddable":true,"href":"https:\/\/eltrabajo.cl\/portal\/wp-json\/wp\/v2\/users\/1"}],"replies":[{"embeddable":true,"href":"https:\/\/eltrabajo.cl\/portal\/wp-json\/wp\/v2\/comments?post=77378"}],"version-history":[{"count":0,"href":"https:\/\/eltrabajo.cl\/portal\/wp-json\/wp\/v2\/posts\/77378\/revisions"}],"wp:featuredmedia":[{"embeddable":true,"href":"https:\/\/eltrabajo.cl\/portal\/wp-json\/wp\/v2\/media\/77380"}],"wp:attachment":[{"href":"https:\/\/eltrabajo.cl\/portal\/wp-json\/wp\/v2\/media?parent=77378"}],"wp:term":[{"taxonomy":"category","embeddable":true,"href":"https:\/\/eltrabajo.cl\/portal\/wp-json\/wp\/v2\/categories?post=77378"},{"taxonomy":"post_tag","embeddable":true,"href":"https:\/\/eltrabajo.cl\/portal\/wp-json\/wp\/v2\/tags?post=77378"}],"curies":[{"name":"wp","href":"https:\/\/api.w.org\/{rel}","templated":true}]}}