{"id":77391,"date":"2017-02-21T08:08:40","date_gmt":"2017-02-21T12:08:40","guid":{"rendered":"http:\/\/www.eltrabajo.cl\/2017\/?p=77391"},"modified":"2017-02-21T08:08:40","modified_gmt":"2017-02-21T12:08:40","slug":"impacta-muerte-de-menor-de-15-anos-jugador-cadete-de-union-san-felipe","status":"publish","type":"post","link":"https:\/\/eltrabajo.cl\/portal\/impacta-muerte-de-menor-de-15-anos-jugador-cadete-de-union-san-felipe\/","title":{"rendered":"Impacta muerte de menor de 15 a\u00f1os jugador cadete de Uni\u00f3n San Felipe"},"content":{"rendered":"<figure id=\"attachment_77392\" aria-describedby=\"caption-attachment-77392\" style=\"width: 580px\" class=\"wp-caption alignnone\"><img data-recalc-dims=\"1\" loading=\"lazy\" decoding=\"async\" class=\"size-full wp-image-77392\" src=\"https:\/\/i0.wp.com\/www.eltrabajo.cl\/2017\/wp-content\/uploads\/2017\/02\/pablo-apablaza.jpg?resize=580%2C349\" alt=\"Pablo Jes\u00fas Apablaza Le\u00f3n, un jugador con proyecci\u00f3n,  hab\u00eda cumplido el pasado 8 de enero sus 15 a\u00f1os de edad.\" width=\"580\" height=\"349\" srcset=\"https:\/\/i0.wp.com\/eltrabajo.cl\/portal\/wp-content\/uploads\/2017\/02\/pablo-apablaza.jpg?w=580&amp;ssl=1 580w, https:\/\/i0.wp.com\/eltrabajo.cl\/portal\/wp-content\/uploads\/2017\/02\/pablo-apablaza.jpg?resize=200%2C120&amp;ssl=1 200w, https:\/\/i0.wp.com\/eltrabajo.cl\/portal\/wp-content\/uploads\/2017\/02\/pablo-apablaza.jpg?resize=300%2C181&amp;ssl=1 300w, https:\/\/i0.wp.com\/eltrabajo.cl\/portal\/wp-content\/uploads\/2017\/02\/pablo-apablaza.jpg?resize=249%2C150&amp;ssl=1 249w, https:\/\/i0.wp.com\/eltrabajo.cl\/portal\/wp-content\/uploads\/2017\/02\/pablo-apablaza.jpg?resize=400%2C241&amp;ssl=1 400w\" sizes=\"auto, (max-width: 580px) 100vw, 580px\" \/><figcaption id=\"caption-attachment-77392\" class=\"wp-caption-text\">Pablo Jes\u00fas Apablaza Le\u00f3n, un jugador con proyecci\u00f3n, hab\u00eda cumplido el pasado 8 de enero sus 15 a\u00f1os de edad.<\/figcaption><\/figure>\n<ul>\n<li><span style=\"color: #ff0000;\"><strong>&#8216;Causa de muerte indeterminada&#8217;:<\/strong><\/span><\/li>\n<\/ul>\n<p>Profundo impacto caus\u00f3 ayer en horas de la tarde, la sorpresiva y repentina muerte del joven Pablo Jes\u00fas Apablaza Le\u00f3n, de 15 a\u00f1os de edad, jugador cadete de Uni\u00f3n San Felipe, quien alrededor de las 14 horas fue encontrado sin vida por sus padres en su residencia en el sector de Las Coimas en San Felipe.<br \/>\nSeg\u00fan los pocos antecedentes alcanzados a reunir anoche al cierre de la presente edici\u00f3n, el joven jugador, definido como un muchacho con proyecci\u00f3n, que podr\u00eda llegar a tener un buen futuro en el deporte del bal\u00f3n pie, fue hallado desvanecido por sus padres cuando \u00e9stos se retiraron de su local comercial de venta de ropa ubicado en Carlos Condell con Coimas, en San Felipe, para dirigirse a su casa en el sector de Las Coimas a la hora de almuerzo.<br \/>\nAl llegar a la vivienda los padres encuentran al joven desvanecido, siendo trasladado r\u00e1pidamente por personal del Samu hasta el servicio de urgencia del Hospital San Camilo, donde solo pudieron constatar su deceso pues ya se encontraba sin vida.<br \/>\nEl hecho caus\u00f3 conmoci\u00f3n pues se trataba de un buen jugador, con proyecci\u00f3n, y las razones de su deceso constituyen un enigma, pues no ten\u00eda aparentemente problemas de salud.<br \/>\nSeg\u00fan inform\u00f3 el Comisario Gino Guti\u00e9rrez, Jefe de la Brigada de Homicidios de la PDI, la muerte del menor qued\u00f3 establecida como \u2018causas indeterminadas\u2019, descart\u00e1ndose la intervenci\u00f3n de terceras personas.<br \/>\nRespecto a la posibilidad de un suicidio, la tesis habr\u00eda quedado en principio descartada, aunque deber\u00e1 ser el Servicio M\u00e9dico Legal el que a trav\u00e9s de la autopsia correspondiente determine la raz\u00f3n final de su muerte.<br \/>\nCabe destacar que como siempre sucede en estos casos, inmediatamente surgieron diversos rumores respecto a la causa de muerte, situaci\u00f3n sobre la cual la polic\u00eda fue enf\u00e1tica en se\u00f1alar que se mantiene como causa indeterminada\u2019, descart\u00e1ndose el suicidio o la intervenci\u00f3n de terceros.<br \/>\nAsimismo se indic\u00f3 que el menor no hab\u00eda jugado ni participado de entrenamiento el d\u00eda de ayer.<\/p>\n<p><strong>UNI\u00d3N SAN FELIPE<\/strong><br \/>\nA trav\u00e9s de un comunicado, la dirigencia del Un\u00ed Un\u00ed entreg\u00f3 la siguiente declaraci\u00f3n:<br \/>\nCon profundo dolor comunicamos el inesperado fallecimiento en horas de esta tarde (ayer) de nuestro muy querido cadete\u00a0Pablo Apablaza Le\u00f3n (Q.E.P.D.), integrante titular de la serie Sub-15 del f\u00fatbol joven de\u00a0Uni\u00f3n San Felipe.<br \/>\nPablo representaba los mejores valores de los j\u00f3venes de Aconcagua que encontraron en el f\u00fatbol su vocaci\u00f3n y en los colores rojo y blanco su pasi\u00f3n.<br \/>\nSu entrega, dedicaci\u00f3n, buen humor, lealtad y amistad servir\u00e1n de ejemplo para sus compa\u00f1eros y nos reafirman en nuestro esfuerzo de servir a esta camiseta.<br \/>\nPor la p\u00e9rdida prematura de nuestro inolvidable cadete (quien adem\u00e1s colaboraba como pelotero en los partidos del primer equipo) nuestro pesar y tristeza.<br \/>\nPara Yerko, su padre (quien fue jugador profesional del Club), para Raquel, su madre, y para toda su familia, nuestro abrazo fraterno de consuelo en esta hora de dolor insondable.<br \/>\nSus restos ser\u00e1n velados en la capilla de Calle Vieja de Las Coimas, en la comuna de Putaendo, y el lugar y hora de sus funerales ser\u00e1n oportunamente comunicados. Invitamos a toda la familia unionista para acompa\u00f1arlo en su ingreso al equipo de los inmortales<\/p>\n","protected":false},"excerpt":{"rendered":"<p>&#8216;Causa de muerte indeterminada&#8217;: Profundo impacto caus\u00f3 ayer en horas de la tarde, la sorpresiva y repentina muerte del joven Pablo Jes\u00fas Apablaza Le\u00f3n, de 15 a\u00f1os de edad, jugador cadete de&#8230;<\/p>\n","protected":false},"author":1,"featured_media":77392,"comment_status":"open","ping_status":"open","sticky":false,"template":"","format":"standard","meta":{"advanced_seo_description":"","jetpack_seo_html_title":"","jetpack_seo_noindex":false,"_jetpack_memberships_contains_paid_content":false,"footnotes":""},"categories":[15],"tags":[],"class_list":["post-77391","post","type-post","status-publish","format-standard","has-post-thumbnail","hentry","category-comunidad"],"jetpack_featured_media_url":"https:\/\/i0.wp.com\/eltrabajo.cl\/portal\/wp-content\/uploads\/2017\/02\/pablo-apablaza.jpg?fit=580%2C349&ssl=1","jetpack_sharing_enabled":true,"jetpack_likes_enabled":true,"jetpack-related-posts":[],"_links":{"self":[{"href":"https:\/\/eltrabajo.cl\/portal\/wp-json\/wp\/v2\/posts\/77391","targetHints":{"allow":["GET"]}}],"collection":[{"href":"https:\/\/eltrabajo.cl\/portal\/wp-json\/wp\/v2\/posts"}],"about":[{"href":"https:\/\/eltrabajo.cl\/portal\/wp-json\/wp\/v2\/types\/post"}],"author":[{"embeddable":true,"href":"https:\/\/eltrabajo.cl\/portal\/wp-json\/wp\/v2\/users\/1"}],"replies":[{"embeddable":true,"href":"https:\/\/eltrabajo.cl\/portal\/wp-json\/wp\/v2\/comments?post=77391"}],"version-history":[{"count":0,"href":"https:\/\/eltrabajo.cl\/portal\/wp-json\/wp\/v2\/posts\/77391\/revisions"}],"wp:featuredmedia":[{"embeddable":true,"href":"https:\/\/eltrabajo.cl\/portal\/wp-json\/wp\/v2\/media\/77392"}],"wp:attachment":[{"href":"https:\/\/eltrabajo.cl\/portal\/wp-json\/wp\/v2\/media?parent=77391"}],"wp:term":[{"taxonomy":"category","embeddable":true,"href":"https:\/\/eltrabajo.cl\/portal\/wp-json\/wp\/v2\/categories?post=77391"},{"taxonomy":"post_tag","embeddable":true,"href":"https:\/\/eltrabajo.cl\/portal\/wp-json\/wp\/v2\/tags?post=77391"}],"curies":[{"name":"wp","href":"https:\/\/api.w.org\/{rel}","templated":true}]}}