{"id":77397,"date":"2017-02-22T07:58:20","date_gmt":"2017-02-22T11:58:20","guid":{"rendered":"http:\/\/www.eltrabajo.cl\/2017\/?p=77397"},"modified":"2017-02-22T07:58:20","modified_gmt":"2017-02-22T11:58:20","slug":"todo-esta-listo-para-la-primera-feria-medieval-san-felipe-2017","status":"publish","type":"post","link":"https:\/\/eltrabajo.cl\/portal\/todo-esta-listo-para-la-primera-feria-medieval-san-felipe-2017\/","title":{"rendered":"Todo est\u00e1 listo para la primera Feria Medieval San Felipe 2017"},"content":{"rendered":"<figure id=\"attachment_77400\" aria-describedby=\"caption-attachment-77400\" style=\"width: 580px\" class=\"wp-caption alignnone\"><img data-recalc-dims=\"1\" loading=\"lazy\" decoding=\"async\" class=\"wp-image-77400\" src=\"https:\/\/i0.wp.com\/www.eltrabajo.cl\/2017\/wp-content\/uploads\/2017\/02\/FERIA-Medioevo33.jpg?resize=580%2C489\" alt=\"CON SU ESPADA.- As\u00ed luce Jorge Gaete cuando interpreta a estos personajes del Ayer. A la derecha, Rodrigo \u2018Magnus\u2019 Gatica, experto en comidas medievales.\" width=\"580\" height=\"489\" srcset=\"https:\/\/i0.wp.com\/eltrabajo.cl\/portal\/wp-content\/uploads\/2017\/02\/FERIA-Medioevo33.jpg?w=415&amp;ssl=1 415w, https:\/\/i0.wp.com\/eltrabajo.cl\/portal\/wp-content\/uploads\/2017\/02\/FERIA-Medioevo33.jpg?resize=178%2C150&amp;ssl=1 178w, https:\/\/i0.wp.com\/eltrabajo.cl\/portal\/wp-content\/uploads\/2017\/02\/FERIA-Medioevo33.jpg?resize=300%2C253&amp;ssl=1 300w, https:\/\/i0.wp.com\/eltrabajo.cl\/portal\/wp-content\/uploads\/2017\/02\/FERIA-Medioevo33.jpg?resize=400%2C337&amp;ssl=1 400w\" sizes=\"auto, (max-width: 580px) 100vw, 580px\" \/><figcaption id=\"caption-attachment-77400\" class=\"wp-caption-text\">CON SU ESPADA.- As\u00ed luce Jorge Gaete cuando interpreta a estos personajes del Ayer. A la derecha, Rodrigo \u2018Magnus\u2019 Gatica, experto en comidas medievales.<\/figcaption><\/figure>\n<ul>\n<li><span style=\"color: #ff0000;\"><strong>Comidas, danza, batallas y arte vikingos en la Plaza C\u00edvica:<\/strong><\/span><\/li>\n<\/ul>\n<p>Desde las 11:00 y hasta las 21:00 horas, un domo invisible caer\u00e1 en el centro de nuestra ciudad este s\u00e1bado a plena luz del d\u00eda, reducto que nos transportar\u00e1 a los siglos del Medioevo europeo para conocer de cerca c\u00f3mo se viv\u00eda en esos tiempos en el Viejo Continente. Se trata de la primera Feria Medieval que se realizar\u00e1 en Aconcagua y en la que habr\u00e1 combates vikingos; comidas de la \u00e9poca; venta de art\u00edculos y artesan\u00edas medievales a los presentes.<br \/>\nLa Oficina Municipal de Cultura tambi\u00e9n est\u00e1 dando apoyo a la actividad, transportando a muchos artistas hasta nuestra ciudad. En esta jornada tendremos de todo, pero para saber de qu\u00e9 se trata a profundidad, es que en Diario El Trabajo hablamos ayer con el profesor Jorge Gaete, amante de los temas medievales y el director tambi\u00e9n de Camerata Aconcagua.<br \/>\n\u00abEsta es una versi\u00f3n Piloto para Aconcagua. Es nuestra primera feria medieval en la comuna. Como parte del programa a desarrollarse tenemos a dos grupos de m\u00fasica: uno de m\u00fasica celta y otro de m\u00fasica vasca, tambi\u00e9n habr\u00e1n bailarinas medievales y encarnizadas batallas vikingas tan reales como las de aquellos tiempos\u00bb, dijo Gaete a nuestro medio.<\/p>\n<p><strong>FERIA ARTESANAL<\/strong><br \/>\nSeg\u00fan nos explic\u00f3 este joven m\u00fasico, cada una de las agrupaciones invitadas ofrecer\u00e1 una amplia explicaci\u00f3n a los presentes antes de presentar cada obra, combate o melod\u00eda.<br \/>\n\u00abTambi\u00e9n habr\u00e1 ventas de armaduras, artesan\u00edas, comidas medievales y hasta hidromiel (cerveza medieval). Las artesan\u00edas ser\u00e1n todas medievales, las habr\u00e1 en madera, metal, tela y cuero. De San Felipe tendremos a tres cofrad\u00edas representando a nuestra provincia: Camerata Aconcagua, con toda la m\u00fasica medieval; Mari Joop Shop, una joven sanfelipe\u00f1a que dibuja en poleras s\u00f3lo temas medievales, y un stand artesanal, ah\u00ed se vender\u00e1n runas y otras sorpresas, habr\u00e1 adem\u00e1s 30 stands en total\u00bb, agreg\u00f3 Gaete.<\/p>\n<p><strong>EL GRAN MAGNUS<\/strong><br \/>\nUno de los personajes m\u00e1s emblem\u00e1ticos que estar\u00e1 en esta feria medieval, es El Gran Magnus (Rodrigo Gatica), Diario El Trabajo habl\u00f3 con \u00e9l v\u00eda telef\u00f3nica, \u00absoy la persona encargada de cocinar los alimentos en muchas ferias medievales del pa\u00eds, preparar\u00e9 para los sanfelipe\u00f1os el legendario Pan Vikingo, hecho de harina y avena, es la comida del d\u00eda a d\u00eda, tendr\u00e9 tambi\u00e9n carne de pollo, tub\u00e9rculos, yerbas, encurtido dan\u00e9s y salsa de mostaza con miel, entre otras exquisiteces\u00bb, dijo Magnus a Diario El Trabajo.<br \/>\n<strong>Roberto Gonz\u00e1lez Short<\/strong><\/p>\n<figure id=\"attachment_77398\" aria-describedby=\"caption-attachment-77398\" style=\"width: 580px\" class=\"wp-caption alignnone\"><img data-recalc-dims=\"1\" loading=\"lazy\" decoding=\"async\" class=\"size-full wp-image-77398\" src=\"https:\/\/i0.wp.com\/www.eltrabajo.cl\/2017\/wp-content\/uploads\/2017\/02\/FERIA-Camerata28.jpg?resize=580%2C349\" alt=\"SIEMPRE CAMERATA.- Camerata Aconcagua tambi\u00e9n estar\u00e1 presente en esta primera Feria Medieval 2017.\" width=\"580\" height=\"349\" srcset=\"https:\/\/i0.wp.com\/eltrabajo.cl\/portal\/wp-content\/uploads\/2017\/02\/FERIA-Camerata28.jpg?w=580&amp;ssl=1 580w, https:\/\/i0.wp.com\/eltrabajo.cl\/portal\/wp-content\/uploads\/2017\/02\/FERIA-Camerata28.jpg?resize=200%2C120&amp;ssl=1 200w, https:\/\/i0.wp.com\/eltrabajo.cl\/portal\/wp-content\/uploads\/2017\/02\/FERIA-Camerata28.jpg?resize=300%2C181&amp;ssl=1 300w, https:\/\/i0.wp.com\/eltrabajo.cl\/portal\/wp-content\/uploads\/2017\/02\/FERIA-Camerata28.jpg?resize=249%2C150&amp;ssl=1 249w, https:\/\/i0.wp.com\/eltrabajo.cl\/portal\/wp-content\/uploads\/2017\/02\/FERIA-Camerata28.jpg?resize=400%2C241&amp;ssl=1 400w\" sizes=\"auto, (max-width: 580px) 100vw, 580px\" \/><figcaption id=\"caption-attachment-77398\" class=\"wp-caption-text\">SIEMPRE CAMERATA.- Camerata Aconcagua tambi\u00e9n estar\u00e1 presente en esta primera Feria Medieval 2017.<\/figcaption><\/figure>\n<figure id=\"attachment_77399\" aria-describedby=\"caption-attachment-77399\" style=\"width: 580px\" class=\"wp-caption alignnone\"><img data-recalc-dims=\"1\" loading=\"lazy\" decoding=\"async\" class=\"size-full wp-image-77399\" src=\"https:\/\/i0.wp.com\/www.eltrabajo.cl\/2017\/wp-content\/uploads\/2017\/02\/FERIA-Ma-Jose-Leon.jpg?resize=580%2C350\" alt=\"NUESTRA JOVEN ARTISTA.- La sanfelipe\u00f1a M\u00aa Jos\u00e9 Le\u00f3n (Mari Joop Shop) nos muestra uno de los estampados y dibujos que ella realiza en poleras.\" width=\"580\" height=\"350\" srcset=\"https:\/\/i0.wp.com\/eltrabajo.cl\/portal\/wp-content\/uploads\/2017\/02\/FERIA-Ma-Jose-Leon.jpg?w=580&amp;ssl=1 580w, https:\/\/i0.wp.com\/eltrabajo.cl\/portal\/wp-content\/uploads\/2017\/02\/FERIA-Ma-Jose-Leon.jpg?resize=200%2C121&amp;ssl=1 200w, https:\/\/i0.wp.com\/eltrabajo.cl\/portal\/wp-content\/uploads\/2017\/02\/FERIA-Ma-Jose-Leon.jpg?resize=300%2C181&amp;ssl=1 300w, https:\/\/i0.wp.com\/eltrabajo.cl\/portal\/wp-content\/uploads\/2017\/02\/FERIA-Ma-Jose-Leon.jpg?resize=249%2C150&amp;ssl=1 249w, https:\/\/i0.wp.com\/eltrabajo.cl\/portal\/wp-content\/uploads\/2017\/02\/FERIA-Ma-Jose-Leon.jpg?resize=400%2C241&amp;ssl=1 400w\" sizes=\"auto, (max-width: 580px) 100vw, 580px\" \/><figcaption id=\"caption-attachment-77399\" class=\"wp-caption-text\">NUESTRA JOVEN ARTISTA.- La sanfelipe\u00f1a M\u00aa Jos\u00e9 Le\u00f3n (Mari Joop Shop) nos muestra uno de los estampados y dibujos que ella realiza en poleras.<\/figcaption><\/figure>\n","protected":false},"excerpt":{"rendered":"<p>Comidas, danza, batallas y arte vikingos en la Plaza C\u00edvica: Desde las 11:00 y hasta las 21:00 horas, un domo invisible caer\u00e1 en el centro de nuestra ciudad este s\u00e1bado a plena&#8230;<\/p>\n","protected":false},"author":1,"featured_media":77398,"comment_status":"open","ping_status":"open","sticky":false,"template":"","format":"standard","meta":{"advanced_seo_description":"","jetpack_seo_html_title":"","jetpack_seo_noindex":false,"_jetpack_memberships_contains_paid_content":false,"footnotes":""},"categories":[15],"tags":[],"class_list":["post-77397","post","type-post","status-publish","format-standard","has-post-thumbnail","hentry","category-comunidad"],"jetpack_featured_media_url":"https:\/\/i0.wp.com\/eltrabajo.cl\/portal\/wp-content\/uploads\/2017\/02\/FERIA-Camerata28.jpg?fit=580%2C349&ssl=1","jetpack_sharing_enabled":true,"jetpack_likes_enabled":true,"jetpack-related-posts":[],"_links":{"self":[{"href":"https:\/\/eltrabajo.cl\/portal\/wp-json\/wp\/v2\/posts\/77397","targetHints":{"allow":["GET"]}}],"collection":[{"href":"https:\/\/eltrabajo.cl\/portal\/wp-json\/wp\/v2\/posts"}],"about":[{"href":"https:\/\/eltrabajo.cl\/portal\/wp-json\/wp\/v2\/types\/post"}],"author":[{"embeddable":true,"href":"https:\/\/eltrabajo.cl\/portal\/wp-json\/wp\/v2\/users\/1"}],"replies":[{"embeddable":true,"href":"https:\/\/eltrabajo.cl\/portal\/wp-json\/wp\/v2\/comments?post=77397"}],"version-history":[{"count":0,"href":"https:\/\/eltrabajo.cl\/portal\/wp-json\/wp\/v2\/posts\/77397\/revisions"}],"wp:featuredmedia":[{"embeddable":true,"href":"https:\/\/eltrabajo.cl\/portal\/wp-json\/wp\/v2\/media\/77398"}],"wp:attachment":[{"href":"https:\/\/eltrabajo.cl\/portal\/wp-json\/wp\/v2\/media?parent=77397"}],"wp:term":[{"taxonomy":"category","embeddable":true,"href":"https:\/\/eltrabajo.cl\/portal\/wp-json\/wp\/v2\/categories?post=77397"},{"taxonomy":"post_tag","embeddable":true,"href":"https:\/\/eltrabajo.cl\/portal\/wp-json\/wp\/v2\/tags?post=77397"}],"curies":[{"name":"wp","href":"https:\/\/api.w.org\/{rel}","templated":true}]}}