{"id":77416,"date":"2017-02-23T07:39:54","date_gmt":"2017-02-23T11:39:54","guid":{"rendered":"http:\/\/www.eltrabajo.cl\/2017\/?p=77416"},"modified":"2017-02-23T07:39:54","modified_gmt":"2017-02-23T11:39:54","slug":"parte-postulacion-programa-pasajes-para-estudiantes-educacion-superior","status":"publish","type":"post","link":"https:\/\/eltrabajo.cl\/portal\/parte-postulacion-programa-pasajes-para-estudiantes-educacion-superior\/","title":{"rendered":"Parte postulaci\u00f3n programa pasajes para estudiantes educaci\u00f3n superior"},"content":{"rendered":"<figure id=\"attachment_77417\" aria-describedby=\"caption-attachment-77417\" style=\"width: 580px\" class=\"wp-caption alignnone\"><img data-recalc-dims=\"1\" loading=\"lazy\" decoding=\"async\" class=\"size-full wp-image-77417\" src=\"https:\/\/i0.wp.com\/www.eltrabajo.cl\/2017\/wp-content\/uploads\/2017\/02\/PASAJES.jpg?resize=580%2C349\" alt=\"A mediados de marzo finalizar\u00e1 el proceso de inscripci\u00f3n de los interesados en acceder a este beneficio, que el a\u00f1o pasado favoreci\u00f3 a m\u00e1s de 900 j\u00f3venes de la comuna.\" width=\"580\" height=\"349\" srcset=\"https:\/\/i0.wp.com\/eltrabajo.cl\/portal\/wp-content\/uploads\/2017\/02\/PASAJES.jpg?w=580&amp;ssl=1 580w, https:\/\/i0.wp.com\/eltrabajo.cl\/portal\/wp-content\/uploads\/2017\/02\/PASAJES.jpg?resize=200%2C120&amp;ssl=1 200w, https:\/\/i0.wp.com\/eltrabajo.cl\/portal\/wp-content\/uploads\/2017\/02\/PASAJES.jpg?resize=300%2C181&amp;ssl=1 300w, https:\/\/i0.wp.com\/eltrabajo.cl\/portal\/wp-content\/uploads\/2017\/02\/PASAJES.jpg?resize=249%2C150&amp;ssl=1 249w, https:\/\/i0.wp.com\/eltrabajo.cl\/portal\/wp-content\/uploads\/2017\/02\/PASAJES.jpg?resize=400%2C241&amp;ssl=1 400w\" sizes=\"auto, (max-width: 580px) 100vw, 580px\" \/><figcaption id=\"caption-attachment-77417\" class=\"wp-caption-text\">A mediados de marzo finalizar\u00e1 el proceso de inscripci\u00f3n de los interesados en acceder a este beneficio, que el a\u00f1o pasado favoreci\u00f3 a m\u00e1s de 900 j\u00f3venes de la comuna.<\/figcaption><\/figure>\n<ul>\n<li><span style=\"color: #ff0000;\"><strong>A mediados de marzo finalizar\u00e1 el proceso de inscripci\u00f3n de los interesados en acceder a este beneficio, que el a\u00f1o pasado favoreci\u00f3 a m\u00e1s de 900 j\u00f3venes de la comuna.<\/strong><\/span><\/li>\n<\/ul>\n<p>Un llamado a los alumnos de educaci\u00f3n superior que cursen su formaci\u00f3n en centros de estudios de Santiago, Valpara\u00edso o Vi\u00f1a del Mar, formul\u00f3 el director de Desarrollo Comunitario de la municipalidad de San Felipe, Pablo Silva, a objeto de que postulen al programa de pasajes que, como es tradici\u00f3n, implementa todos los a\u00f1os la corporaci\u00f3n edilicia.<br \/>\nSeg\u00fan dijo el profesional, esta iniciativa, tiene por objetivo aliviar la econom\u00eda de muchas familias que deben incurrir en cuantiosos gastos por la educaci\u00f3n de sus hijos, cuando estos se forman en Santiago o Valpara\u00edso, as\u00ed como otras ciudades del pa\u00eds.<br \/>\nDesde esa perspectiva, se\u00f1al\u00f3 que la intenci\u00f3n es favorecer a m\u00e1s de 900 estudiantes este 2017, para que puedan acceder a un pasaje de ida y regreso al mes.<br \/>\nPara ello, deben postular en l\u00ednea, a trav\u00e9s del sitio institucional de la municipalidad de San Felipe (www.munisanfelipe.cl), donde adem\u00e1s podr\u00e1n cargar dos importantes documentos: copia de su c\u00e9dula de identidad y el certificado de matr\u00edcula o de alumno regular. Con posterioridad, se solicitar\u00e1 informaci\u00f3n del Registro Social de Hogares a objeto de priorizar a aquellos j\u00f3venes pertenecientes a familias m\u00e1s vulnerables.<br \/>\n\u201cEl a\u00f1o pasado tuvimos 980 familias beneficiarias y este a\u00f1o estimamos que podr\u00edamos llegar a las mil 200 familias beneficiarias. Esta ayuda se traduce en la entrega de pasajes a Santiago, Valpara\u00edso o Vi\u00f1a del Mar, para que puedan visitar a sus familias durante el a\u00f1o. Cada estudiante recibe un pasaje al mes, de ida y regreso\u201d, se\u00f1al\u00f3 Pablo Silva.<br \/>\nSe estima que este a\u00f1o la inversi\u00f3n que se realizar\u00e1 por este concepto alcanzar\u00eda los 55 millones de pesos. No obstante, el Alcalde Patricio Freire y el Concejo Municipal solicitaron incorporar casos especiales, por ejemplo, j\u00f3venes que estudian en otras ciudades o que por alguna situaci\u00f3n especial, deban viajar m\u00e1s de una vez a la comuna.<br \/>\nEl proceso de postulaci\u00f3n finaliza entre el 11 y el 15 de marzo, para en abril lograr la aprobaci\u00f3n de recursos y realizar los tr\u00e1mites que permitan en ese mismo mes, desarrollar la entrega de pasajes a los estudiantes favorecidos.<\/p>\n","protected":false},"excerpt":{"rendered":"<p>A mediados de marzo finalizar\u00e1 el proceso de inscripci\u00f3n de los interesados en acceder a este beneficio, que el a\u00f1o pasado favoreci\u00f3 a m\u00e1s de 900 j\u00f3venes de la comuna. Un llamado&#8230;<\/p>\n","protected":false},"author":1,"featured_media":77417,"comment_status":"open","ping_status":"open","sticky":false,"template":"","format":"standard","meta":{"advanced_seo_description":"","jetpack_seo_html_title":"","jetpack_seo_noindex":false,"_jetpack_memberships_contains_paid_content":false,"footnotes":""},"categories":[1],"tags":[],"class_list":["post-77416","post","type-post","status-publish","format-standard","has-post-thumbnail","hentry","category-cronica"],"jetpack_featured_media_url":"https:\/\/i0.wp.com\/eltrabajo.cl\/portal\/wp-content\/uploads\/2017\/02\/PASAJES.jpg?fit=580%2C349&ssl=1","jetpack_sharing_enabled":true,"jetpack_likes_enabled":true,"jetpack-related-posts":[],"_links":{"self":[{"href":"https:\/\/eltrabajo.cl\/portal\/wp-json\/wp\/v2\/posts\/77416","targetHints":{"allow":["GET"]}}],"collection":[{"href":"https:\/\/eltrabajo.cl\/portal\/wp-json\/wp\/v2\/posts"}],"about":[{"href":"https:\/\/eltrabajo.cl\/portal\/wp-json\/wp\/v2\/types\/post"}],"author":[{"embeddable":true,"href":"https:\/\/eltrabajo.cl\/portal\/wp-json\/wp\/v2\/users\/1"}],"replies":[{"embeddable":true,"href":"https:\/\/eltrabajo.cl\/portal\/wp-json\/wp\/v2\/comments?post=77416"}],"version-history":[{"count":0,"href":"https:\/\/eltrabajo.cl\/portal\/wp-json\/wp\/v2\/posts\/77416\/revisions"}],"wp:featuredmedia":[{"embeddable":true,"href":"https:\/\/eltrabajo.cl\/portal\/wp-json\/wp\/v2\/media\/77417"}],"wp:attachment":[{"href":"https:\/\/eltrabajo.cl\/portal\/wp-json\/wp\/v2\/media?parent=77416"}],"wp:term":[{"taxonomy":"category","embeddable":true,"href":"https:\/\/eltrabajo.cl\/portal\/wp-json\/wp\/v2\/categories?post=77416"},{"taxonomy":"post_tag","embeddable":true,"href":"https:\/\/eltrabajo.cl\/portal\/wp-json\/wp\/v2\/tags?post=77416"}],"curies":[{"name":"wp","href":"https:\/\/api.w.org\/{rel}","templated":true}]}}