{"id":77419,"date":"2017-02-23T07:41:55","date_gmt":"2017-02-23T11:41:55","guid":{"rendered":"http:\/\/www.eltrabajo.cl\/2017\/?p=77419"},"modified":"2017-02-23T07:41:55","modified_gmt":"2017-02-23T11:41:55","slug":"la-lucha-libre-se-tomara-el-gimnasio-municipal-de-calle-larga","status":"publish","type":"post","link":"https:\/\/eltrabajo.cl\/portal\/la-lucha-libre-se-tomara-el-gimnasio-municipal-de-calle-larga\/","title":{"rendered":"La lucha libre se tomar\u00e1 el Gimnasio Municipal de Calle Larga"},"content":{"rendered":"<figure id=\"attachment_77420\" aria-describedby=\"caption-attachment-77420\" style=\"width: 580px\" class=\"wp-caption alignnone\"><img data-recalc-dims=\"1\" loading=\"lazy\" decoding=\"async\" class=\"size-full wp-image-77420\" src=\"https:\/\/i0.wp.com\/www.eltrabajo.cl\/2017\/wp-content\/uploads\/2017\/02\/LUCHA.jpg?resize=580%2C349\" alt=\"Atemista, Alex Hero, V\u00edctor Motta, Manzor, don Segundo Santamar\u00eda, entre otros luchadores, llegar\u00e1n hasta la comuna para entretener al p\u00fablico del Valle de Aconcagua con esta presentaci\u00f3n.\" width=\"580\" height=\"349\" srcset=\"https:\/\/i0.wp.com\/eltrabajo.cl\/portal\/wp-content\/uploads\/2017\/02\/LUCHA.jpg?w=580&amp;ssl=1 580w, https:\/\/i0.wp.com\/eltrabajo.cl\/portal\/wp-content\/uploads\/2017\/02\/LUCHA.jpg?resize=200%2C120&amp;ssl=1 200w, https:\/\/i0.wp.com\/eltrabajo.cl\/portal\/wp-content\/uploads\/2017\/02\/LUCHA.jpg?resize=300%2C181&amp;ssl=1 300w, https:\/\/i0.wp.com\/eltrabajo.cl\/portal\/wp-content\/uploads\/2017\/02\/LUCHA.jpg?resize=249%2C150&amp;ssl=1 249w, https:\/\/i0.wp.com\/eltrabajo.cl\/portal\/wp-content\/uploads\/2017\/02\/LUCHA.jpg?resize=400%2C241&amp;ssl=1 400w\" sizes=\"auto, (max-width: 580px) 100vw, 580px\" \/><figcaption id=\"caption-attachment-77420\" class=\"wp-caption-text\">Atemista, Alex Hero, V\u00edctor Motta, Manzor, don Segundo Santamar\u00eda, entre otros luchadores, llegar\u00e1n hasta la comuna para entretener al p\u00fablico del Valle de Aconcagua con esta presentaci\u00f3n.<\/figcaption><\/figure>\n<ul>\n<li><span style=\"color: #ff0000;\"><strong>\u2018Legi\u00f3n Nueva Era\u2019 se presentar\u00e1 el s\u00e1bado 4 de marzo a las 19.30:<\/strong><\/span><\/li>\n<\/ul>\n<p><strong>CALLE LARGA.-<\/strong> Patadas voladoras, planchas suicidas, llaveo a ras de lona, entre otras dif\u00edciles piruetas, se har\u00e1n presentes el pr\u00f3ximo s\u00e1bado 4 de marzo, en el Gimnasio Municipal de Calle Larga, en la presentaci\u00f3n de la agrupaci\u00f3n de lucha libre \u2018Legi\u00f3n Nueva Era\u2019.<br \/>\nAtemista, Alex Hero, V\u00edctor Motta, Manzor, don Segundo Santamar\u00eda, entre otros luchadores, llegar\u00e1n hasta la comuna para entretener al p\u00fablico del Valle de Aconcagua con esta presentaci\u00f3n que, tal como han dicho sus organizadores, potencia el ejercicio de un deporte sano, alejado de la violencia y que se inspira en las antiguas escuelas de lucha libre que funcionaron en el pa\u00eds.<br \/>\n\u201cEl s\u00e1bado 4 de marzo, se har\u00e1n presentes en el Gimnasio de Calle Larga m\u00e1s de veinte luchadores en el ring, quienes estar\u00e1n encargados de generar momentos acrob\u00e1ticos, historia, suspenso, entretenimiento sin violencia expl\u00edcita. Es un espect\u00e1culo montado por profesionales donde pretendemos exhibir nuestro arte en Calle Larga. Nuestra visi\u00f3n viene de los conocidos \u2018Titanes\u2019 quienes nos heredaron esta forma de hacer lucha libre\u201d, sostuvo Braulio Moreno, promotor de Legi\u00f3n Nueva Era.<br \/>\nTambi\u00e9n la conductora de este evento, Constanza Molina, invit\u00f3 a los vecinos del Valle de Aconcagua a participar en este show de lucha libre.<br \/>\n\u201cEl s\u00e1bado 4 de marzo a las 19.30 horas se enfrentar\u00e1n los buenos y los malos, los luchadores enmascarados y los que no usan m\u00e1scara quienes entretendr\u00e1n al p\u00fablico con sus mejores llaves. No se pueden perder este espect\u00e1culo que ya se ha presentado en otras comunas del pa\u00eds\u201d.<br \/>\nSobre este evento deportivo que cuenta con el patrocinio de la Municipalidad de Calle Larga, se refiri\u00f3 el director de deportes del municipio, Pablo Santib\u00e1\u00f1ez.<br \/>\n\u201cCreemos que es importante como municipio apoyar diversos deportes. Este es un espect\u00e1culo, no hay violencia de por medio, por eso invitamos a las familias de Calle Larga y de otras comunas del Valle de Aconcagua a presenciar este evento que estar\u00e1 lleno de sorpresas\u201d.<br \/>\nLa entrada a esta actividad tiene un valor de 3 mil pesos, las que se estar\u00e1n vendiendo el d\u00eda de la presentaci\u00f3n en la puerta del Gimnasio Municipal de Calle Larga.<\/p>\n","protected":false},"excerpt":{"rendered":"<p>\u2018Legi\u00f3n Nueva Era\u2019 se presentar\u00e1 el s\u00e1bado 4 de marzo a las 19.30: CALLE LARGA.- Patadas voladoras, planchas suicidas, llaveo a ras de lona, entre otras dif\u00edciles piruetas, se har\u00e1n presentes el&#8230;<\/p>\n","protected":false},"author":1,"featured_media":77420,"comment_status":"open","ping_status":"open","sticky":false,"template":"","format":"standard","meta":{"advanced_seo_description":"","jetpack_seo_html_title":"","jetpack_seo_noindex":false,"_jetpack_memberships_contains_paid_content":false,"footnotes":""},"categories":[1],"tags":[],"class_list":["post-77419","post","type-post","status-publish","format-standard","has-post-thumbnail","hentry","category-cronica"],"jetpack_featured_media_url":"https:\/\/i0.wp.com\/eltrabajo.cl\/portal\/wp-content\/uploads\/2017\/02\/LUCHA.jpg?fit=580%2C349&ssl=1","jetpack_sharing_enabled":true,"jetpack_likes_enabled":true,"jetpack-related-posts":[],"_links":{"self":[{"href":"https:\/\/eltrabajo.cl\/portal\/wp-json\/wp\/v2\/posts\/77419","targetHints":{"allow":["GET"]}}],"collection":[{"href":"https:\/\/eltrabajo.cl\/portal\/wp-json\/wp\/v2\/posts"}],"about":[{"href":"https:\/\/eltrabajo.cl\/portal\/wp-json\/wp\/v2\/types\/post"}],"author":[{"embeddable":true,"href":"https:\/\/eltrabajo.cl\/portal\/wp-json\/wp\/v2\/users\/1"}],"replies":[{"embeddable":true,"href":"https:\/\/eltrabajo.cl\/portal\/wp-json\/wp\/v2\/comments?post=77419"}],"version-history":[{"count":0,"href":"https:\/\/eltrabajo.cl\/portal\/wp-json\/wp\/v2\/posts\/77419\/revisions"}],"wp:featuredmedia":[{"embeddable":true,"href":"https:\/\/eltrabajo.cl\/portal\/wp-json\/wp\/v2\/media\/77420"}],"wp:attachment":[{"href":"https:\/\/eltrabajo.cl\/portal\/wp-json\/wp\/v2\/media?parent=77419"}],"wp:term":[{"taxonomy":"category","embeddable":true,"href":"https:\/\/eltrabajo.cl\/portal\/wp-json\/wp\/v2\/categories?post=77419"},{"taxonomy":"post_tag","embeddable":true,"href":"https:\/\/eltrabajo.cl\/portal\/wp-json\/wp\/v2\/tags?post=77419"}],"curies":[{"name":"wp","href":"https:\/\/api.w.org\/{rel}","templated":true}]}}