{"id":77422,"date":"2017-02-23T07:45:11","date_gmt":"2017-02-23T11:45:11","guid":{"rendered":"http:\/\/www.eltrabajo.cl\/2017\/?p=77422"},"modified":"2017-02-23T07:45:11","modified_gmt":"2017-02-23T11:45:11","slug":"este-sabado-orquesta-juvenil-presenta-su-gala-de-verano-en-santa-maria","status":"publish","type":"post","link":"https:\/\/eltrabajo.cl\/portal\/este-sabado-orquesta-juvenil-presenta-su-gala-de-verano-en-santa-maria\/","title":{"rendered":"Este s\u00e1bado Orquesta Juvenil presenta su gala de verano en Santa Mar\u00eda"},"content":{"rendered":"<figure id=\"attachment_77423\" aria-describedby=\"caption-attachment-77423\" style=\"width: 580px\" class=\"wp-caption alignnone\"><img data-recalc-dims=\"1\" loading=\"lazy\" decoding=\"async\" class=\"size-full wp-image-77423\" src=\"https:\/\/i0.wp.com\/www.eltrabajo.cl\/2017\/wp-content\/uploads\/2017\/02\/Juvenil33.jpg?resize=580%2C350\" alt=\"ORQUESTA JUVENIL.- Ellos son parte de los chicos que componen esta Orquesta Juvenil de Santa Mar\u00eda, la que presentar\u00e1 su trabajo de verano el s\u00e1bado a las 19:00 horas en el teatro municipal.\" width=\"580\" height=\"350\" srcset=\"https:\/\/i0.wp.com\/eltrabajo.cl\/portal\/wp-content\/uploads\/2017\/02\/Juvenil33.jpg?w=580&amp;ssl=1 580w, https:\/\/i0.wp.com\/eltrabajo.cl\/portal\/wp-content\/uploads\/2017\/02\/Juvenil33.jpg?resize=200%2C121&amp;ssl=1 200w, https:\/\/i0.wp.com\/eltrabajo.cl\/portal\/wp-content\/uploads\/2017\/02\/Juvenil33.jpg?resize=300%2C181&amp;ssl=1 300w, https:\/\/i0.wp.com\/eltrabajo.cl\/portal\/wp-content\/uploads\/2017\/02\/Juvenil33.jpg?resize=249%2C150&amp;ssl=1 249w, https:\/\/i0.wp.com\/eltrabajo.cl\/portal\/wp-content\/uploads\/2017\/02\/Juvenil33.jpg?resize=400%2C241&amp;ssl=1 400w\" sizes=\"auto, (max-width: 580px) 100vw, 580px\" \/><figcaption id=\"caption-attachment-77423\" class=\"wp-caption-text\">ORQUESTA JUVENIL.- Ellos son parte de los chicos que componen esta Orquesta Juvenil de Santa Mar\u00eda, la que presentar\u00e1 su trabajo de verano el s\u00e1bado a las 19:00 horas en el teatro municipal.<\/figcaption><\/figure>\n<ul>\n<li><span style=\"color: #ff0000;\"><strong>A las 19:00 horas en el Teatro Municipal:<\/strong><\/span><\/li>\n<\/ul>\n<p><strong>SANTA MAR\u00cdA.-<\/strong> Muchos de nuestros lectores ignorar\u00e1n quiz\u00e1 que, mientras miles de ni\u00f1os y j\u00f3venes estudiantes del valle dedicaron su tiempo libre de sus vacaciones a jugar, viajar y descansar, 24 chicos pertenecientes a la Orquesta Juvenil de Santa Mar\u00eda recibieron clases de m\u00fasica para mejorar lo que ya saben y superarse art\u00edsticamente.<\/p>\n<p><strong>ESTE S\u00c1BADO<\/strong><br \/>\nM\u00e1s que recibir clases, ellos tienen la oportunidad de presentar este s\u00e1bado 25 de febrero en el Teatro Municipal, su gala oficial, en la que presentar\u00e1n sus mejores talentos a las 19:00 horas.<br \/>\nEsta orquesta juvenil cuenta con m\u00fasicos de doce a 20 a\u00f1os, fue fundada en 2010 al alero de la municipalidad de Santa Mar\u00eda y cuenta con instrumentos de cuerdas y vientos: chelo, violonchelo, contrabajo, viol\u00edn y viola, en los vientos tiene flauta traversa y clarinete.<\/p>\n<p><strong>UN GRAN MAESTRO<\/strong><br \/>\nDiario El Trabajo habl\u00f3 con el encargado del teatro municipal, Sergio Rojas, quien destac\u00f3 que \u00ablos ensayos de estos chicos se realizaron todos los mi\u00e9rcoles y s\u00e1bados de cada mes, los mi\u00e9rcoles desde las 16:30 a las 19:30 horas, y los s\u00e1bados desde las 09:00 a las 12:00 horas, ellos son instruidos y formados por el excelente m\u00fasico chileno, el maestro Manuel Olivares Fierro, quien con su prestigio y conocimientos logra subir de categor\u00eda cualquier proyecto como el nuestro\u00bb, dijo Rojas.<\/p>\n","protected":false},"excerpt":{"rendered":"<p>A las 19:00 horas en el Teatro Municipal: SANTA MAR\u00cdA.- Muchos de nuestros lectores ignorar\u00e1n quiz\u00e1 que, mientras miles de ni\u00f1os y j\u00f3venes estudiantes del valle dedicaron su tiempo libre de sus&#8230;<\/p>\n","protected":false},"author":1,"featured_media":77423,"comment_status":"open","ping_status":"open","sticky":false,"template":"","format":"standard","meta":{"advanced_seo_description":"","jetpack_seo_html_title":"","jetpack_seo_noindex":false,"_jetpack_memberships_contains_paid_content":false,"footnotes":""},"categories":[15],"tags":[],"class_list":["post-77422","post","type-post","status-publish","format-standard","has-post-thumbnail","hentry","category-comunidad"],"jetpack_featured_media_url":"https:\/\/i0.wp.com\/eltrabajo.cl\/portal\/wp-content\/uploads\/2017\/02\/Juvenil33.jpg?fit=580%2C350&ssl=1","jetpack_sharing_enabled":true,"jetpack_likes_enabled":true,"jetpack-related-posts":[],"_links":{"self":[{"href":"https:\/\/eltrabajo.cl\/portal\/wp-json\/wp\/v2\/posts\/77422","targetHints":{"allow":["GET"]}}],"collection":[{"href":"https:\/\/eltrabajo.cl\/portal\/wp-json\/wp\/v2\/posts"}],"about":[{"href":"https:\/\/eltrabajo.cl\/portal\/wp-json\/wp\/v2\/types\/post"}],"author":[{"embeddable":true,"href":"https:\/\/eltrabajo.cl\/portal\/wp-json\/wp\/v2\/users\/1"}],"replies":[{"embeddable":true,"href":"https:\/\/eltrabajo.cl\/portal\/wp-json\/wp\/v2\/comments?post=77422"}],"version-history":[{"count":0,"href":"https:\/\/eltrabajo.cl\/portal\/wp-json\/wp\/v2\/posts\/77422\/revisions"}],"wp:featuredmedia":[{"embeddable":true,"href":"https:\/\/eltrabajo.cl\/portal\/wp-json\/wp\/v2\/media\/77423"}],"wp:attachment":[{"href":"https:\/\/eltrabajo.cl\/portal\/wp-json\/wp\/v2\/media?parent=77422"}],"wp:term":[{"taxonomy":"category","embeddable":true,"href":"https:\/\/eltrabajo.cl\/portal\/wp-json\/wp\/v2\/categories?post=77422"},{"taxonomy":"post_tag","embeddable":true,"href":"https:\/\/eltrabajo.cl\/portal\/wp-json\/wp\/v2\/tags?post=77422"}],"curies":[{"name":"wp","href":"https:\/\/api.w.org\/{rel}","templated":true}]}}