{"id":77425,"date":"2017-02-23T07:53:15","date_gmt":"2017-02-23T11:53:15","guid":{"rendered":"http:\/\/www.eltrabajo.cl\/2017\/?p=77425"},"modified":"2017-02-23T07:53:15","modified_gmt":"2017-02-23T11:53:15","slug":"miles-de-sanfelipenos-entre-lagrimas-despidieron-a-pablo-apablaza","status":"publish","type":"post","link":"https:\/\/eltrabajo.cl\/portal\/miles-de-sanfelipenos-entre-lagrimas-despidieron-a-pablo-apablaza\/","title":{"rendered":"Miles de sanfelipe\u00f1os entre l\u00e1grimas despidieron a Pablo Apablaza"},"content":{"rendered":"<figure id=\"attachment_77426\" aria-describedby=\"caption-attachment-77426\" style=\"width: 580px\" class=\"wp-caption alignnone\"><img data-recalc-dims=\"1\" loading=\"lazy\" decoding=\"async\" class=\"size-full wp-image-77426\" src=\"https:\/\/i0.wp.com\/www.eltrabajo.cl\/2017\/wp-content\/uploads\/2017\/02\/PABLO-Amigos1.jpg?resize=580%2C349\" alt=\"AMIGOS LEALES.- Excompa\u00f1eros de entrenamientos y futbolistas de otras categor\u00edas del Un\u00ed, se hicieron presente durante todo el proceso de velatorio y funerales de Pablo.\" width=\"580\" height=\"349\" srcset=\"https:\/\/i0.wp.com\/eltrabajo.cl\/portal\/wp-content\/uploads\/2017\/02\/PABLO-Amigos1.jpg?w=580&amp;ssl=1 580w, https:\/\/i0.wp.com\/eltrabajo.cl\/portal\/wp-content\/uploads\/2017\/02\/PABLO-Amigos1.jpg?resize=200%2C120&amp;ssl=1 200w, https:\/\/i0.wp.com\/eltrabajo.cl\/portal\/wp-content\/uploads\/2017\/02\/PABLO-Amigos1.jpg?resize=300%2C181&amp;ssl=1 300w, https:\/\/i0.wp.com\/eltrabajo.cl\/portal\/wp-content\/uploads\/2017\/02\/PABLO-Amigos1.jpg?resize=249%2C150&amp;ssl=1 249w, https:\/\/i0.wp.com\/eltrabajo.cl\/portal\/wp-content\/uploads\/2017\/02\/PABLO-Amigos1.jpg?resize=400%2C241&amp;ssl=1 400w\" sizes=\"auto, (max-width: 580px) 100vw, 580px\" \/><figcaption id=\"caption-attachment-77426\" class=\"wp-caption-text\">AMIGOS LEALES.- Excompa\u00f1eros de entrenamientos y futbolistas de otras categor\u00edas del Un\u00ed, se hicieron presente durante todo el proceso de velatorio y funerales de Pablo.<\/figcaption><\/figure>\n<ul>\n<li><span style=\"color: #ff0000;\"><strong>Joven ya descansa en el Cementerio Parque Almendral:<\/strong><\/span><\/li>\n<\/ul>\n<p>Un mar humano es el que se desbord\u00f3 por las c\u00e9ntricas calles de San Felipe durante la realizaci\u00f3n de los funerales efectuados ayer mi\u00e9rcoles rayando el mediod\u00eda y entrando una triste tarde, del joven deportista sanfelipe\u00f1o Pablo Jes\u00fas Apablaza Le\u00f3n, jugador de las ligas menores del Un\u00ed Un\u00ed.<\/p>\n<p><strong>DIGNA DESPEDIDA<\/strong><br \/>\nLa Misa dio inicio a las 11:50 horas, mientras que al menos unas 8.000 personas se acercaban a la iglesia catedral para participar de las exequias de la joven promesa del f\u00fatbol local. Este joven se nos fue luego que sufriera un edema pulmonar la tarde de este lunes, seg\u00fan lo reportado en el informe de la autopsia practicada en el Servicio M\u00e9dico Legal de San Felipe.<br \/>\nUna vez concluido el ritual religioso, el cortejo f\u00fanebre desfil\u00f3 seguido por miles de personas hasta el Cementerio Parque Almendral, hasta llegar al lote 494 del Jard\u00edn Las Dalias. Al momento del ingreso al camposanto se dejaron o\u00edr los ritmos de las barras del Un\u00ed, y de muchos hinchas que llegaron para dar el \u00faltimo Adi\u00f3s a Pablo.<br \/>\nTodos quienes laboramos en Diario El Trabajo nos unimos al sentimiento de p\u00e9rdida y dolor de la familia de Pablo, a quienes les hacemos llegar nuestro sincero y sentido P\u00e9same.<br \/>\n<strong>Roberto Gonz\u00e1lez Short<\/strong><\/p>\n<figure id=\"attachment_77427\" aria-describedby=\"caption-attachment-77427\" style=\"width: 580px\" class=\"wp-caption alignnone\"><img data-recalc-dims=\"1\" loading=\"lazy\" decoding=\"async\" class=\"size-full wp-image-77427\" src=\"https:\/\/i0.wp.com\/www.eltrabajo.cl\/2017\/wp-content\/uploads\/2017\/02\/PABLO-Amigos2.jpg?resize=580%2C348\" alt=\"CARI\u00d1OSA DESPEDIDA.- La hinchada del Un\u00ed sacudi\u00f3 las calles y avenidas de nuestra ciudad, hasta llegar al mismo cementerio, en donde con mucho cari\u00f1o despidieron a la joven promesa deportiva.\" width=\"580\" height=\"348\" srcset=\"https:\/\/i0.wp.com\/eltrabajo.cl\/portal\/wp-content\/uploads\/2017\/02\/PABLO-Amigos2.jpg?w=580&amp;ssl=1 580w, https:\/\/i0.wp.com\/eltrabajo.cl\/portal\/wp-content\/uploads\/2017\/02\/PABLO-Amigos2.jpg?resize=200%2C120&amp;ssl=1 200w, https:\/\/i0.wp.com\/eltrabajo.cl\/portal\/wp-content\/uploads\/2017\/02\/PABLO-Amigos2.jpg?resize=300%2C180&amp;ssl=1 300w, https:\/\/i0.wp.com\/eltrabajo.cl\/portal\/wp-content\/uploads\/2017\/02\/PABLO-Amigos2.jpg?resize=250%2C150&amp;ssl=1 250w, https:\/\/i0.wp.com\/eltrabajo.cl\/portal\/wp-content\/uploads\/2017\/02\/PABLO-Amigos2.jpg?resize=400%2C240&amp;ssl=1 400w\" sizes=\"auto, (max-width: 580px) 100vw, 580px\" \/><figcaption id=\"caption-attachment-77427\" class=\"wp-caption-text\">CARI\u00d1OSA DESPEDIDA.- La hinchada del Un\u00ed sacudi\u00f3 las calles y avenidas de nuestra ciudad, hasta llegar al mismo cementerio, en donde con mucho cari\u00f1o despidieron a la joven promesa deportiva.<\/figcaption><\/figure>\n<figure id=\"attachment_77428\" aria-describedby=\"caption-attachment-77428\" style=\"width: 580px\" class=\"wp-caption alignnone\"><img data-recalc-dims=\"1\" loading=\"lazy\" decoding=\"async\" class=\"size-full wp-image-77428\" src=\"https:\/\/i0.wp.com\/www.eltrabajo.cl\/2017\/wp-content\/uploads\/2017\/02\/PABLO-Amigos3.jpg?resize=580%2C350\" alt=\"TOCADOS POR PABLO.- Familias enteras de San Felipe fueron tocadas por esta tr\u00e1gica muerte de Pablo, pues \u00e9l era muy querido en nuestra comuna.\" width=\"580\" height=\"350\" srcset=\"https:\/\/i0.wp.com\/eltrabajo.cl\/portal\/wp-content\/uploads\/2017\/02\/PABLO-Amigos3.jpg?w=580&amp;ssl=1 580w, https:\/\/i0.wp.com\/eltrabajo.cl\/portal\/wp-content\/uploads\/2017\/02\/PABLO-Amigos3.jpg?resize=200%2C121&amp;ssl=1 200w, https:\/\/i0.wp.com\/eltrabajo.cl\/portal\/wp-content\/uploads\/2017\/02\/PABLO-Amigos3.jpg?resize=300%2C181&amp;ssl=1 300w, https:\/\/i0.wp.com\/eltrabajo.cl\/portal\/wp-content\/uploads\/2017\/02\/PABLO-Amigos3.jpg?resize=249%2C150&amp;ssl=1 249w, https:\/\/i0.wp.com\/eltrabajo.cl\/portal\/wp-content\/uploads\/2017\/02\/PABLO-Amigos3.jpg?resize=400%2C241&amp;ssl=1 400w\" sizes=\"auto, (max-width: 580px) 100vw, 580px\" \/><figcaption id=\"caption-attachment-77428\" class=\"wp-caption-text\">TOCADOS POR PABLO.- Familias enteras de San Felipe fueron tocadas por esta tr\u00e1gica muerte de Pablo, pues \u00e9l era muy querido en nuestra comuna.<\/figcaption><\/figure>\n<figure id=\"attachment_77429\" aria-describedby=\"caption-attachment-77429\" style=\"width: 580px\" class=\"wp-caption alignnone\"><img data-recalc-dims=\"1\" loading=\"lazy\" decoding=\"async\" class=\"size-full wp-image-77429\" src=\"https:\/\/i0.wp.com\/www.eltrabajo.cl\/2017\/wp-content\/uploads\/2017\/02\/PABLO-APABLAZA-LEON-1.jpg?resize=580%2C348\" alt=\"Pablo Apablaza, muri\u00f3 la tarde de este lunes y fue sepultado ayer.\" width=\"580\" height=\"348\" srcset=\"https:\/\/i0.wp.com\/eltrabajo.cl\/portal\/wp-content\/uploads\/2017\/02\/PABLO-APABLAZA-LEON-1.jpg?w=580&amp;ssl=1 580w, https:\/\/i0.wp.com\/eltrabajo.cl\/portal\/wp-content\/uploads\/2017\/02\/PABLO-APABLAZA-LEON-1.jpg?resize=200%2C120&amp;ssl=1 200w, https:\/\/i0.wp.com\/eltrabajo.cl\/portal\/wp-content\/uploads\/2017\/02\/PABLO-APABLAZA-LEON-1.jpg?resize=300%2C180&amp;ssl=1 300w, https:\/\/i0.wp.com\/eltrabajo.cl\/portal\/wp-content\/uploads\/2017\/02\/PABLO-APABLAZA-LEON-1.jpg?resize=250%2C150&amp;ssl=1 250w, https:\/\/i0.wp.com\/eltrabajo.cl\/portal\/wp-content\/uploads\/2017\/02\/PABLO-APABLAZA-LEON-1.jpg?resize=400%2C240&amp;ssl=1 400w\" sizes=\"auto, (max-width: 580px) 100vw, 580px\" \/><figcaption id=\"caption-attachment-77429\" class=\"wp-caption-text\">Pablo Apablaza, muri\u00f3 la tarde de este lunes y fue sepultado ayer.<\/figcaption><\/figure>\n<figure id=\"attachment_77430\" aria-describedby=\"caption-attachment-77430\" style=\"width: 580px\" class=\"wp-caption alignnone\"><img data-recalc-dims=\"1\" loading=\"lazy\" decoding=\"async\" class=\"size-full wp-image-77430\" src=\"https:\/\/i0.wp.com\/www.eltrabajo.cl\/2017\/wp-content\/uploads\/2017\/02\/PABLO-Flores1.jpg?resize=580%2C349\" alt=\"EL ADI\u00d3S.- Con l\u00e1grimas en sus ojos, los compa\u00f1eritos de Pablo apenas ten\u00edan fuerza para estar ah\u00ed, al pie del amigo ausente.\" width=\"580\" height=\"349\" srcset=\"https:\/\/i0.wp.com\/eltrabajo.cl\/portal\/wp-content\/uploads\/2017\/02\/PABLO-Flores1.jpg?w=580&amp;ssl=1 580w, https:\/\/i0.wp.com\/eltrabajo.cl\/portal\/wp-content\/uploads\/2017\/02\/PABLO-Flores1.jpg?resize=200%2C120&amp;ssl=1 200w, https:\/\/i0.wp.com\/eltrabajo.cl\/portal\/wp-content\/uploads\/2017\/02\/PABLO-Flores1.jpg?resize=300%2C181&amp;ssl=1 300w, https:\/\/i0.wp.com\/eltrabajo.cl\/portal\/wp-content\/uploads\/2017\/02\/PABLO-Flores1.jpg?resize=249%2C150&amp;ssl=1 249w, https:\/\/i0.wp.com\/eltrabajo.cl\/portal\/wp-content\/uploads\/2017\/02\/PABLO-Flores1.jpg?resize=400%2C241&amp;ssl=1 400w\" sizes=\"auto, (max-width: 580px) 100vw, 580px\" \/><figcaption id=\"caption-attachment-77430\" class=\"wp-caption-text\">EL ADI\u00d3S.- Con l\u00e1grimas en sus ojos, los compa\u00f1eritos de Pablo apenas ten\u00edan fuerza para estar ah\u00ed, al pie del amigo ausente.<\/figcaption><\/figure>\n<figure id=\"attachment_77431\" aria-describedby=\"caption-attachment-77431\" style=\"width: 580px\" class=\"wp-caption alignnone\"><img data-recalc-dims=\"1\" loading=\"lazy\" decoding=\"async\" class=\"size-full wp-image-77431\" src=\"https:\/\/i0.wp.com\/www.eltrabajo.cl\/2017\/wp-content\/uploads\/2017\/02\/PABLO-Funerales33.jpg?resize=580%2C349\" alt=\"ADI\u00d3S PABLO.- Familiares y amigos de Pablito Apablaza con gran dolor le acompa\u00f1aron hasta su \u00faltima morada de descanso, en el lote494 del Jard\u00edn Las Dalias, en el Cementerio Parque Almendral, en La Troya.\" width=\"580\" height=\"349\" srcset=\"https:\/\/i0.wp.com\/eltrabajo.cl\/portal\/wp-content\/uploads\/2017\/02\/PABLO-Funerales33.jpg?w=580&amp;ssl=1 580w, https:\/\/i0.wp.com\/eltrabajo.cl\/portal\/wp-content\/uploads\/2017\/02\/PABLO-Funerales33.jpg?resize=200%2C120&amp;ssl=1 200w, https:\/\/i0.wp.com\/eltrabajo.cl\/portal\/wp-content\/uploads\/2017\/02\/PABLO-Funerales33.jpg?resize=300%2C181&amp;ssl=1 300w, https:\/\/i0.wp.com\/eltrabajo.cl\/portal\/wp-content\/uploads\/2017\/02\/PABLO-Funerales33.jpg?resize=249%2C150&amp;ssl=1 249w, https:\/\/i0.wp.com\/eltrabajo.cl\/portal\/wp-content\/uploads\/2017\/02\/PABLO-Funerales33.jpg?resize=400%2C241&amp;ssl=1 400w\" sizes=\"auto, (max-width: 580px) 100vw, 580px\" \/><figcaption id=\"caption-attachment-77431\" class=\"wp-caption-text\">ADI\u00d3S PABLO.- Familiares y amigos de Pablito Apablaza con gran dolor le acompa\u00f1aron hasta su \u00faltima morada de descanso, en el lote494 del Jard\u00edn Las Dalias, en el Cementerio Parque Almendral, en La Troya.<\/figcaption><\/figure>\n","protected":false},"excerpt":{"rendered":"<p>Joven ya descansa en el Cementerio Parque Almendral: Un mar humano es el que se desbord\u00f3 por las c\u00e9ntricas calles de San Felipe durante la realizaci\u00f3n de los funerales efectuados ayer mi\u00e9rcoles&#8230;<\/p>\n","protected":false},"author":1,"featured_media":77428,"comment_status":"open","ping_status":"open","sticky":false,"template":"","format":"standard","meta":{"advanced_seo_description":"","jetpack_seo_html_title":"","jetpack_seo_noindex":false,"_jetpack_memberships_contains_paid_content":false,"footnotes":""},"categories":[15],"tags":[75,92],"class_list":["post-77425","post","type-post","status-publish","format-standard","has-post-thumbnail","hentry","category-comunidad","tag-tragedia","tag-union-san-felipe"],"jetpack_featured_media_url":"https:\/\/i0.wp.com\/eltrabajo.cl\/portal\/wp-content\/uploads\/2017\/02\/PABLO-Amigos3.jpg?fit=580%2C350&ssl=1","jetpack_sharing_enabled":true,"jetpack_likes_enabled":true,"jetpack-related-posts":[],"_links":{"self":[{"href":"https:\/\/eltrabajo.cl\/portal\/wp-json\/wp\/v2\/posts\/77425","targetHints":{"allow":["GET"]}}],"collection":[{"href":"https:\/\/eltrabajo.cl\/portal\/wp-json\/wp\/v2\/posts"}],"about":[{"href":"https:\/\/eltrabajo.cl\/portal\/wp-json\/wp\/v2\/types\/post"}],"author":[{"embeddable":true,"href":"https:\/\/eltrabajo.cl\/portal\/wp-json\/wp\/v2\/users\/1"}],"replies":[{"embeddable":true,"href":"https:\/\/eltrabajo.cl\/portal\/wp-json\/wp\/v2\/comments?post=77425"}],"version-history":[{"count":0,"href":"https:\/\/eltrabajo.cl\/portal\/wp-json\/wp\/v2\/posts\/77425\/revisions"}],"wp:featuredmedia":[{"embeddable":true,"href":"https:\/\/eltrabajo.cl\/portal\/wp-json\/wp\/v2\/media\/77428"}],"wp:attachment":[{"href":"https:\/\/eltrabajo.cl\/portal\/wp-json\/wp\/v2\/media?parent=77425"}],"wp:term":[{"taxonomy":"category","embeddable":true,"href":"https:\/\/eltrabajo.cl\/portal\/wp-json\/wp\/v2\/categories?post=77425"},{"taxonomy":"post_tag","embeddable":true,"href":"https:\/\/eltrabajo.cl\/portal\/wp-json\/wp\/v2\/tags?post=77425"}],"curies":[{"name":"wp","href":"https:\/\/api.w.org\/{rel}","templated":true}]}}