{"id":77457,"date":"2017-02-24T08:23:10","date_gmt":"2017-02-24T12:23:10","guid":{"rendered":"http:\/\/www.eltrabajo.cl\/2017\/?p=77457"},"modified":"2017-02-24T08:23:10","modified_gmt":"2017-02-24T12:23:10","slug":"diario-el-trabajo-celebra-88-anos-con-tributo-a-miguel-ricardo-juri","status":"publish","type":"post","link":"https:\/\/eltrabajo.cl\/portal\/diario-el-trabajo-celebra-88-anos-con-tributo-a-miguel-ricardo-juri\/","title":{"rendered":"Diario El Trabajo celebra 88 a\u00f1os con tributo a Miguel Ricardo Juri"},"content":{"rendered":"<figure id=\"attachment_77458\" aria-describedby=\"caption-attachment-77458\" style=\"width: 580px\" class=\"wp-caption alignnone\"><img data-recalc-dims=\"1\" loading=\"lazy\" decoding=\"async\" class=\"size-full wp-image-77458\" src=\"https:\/\/i0.wp.com\/www.eltrabajo.cl\/2017\/wp-content\/uploads\/2017\/02\/miguel-juri.jpg?resize=580%2C348\" alt=\"Miguel Ricardo Juri, exdirector de Diario El Trabajo, a quien hoy se rendir\u00e1 un especial homenaje en su memoria.\" width=\"580\" height=\"348\" srcset=\"https:\/\/i0.wp.com\/eltrabajo.cl\/portal\/wp-content\/uploads\/2017\/02\/miguel-juri.jpg?w=580&amp;ssl=1 580w, https:\/\/i0.wp.com\/eltrabajo.cl\/portal\/wp-content\/uploads\/2017\/02\/miguel-juri.jpg?resize=200%2C120&amp;ssl=1 200w, https:\/\/i0.wp.com\/eltrabajo.cl\/portal\/wp-content\/uploads\/2017\/02\/miguel-juri.jpg?resize=300%2C180&amp;ssl=1 300w, https:\/\/i0.wp.com\/eltrabajo.cl\/portal\/wp-content\/uploads\/2017\/02\/miguel-juri.jpg?resize=250%2C150&amp;ssl=1 250w, https:\/\/i0.wp.com\/eltrabajo.cl\/portal\/wp-content\/uploads\/2017\/02\/miguel-juri.jpg?resize=400%2C240&amp;ssl=1 400w\" sizes=\"auto, (max-width: 580px) 100vw, 580px\" \/><figcaption id=\"caption-attachment-77458\" class=\"wp-caption-text\">Miguel Ricardo Juri, exdirector de Diario El Trabajo, a quien hoy se rendir\u00e1 un especial homenaje en su memoria.<\/figcaption><\/figure>\n<ul>\n<li><span style=\"color: #ff0000;\"><strong>Familia rendir\u00e1 homenaje al desaparecido Patriarca:<\/strong> <\/span><\/li>\n<\/ul>\n<p>Hoy en Diario El Trabajo estamos de Manteles Largos. Nuestro medio impreso cumple 88 a\u00f1os de informar a todo el Valle Aconcagua del acontecer cotidianos en nuestras comunas, pero especialmente de nuestra \u2018Tres veces Heroica Ciudad\u2019.<\/p>\n<p><strong>SOBRIA ACTIVIDAD<\/strong><br \/>\nPara celebrar este a\u00f1o como corresponde se tiene contemplada una humilde ceremonia en nuestra Sala de Redacci\u00f3n, as\u00ed como el guardar Un Minuto de Silencio por el recuerdo de nuestro Hijo Ilustre de San Felipe; periodista y deportista sanfelipe\u00f1o, exgerente general de nuestra empresa, don Miguel Ricardo Juri Juri, quien falleciera en diciembre de 2016.<br \/>\nHabr\u00e1 tambi\u00e9n varias presentaciones art\u00edsticas ofrecidas por estudiantes del Colegio Buen Pastor (esquinazo) y tambi\u00e9n la de otros artistas locales invitados. El Cambio de Folio ser\u00e1 realizado por el alcalde Patricio Freire, quien est\u00e1 invitado a la actividad en compa\u00f1\u00eda de concejales y otras importantes autoridades de nuestra comuna.<\/p>\n<p><strong>TRIBUTO<\/strong><br \/>\n\u00abTambi\u00e9n hemos cre\u00eddo conveniente como familia period\u00edstica, realizar un homenaje, un tributo a nuestro padre, quien nos inculc\u00f3 el respeto por la verdad como valor m\u00e1ximo del periodismo. Es por ello que ma\u00f1ana (hoy) tendremos una peque\u00f1a sorpresa que ser\u00e1 parte parte de las actividades propias de este 88\u00ba aniversario. Seguimos estando m\u00e1s que agradecidos por la preferencia de nuestros lectores y anunciantes\u00bb, dijo Marco Antonio Juri, director de Diario El Trabajo.<br \/>\n<strong>Roberto Gonz\u00e1lez Short<\/strong><\/p>\n","protected":false},"excerpt":{"rendered":"<p>Familia rendir\u00e1 homenaje al desaparecido Patriarca: Hoy en Diario El Trabajo estamos de Manteles Largos. Nuestro medio impreso cumple 88 a\u00f1os de informar a todo el Valle Aconcagua del acontecer cotidianos en&#8230;<\/p>\n","protected":false},"author":1,"featured_media":77458,"comment_status":"open","ping_status":"open","sticky":false,"template":"","format":"standard","meta":{"advanced_seo_description":"","jetpack_seo_html_title":"","jetpack_seo_noindex":false,"_jetpack_memberships_contains_paid_content":false,"footnotes":""},"categories":[15],"tags":[],"class_list":["post-77457","post","type-post","status-publish","format-standard","has-post-thumbnail","hentry","category-comunidad"],"jetpack_featured_media_url":"https:\/\/i0.wp.com\/eltrabajo.cl\/portal\/wp-content\/uploads\/2017\/02\/miguel-juri.jpg?fit=580%2C348&ssl=1","jetpack_sharing_enabled":true,"jetpack_likes_enabled":true,"jetpack-related-posts":[],"_links":{"self":[{"href":"https:\/\/eltrabajo.cl\/portal\/wp-json\/wp\/v2\/posts\/77457","targetHints":{"allow":["GET"]}}],"collection":[{"href":"https:\/\/eltrabajo.cl\/portal\/wp-json\/wp\/v2\/posts"}],"about":[{"href":"https:\/\/eltrabajo.cl\/portal\/wp-json\/wp\/v2\/types\/post"}],"author":[{"embeddable":true,"href":"https:\/\/eltrabajo.cl\/portal\/wp-json\/wp\/v2\/users\/1"}],"replies":[{"embeddable":true,"href":"https:\/\/eltrabajo.cl\/portal\/wp-json\/wp\/v2\/comments?post=77457"}],"version-history":[{"count":0,"href":"https:\/\/eltrabajo.cl\/portal\/wp-json\/wp\/v2\/posts\/77457\/revisions"}],"wp:featuredmedia":[{"embeddable":true,"href":"https:\/\/eltrabajo.cl\/portal\/wp-json\/wp\/v2\/media\/77458"}],"wp:attachment":[{"href":"https:\/\/eltrabajo.cl\/portal\/wp-json\/wp\/v2\/media?parent=77457"}],"wp:term":[{"taxonomy":"category","embeddable":true,"href":"https:\/\/eltrabajo.cl\/portal\/wp-json\/wp\/v2\/categories?post=77457"},{"taxonomy":"post_tag","embeddable":true,"href":"https:\/\/eltrabajo.cl\/portal\/wp-json\/wp\/v2\/tags?post=77457"}],"curies":[{"name":"wp","href":"https:\/\/api.w.org\/{rel}","templated":true}]}}