{"id":77460,"date":"2017-02-24T08:27:01","date_gmt":"2017-02-24T12:27:01","guid":{"rendered":"http:\/\/www.eltrabajo.cl\/2017\/?p=77460"},"modified":"2017-02-24T08:27:01","modified_gmt":"2017-02-24T12:27:01","slug":"ya-hay-5-200-000-recaudados-para-comprar-neuroestimulador-a-nicolas-collao","status":"publish","type":"post","link":"https:\/\/eltrabajo.cl\/portal\/ya-hay-5-200-000-recaudados-para-comprar-neuroestimulador-a-nicolas-collao\/","title":{"rendered":"Ya hay $5.200.000 recaudados para comprar neuroestimulador a Nicol\u00e1s Collao"},"content":{"rendered":"<figure id=\"attachment_77461\" aria-describedby=\"caption-attachment-77461\" style=\"width: 580px\" class=\"wp-caption alignnone\"><img data-recalc-dims=\"1\" loading=\"lazy\" decoding=\"async\" class=\"size-full wp-image-77461\" src=\"https:\/\/i0.wp.com\/www.eltrabajo.cl\/2017\/wp-content\/uploads\/2017\/02\/Nicolas-Collao-1.jpg?resize=580%2C349\" alt=\"CON GRAN DIFICULTAD.- Aqu\u00ed tenemos al peque\u00f1o Nicol\u00e1s Collao, de ocho a\u00f1os, haciendo un gran esfuerzo para saludar a nuestros lectores en esta foto.\" width=\"580\" height=\"349\" srcset=\"https:\/\/i0.wp.com\/eltrabajo.cl\/portal\/wp-content\/uploads\/2017\/02\/Nicolas-Collao-1.jpg?w=580&amp;ssl=1 580w, https:\/\/i0.wp.com\/eltrabajo.cl\/portal\/wp-content\/uploads\/2017\/02\/Nicolas-Collao-1.jpg?resize=200%2C120&amp;ssl=1 200w, https:\/\/i0.wp.com\/eltrabajo.cl\/portal\/wp-content\/uploads\/2017\/02\/Nicolas-Collao-1.jpg?resize=300%2C181&amp;ssl=1 300w, https:\/\/i0.wp.com\/eltrabajo.cl\/portal\/wp-content\/uploads\/2017\/02\/Nicolas-Collao-1.jpg?resize=249%2C150&amp;ssl=1 249w, https:\/\/i0.wp.com\/eltrabajo.cl\/portal\/wp-content\/uploads\/2017\/02\/Nicolas-Collao-1.jpg?resize=400%2C241&amp;ssl=1 400w\" sizes=\"auto, (max-width: 580px) 100vw, 580px\" \/><figcaption id=\"caption-attachment-77461\" class=\"wp-caption-text\">CON GRAN DIFICULTAD.- Aqu\u00ed tenemos al peque\u00f1o Nicol\u00e1s Collao, de ocho a\u00f1os, haciendo un gran esfuerzo para saludar a nuestros lectores en esta foto.<\/figcaption><\/figure>\n<ul>\n<li><span style=\"color: #ff0000;\"><strong>Campa\u00f1a de Diario El Trabajo con la mejor respuesta de sus lectores:<\/strong><\/span><\/li>\n<\/ul>\n<p>Luego que Diario El Trabajo iniciara la semana pasada una solidaria campa\u00f1a medi\u00e1tica para apoyar los esfuerzos de una familia sanfelipe\u00f1a en busca de recaudar los $25 millones que dar\u00e1n al peque\u00f1ito Nicol\u00e1s Collao, de ocho a\u00f1itos, la oportunidad de poder recuperar su movilidad cuando le instalen un neuroestimulador dentro de su pecho y cerebro, la respuesta de los aconcag\u00fcinos no se hizo esperar, ya que en tan solo unos pocos d\u00edas ya se han recaudado $5.200.000, (Cinco millones doscientos mil pesos).<\/p>\n<p><strong>\u00abTODO ME SIRVE\u00bb<\/strong><br \/>\n\u00abEstoy muy contento, las personas me est\u00e1n apoyando mucho, creo que s\u00ed podr\u00e9 volver a caminar y moverme bien, para jugar con mis amiguitos y dejar por fin esta silla de ruedas. Tambi\u00e9n quiero pedirles a los que leen Diario El Trabajo, que yo estar\u00e9 este s\u00e1bado en los stands de Plaza de Armas para seguir solicit\u00e1ndoles que me ayuden, no importa si son $100 o un mill\u00f3n de pesos, todo me sirve\u00bb, dijo Nicol\u00e1s a nuestro medio.<br \/>\nNicol\u00e1s Collao Villarroel, es un vecino de Villa El Se\u00f1orial que desde hace tres a\u00f1os sufre de una enfermedad que poco a poco lo est\u00e1 paralizando y convirtiendo de un rollo de m\u00fasculos contra\u00eddos involuntariamente, lo que irremediablemente representar\u00e1 una par\u00e1lisis total si no se le interviene cl\u00ednicamente.<\/p>\n<p><strong>\u00bfQU\u00c9 MAL SUFRE?<\/strong><br \/>\nEl mal que sufre este ni\u00f1o sanfelipe\u00f1o es la enfermedad llamada Diston\u00eda, un trastorno del movimiento que causa contracciones involuntarias de los m\u00fasculos. Estas contracciones resultan en torsiones y movimientos repetitivos y algunas veces son dolorosos. Este mal ya tiene al peque\u00f1o Nicol\u00e1s en silla de ruedas y hasta sus alimentos se los tienen que servir en la boca. Como a muchos pacientes de este mal, a Nicol\u00e1s los s\u00edntomas comenzaron en su etapa de la infancia, aunque tambi\u00e9n pueden comenzar al final de la adolescencia o en la edad adulta temprana, en palabra simples, lo que este amiguito sufre es un s\u00edndrome neurol\u00f3gico incapacitante, el que afecta su sistema muscular.<\/p>\n<p>Diario El Trabajo habl\u00f3 ayer con la madre de Nicol\u00e1s, do\u00f1a Karina Villarroel, \u00abestamos muy pero muy agradecidos con todas las personas que est\u00e1n apoyando a nuestro hijo. La empresa Medtronic Chile nos llam\u00f3 ya, para este pr\u00f3ximo martes reunirnos en Santiago y explicarnos qu\u00e9 posibilidades tenemos con el neuroestimulador que tenemos que pagar para Nicol\u00e1s, apenas llevamos $5 millones, pero sabemos que los sanfelipe\u00f1os est\u00e1n aqu\u00ed, para apoyar al ni\u00f1o\u00bb, dijo emocionada la madre del \u2018Nico\u2019.<\/p>\n<p><strong>ALCALDE PREOCUPADO<\/strong><br \/>\nSeg\u00fan informaci\u00f3n que manejamos en Diario El Trabajo, el Municipio est\u00e1 gestionando con autoridades de Salud para manejar la posibilidad de que las autoridades intervengan en este caso especial para que el Ministerio de Salud asuma un rol protag\u00f3nico en la parte econ\u00f3mica.<br \/>\n\u00abDesde que nos enteramos del problema que el peque\u00f1o Nicol\u00e1s sufre yo he iniciado conversaciones con la directora del Servicio de Salud Vilma Olave, para ver de qu\u00e9 manera podemos intervenir en este caso a fin de ayudar de la mejor manera en su caso, es un ni\u00f1o chico al que la vida le tiene reservadas muchas y grandes oportunidades para crecer sano, por eso tambi\u00e9n muy pronto tendremos una respuesta positiva, en eso estamos trabajando con el Dideco\u00bb, dijo el alcalde Patricio Freire a Diario El Trabajo.<br \/>\nLos interesados en unirse a esta campa\u00f1a solidaria para ayudar a Nicol\u00e1s, pueden depositar en la Cuenta Rut. de Roberto Collao Valencia N\u00ba 12.401.174-4, tambi\u00e9n pueden llamar al 94709 1195. Tambi\u00e9n nuestros lectores pueden visitar a Nicol\u00e1s en uno de los stands que este s\u00e1bado estar\u00e1n instalados en la Feria Medieval que inicia a las 11:00 horas, en nuestra Plaza de Armas.<br \/>\n<strong>Roberto Gonz\u00e1lez Short<\/strong><\/p>\n<figure id=\"attachment_77462\" aria-describedby=\"caption-attachment-77462\" style=\"width: 580px\" class=\"wp-caption alignnone\"><img data-recalc-dims=\"1\" loading=\"lazy\" decoding=\"async\" class=\"size-full wp-image-77462\" src=\"https:\/\/i0.wp.com\/www.eltrabajo.cl\/2017\/wp-content\/uploads\/2017\/02\/Familiar33-1.jpg?resize=580%2C348\" alt=\"SIGAMOS DONANDO.- Los interesados en unirse a esta campa\u00f1a solidaria para ayudar a Nicol\u00e1s, pueden depositar en la Cuenta Rut. de Roberto Collao Valencia N\u00ba 12.401.174-4, tambi\u00e9n pueden llamar al 94709 1195.\" width=\"580\" height=\"348\" srcset=\"https:\/\/i0.wp.com\/eltrabajo.cl\/portal\/wp-content\/uploads\/2017\/02\/Familiar33-1.jpg?w=580&amp;ssl=1 580w, https:\/\/i0.wp.com\/eltrabajo.cl\/portal\/wp-content\/uploads\/2017\/02\/Familiar33-1.jpg?resize=200%2C120&amp;ssl=1 200w, https:\/\/i0.wp.com\/eltrabajo.cl\/portal\/wp-content\/uploads\/2017\/02\/Familiar33-1.jpg?resize=300%2C180&amp;ssl=1 300w, https:\/\/i0.wp.com\/eltrabajo.cl\/portal\/wp-content\/uploads\/2017\/02\/Familiar33-1.jpg?resize=250%2C150&amp;ssl=1 250w, https:\/\/i0.wp.com\/eltrabajo.cl\/portal\/wp-content\/uploads\/2017\/02\/Familiar33-1.jpg?resize=400%2C240&amp;ssl=1 400w\" sizes=\"auto, (max-width: 580px) 100vw, 580px\" \/><figcaption id=\"caption-attachment-77462\" class=\"wp-caption-text\">SIGAMOS DONANDO.- Los interesados en unirse a esta campa\u00f1a solidaria para ayudar a Nicol\u00e1s, pueden depositar en la Cuenta Rut. de Roberto Collao Valencia N\u00ba 12.401.174-4, tambi\u00e9n pueden llamar al 94709 1195.<\/figcaption><\/figure>\n","protected":false},"excerpt":{"rendered":"<p>Campa\u00f1a de Diario El Trabajo con la mejor respuesta de sus lectores: Luego que Diario El Trabajo iniciara la semana pasada una solidaria campa\u00f1a medi\u00e1tica para apoyar los esfuerzos de una familia&#8230;<\/p>\n","protected":false},"author":1,"featured_media":77462,"comment_status":"open","ping_status":"open","sticky":false,"template":"","format":"standard","meta":{"advanced_seo_description":"","jetpack_seo_html_title":"","jetpack_seo_noindex":false,"_jetpack_memberships_contains_paid_content":false,"footnotes":""},"categories":[15],"tags":[],"class_list":["post-77460","post","type-post","status-publish","format-standard","has-post-thumbnail","hentry","category-comunidad"],"jetpack_featured_media_url":"https:\/\/i0.wp.com\/eltrabajo.cl\/portal\/wp-content\/uploads\/2017\/02\/Familiar33-1.jpg?fit=580%2C348&ssl=1","jetpack_sharing_enabled":true,"jetpack_likes_enabled":true,"jetpack-related-posts":[],"_links":{"self":[{"href":"https:\/\/eltrabajo.cl\/portal\/wp-json\/wp\/v2\/posts\/77460","targetHints":{"allow":["GET"]}}],"collection":[{"href":"https:\/\/eltrabajo.cl\/portal\/wp-json\/wp\/v2\/posts"}],"about":[{"href":"https:\/\/eltrabajo.cl\/portal\/wp-json\/wp\/v2\/types\/post"}],"author":[{"embeddable":true,"href":"https:\/\/eltrabajo.cl\/portal\/wp-json\/wp\/v2\/users\/1"}],"replies":[{"embeddable":true,"href":"https:\/\/eltrabajo.cl\/portal\/wp-json\/wp\/v2\/comments?post=77460"}],"version-history":[{"count":0,"href":"https:\/\/eltrabajo.cl\/portal\/wp-json\/wp\/v2\/posts\/77460\/revisions"}],"wp:featuredmedia":[{"embeddable":true,"href":"https:\/\/eltrabajo.cl\/portal\/wp-json\/wp\/v2\/media\/77462"}],"wp:attachment":[{"href":"https:\/\/eltrabajo.cl\/portal\/wp-json\/wp\/v2\/media?parent=77460"}],"wp:term":[{"taxonomy":"category","embeddable":true,"href":"https:\/\/eltrabajo.cl\/portal\/wp-json\/wp\/v2\/categories?post=77460"},{"taxonomy":"post_tag","embeddable":true,"href":"https:\/\/eltrabajo.cl\/portal\/wp-json\/wp\/v2\/tags?post=77460"}],"curies":[{"name":"wp","href":"https:\/\/api.w.org\/{rel}","templated":true}]}}