{"id":77468,"date":"2017-02-27T08:24:24","date_gmt":"2017-02-27T12:24:24","guid":{"rendered":"http:\/\/www.eltrabajo.cl\/2017\/?p=77468"},"modified":"2017-02-27T08:24:24","modified_gmt":"2017-02-27T12:24:24","slug":"califican-como-discriminatoria-actitud-de-concejal-boffa-hacia-periodista","status":"publish","type":"post","link":"https:\/\/eltrabajo.cl\/portal\/califican-como-discriminatoria-actitud-de-concejal-boffa-hacia-periodista\/","title":{"rendered":"Califican como discriminatoria actitud de concejal Boffa hacia Periodista"},"content":{"rendered":"<figure id=\"attachment_77469\" aria-describedby=\"caption-attachment-77469\" style=\"width: 580px\" class=\"wp-caption alignnone\"><img data-recalc-dims=\"1\" loading=\"lazy\" decoding=\"async\" class=\"size-full wp-image-77469\" src=\"https:\/\/i0.wp.com\/www.eltrabajo.cl\/2017\/wp-content\/uploads\/2017\/02\/COLEGIO-DE-PERIODISTAS.jpg?resize=580%2C348\" alt=\"Consejo Regional Aconcagua del Colegio de Periodistas de Chile.\" width=\"580\" height=\"348\" srcset=\"https:\/\/i0.wp.com\/eltrabajo.cl\/portal\/wp-content\/uploads\/2017\/02\/COLEGIO-DE-PERIODISTAS.jpg?w=580&amp;ssl=1 580w, https:\/\/i0.wp.com\/eltrabajo.cl\/portal\/wp-content\/uploads\/2017\/02\/COLEGIO-DE-PERIODISTAS.jpg?resize=200%2C120&amp;ssl=1 200w, https:\/\/i0.wp.com\/eltrabajo.cl\/portal\/wp-content\/uploads\/2017\/02\/COLEGIO-DE-PERIODISTAS.jpg?resize=300%2C180&amp;ssl=1 300w, https:\/\/i0.wp.com\/eltrabajo.cl\/portal\/wp-content\/uploads\/2017\/02\/COLEGIO-DE-PERIODISTAS.jpg?resize=250%2C150&amp;ssl=1 250w, https:\/\/i0.wp.com\/eltrabajo.cl\/portal\/wp-content\/uploads\/2017\/02\/COLEGIO-DE-PERIODISTAS.jpg?resize=400%2C240&amp;ssl=1 400w\" sizes=\"auto, (max-width: 580px) 100vw, 580px\" \/><figcaption id=\"caption-attachment-77469\" class=\"wp-caption-text\">Consejo Regional Aconcagua del Colegio de Periodistas de Chile.<\/figcaption><\/figure>\n<ul>\n<li><span style=\"color: #ff0000;\"><strong>Mesa Directiva del Consejo Regional Aconcagua del Colegio de la orden:<\/strong><\/span><\/li>\n<\/ul>\n<p>A trav\u00e9s de una declaraci\u00f3n p\u00fablica, la Mesa Directiva del Consejo Regional Aconcagua del Colegio de Periodistas de Chile, declar\u00f3 su absoluto rechazo a la actitud mostrada por la Concejal Patricia Boffa Casas, la que calificaron de \u00abdiscriminatoria\u00bb, en contra de la periodista y vicepresidenta de ese cuerpo colegiado, Sylvia Vergara Gonz\u00e1lez.<br \/>\nLa declaraci\u00f3n sostiene que el acto discriminatorio se habr\u00eda registrado \u00abluego que en la sesi\u00f3n del Concejo Municipal de San Felipe, realizada en la ma\u00f1ana del jueves 23 de febrero, durante la discusi\u00f3n y an\u00e1lisis de la \u00faltima versi\u00f3n del Festival de la Canci\u00f3n Palmenia Pizarro, la edil rechazara la solicitud de nuestra colega de aportar con informaci\u00f3n en torno a aspectos que se estaban cuestionando.<br \/>\n\u00abSylvia Vergara, periodista con m\u00e1s de 18 a\u00f1os de ejercicio profesional, impulsora del Consejo Aconcagua de la Orden, se desempe\u00f1a en el Departamento de Comunicaciones de la Ilustre Municipalidad de San Felipe, unidad que lidera hace dos a\u00f1os, correspondi\u00e9ndole adem\u00e1s encabezar la producci\u00f3n de este evento musical desarrollado los d\u00edas 3 y 4 de febrero.<br \/>\n\u00abLa raz\u00f3n que esgrimi\u00f3 la concejala para impedir que nuestra colega interviniera en la sesi\u00f3n, fue su condici\u00f3n de funcionaria en calidad de honorarios, que la desliga de responsabilidad administrativa.<br \/>\n\u00abSi bien en rigor puede entenderse el argumento, es un hecho que sesi\u00f3n tras sesi\u00f3n del concejo municipal, son muchos los funcionarios en la misma condici\u00f3n laboral, dirigentes y vecinos que participan, sin que ninguno sea excluido. Se lamenta entonces que la concejala, \u00fanica integrante mujer de este cuerpo edilicio, ejerza esta actitud discriminatoria y de maltrato en contra de nuestra colega, lo que no se condice con los valores de democracia, respeto y tolerancia que ella promueve.<br \/>\n\u00abEl Consejo Aconcagua ratifica su intenci\u00f3n de trabajar arduamente por la defensa de la dignidad de los profesionales del Periodismo, as\u00ed como tambi\u00e9n, de acompa\u00f1ar todos aquellos procesos que promuevan la participaci\u00f3n, la integraci\u00f3n, el respeto y la no violencia.<\/p>\n","protected":false},"excerpt":{"rendered":"<p>Mesa Directiva del Consejo Regional Aconcagua del Colegio de la orden: A trav\u00e9s de una declaraci\u00f3n p\u00fablica, la Mesa Directiva del Consejo Regional Aconcagua del Colegio de Periodistas de Chile, declar\u00f3 su&#8230;<\/p>\n","protected":false},"author":1,"featured_media":77469,"comment_status":"open","ping_status":"open","sticky":false,"template":"","format":"standard","meta":{"advanced_seo_description":"","jetpack_seo_html_title":"","jetpack_seo_noindex":false,"_jetpack_memberships_contains_paid_content":false,"footnotes":""},"categories":[1],"tags":[],"class_list":["post-77468","post","type-post","status-publish","format-standard","has-post-thumbnail","hentry","category-cronica"],"jetpack_featured_media_url":"https:\/\/i0.wp.com\/eltrabajo.cl\/portal\/wp-content\/uploads\/2017\/02\/COLEGIO-DE-PERIODISTAS.jpg?fit=580%2C348&ssl=1","jetpack_sharing_enabled":true,"jetpack_likes_enabled":true,"jetpack-related-posts":[],"_links":{"self":[{"href":"https:\/\/eltrabajo.cl\/portal\/wp-json\/wp\/v2\/posts\/77468","targetHints":{"allow":["GET"]}}],"collection":[{"href":"https:\/\/eltrabajo.cl\/portal\/wp-json\/wp\/v2\/posts"}],"about":[{"href":"https:\/\/eltrabajo.cl\/portal\/wp-json\/wp\/v2\/types\/post"}],"author":[{"embeddable":true,"href":"https:\/\/eltrabajo.cl\/portal\/wp-json\/wp\/v2\/users\/1"}],"replies":[{"embeddable":true,"href":"https:\/\/eltrabajo.cl\/portal\/wp-json\/wp\/v2\/comments?post=77468"}],"version-history":[{"count":0,"href":"https:\/\/eltrabajo.cl\/portal\/wp-json\/wp\/v2\/posts\/77468\/revisions"}],"wp:featuredmedia":[{"embeddable":true,"href":"https:\/\/eltrabajo.cl\/portal\/wp-json\/wp\/v2\/media\/77469"}],"wp:attachment":[{"href":"https:\/\/eltrabajo.cl\/portal\/wp-json\/wp\/v2\/media?parent=77468"}],"wp:term":[{"taxonomy":"category","embeddable":true,"href":"https:\/\/eltrabajo.cl\/portal\/wp-json\/wp\/v2\/categories?post=77468"},{"taxonomy":"post_tag","embeddable":true,"href":"https:\/\/eltrabajo.cl\/portal\/wp-json\/wp\/v2\/tags?post=77468"}],"curies":[{"name":"wp","href":"https:\/\/api.w.org\/{rel}","templated":true}]}}