{"id":77471,"date":"2017-02-27T08:46:38","date_gmt":"2017-02-27T12:46:38","guid":{"rendered":"http:\/\/www.eltrabajo.cl\/2017\/?p=77471"},"modified":"2017-02-27T08:46:38","modified_gmt":"2017-02-27T12:46:38","slug":"edificio-de-diario-el-trabajo-lleva-nombre-de-miguel-ricardo-juri","status":"publish","type":"post","link":"https:\/\/eltrabajo.cl\/portal\/edificio-de-diario-el-trabajo-lleva-nombre-de-miguel-ricardo-juri\/","title":{"rendered":"Edificio de Diario El Trabajo lleva nombre de Miguel Ricardo Juri"},"content":{"rendered":"<figure id=\"attachment_77488\" aria-describedby=\"caption-attachment-77488\" style=\"width: 580px\" class=\"wp-caption alignnone\"><img data-recalc-dims=\"1\" loading=\"lazy\" decoding=\"async\" class=\"size-full wp-image-77488\" src=\"https:\/\/i0.wp.com\/www.eltrabajo.cl\/2017\/wp-content\/uploads\/2017\/02\/Enorme33.jpg?resize=580%2C350\" alt=\"CON NOMBRE Y APELLIDOS.- El edificio corporativo de Diario El Trabajo ahora se llama Edificio Miguel Ricardo Juri Juri.\" width=\"580\" height=\"350\" srcset=\"https:\/\/i0.wp.com\/eltrabajo.cl\/portal\/wp-content\/uploads\/2017\/02\/Enorme33.jpg?w=580&amp;ssl=1 580w, https:\/\/i0.wp.com\/eltrabajo.cl\/portal\/wp-content\/uploads\/2017\/02\/Enorme33.jpg?resize=200%2C121&amp;ssl=1 200w, https:\/\/i0.wp.com\/eltrabajo.cl\/portal\/wp-content\/uploads\/2017\/02\/Enorme33.jpg?resize=300%2C181&amp;ssl=1 300w, https:\/\/i0.wp.com\/eltrabajo.cl\/portal\/wp-content\/uploads\/2017\/02\/Enorme33.jpg?resize=249%2C150&amp;ssl=1 249w, https:\/\/i0.wp.com\/eltrabajo.cl\/portal\/wp-content\/uploads\/2017\/02\/Enorme33.jpg?resize=400%2C241&amp;ssl=1 400w\" sizes=\"auto, (max-width: 580px) 100vw, 580px\" \/><figcaption id=\"caption-attachment-77488\" class=\"wp-caption-text\">CON NOMBRE Y APELLIDOS.- El edificio corporativo de Diario El Trabajo ahora se llama Edificio Miguel Ricardo Juri Juri.<\/figcaption><\/figure>\n<ul>\n<li><span style=\"color: #ff0000;\"><strong>Gobernador Eduardo Le\u00f3n hizo el Cambio de Folio N\u00ba 88:<\/strong><\/span><\/li>\n<\/ul>\n<p>Fueron 88 a\u00f1os los que este viernes cumpli\u00f3 Diario El Trabajo, medio aconcag\u00fcino que naci\u00f3 el domingo 24 de febrero de 1929, en Putaendo. Desde entonces, a\u00f1o a a\u00f1o, la Familia Juri viene celebrando su cumplea\u00f1os religiosamente, pero m\u00e1s all\u00e1 de celebrar cumplea\u00f1os, se celebra m\u00e1s que todo la herencia period\u00edstica entregada a cada generaci\u00f3n hasta el presente, pues uno de los tesoros institucionales m\u00e1s valiosos de la comuna de San Felipe, es nuestro peri\u00f3dico.<\/p>\n<p><strong>CAMBIO DE FOLIO<\/strong><br \/>\nLa actividad inici\u00f3 con la visita del alcalde Patricio Freire; el gobernador Eduardo Le\u00f3n; el Core Rolando Stevenson y otros invitados especiales (ver nota aparte), quienes compartieron con todo el personal de Diario El Trabajo varias horas de amena fiesta.<br \/>\nLe\u00f3n se expres\u00f3 agradecido con la oportunidad de haber sido \u00e9l quien realizara el Cambio de Folio este a\u00f1o: \u00abAgradezco a la Familia Juri que me permitiera a m\u00ed el realizar este Cambio de Folio, pues se trata de uno de los diarios m\u00e1s antiguos del pa\u00eds, hoy d\u00eda cuando hay tanta informaci\u00f3n globalizada la gente quiere opinar y estar informada, por eso es que la informaci\u00f3n local nos ayuda Diario El Trabajo, para permitirnos estar bien informados\u00bb.<br \/>\nPor su parte el alcalde Patricio Freire, en relaci\u00f3n a nuestro aniversario, fue enf\u00e1tico al se\u00f1alar que \u00abes muy importante celebrar estos 88 a\u00f1os de Diario El Trabajo, este diario es parte de todos los sanfelipe\u00f1os, lo llevamos en nuestro coraz\u00f3n, gracias a este diario nuestra comuna tiene un registro hist\u00f3rico que nos da identidad, felicidades a la Familia Juri\u00bb, indic\u00f3 el edil.<\/p>\n<p><strong>UN HOMENAJE AL\u00a0GRAN PATRIARCA<\/strong><br \/>\nFue durante esta misma gala cuando los directivos del diario y ambas autoridades develaron la placa del nombre de estas instalaciones Edificio Miguel Ricardo Juri Juri, en honor a quien nos dejara para siempre en diciembre pasado y quien tambi\u00e9n dirigiera nuestro matutino de 1968 a 1987.<br \/>\n\u00abNosotros en San Felipe, as\u00ed como tenemos Calle Salinas, Calle Prat y otras importantes avenidas de la ciudad, tambi\u00e9n es importante que este edificio conserve un gran cap\u00edtulo de la historia de nuestra comuna con el nombre de don Miguel Ricardo Juri\u00bb, coment\u00f3 Eduardo Le\u00f3n sobre este homenaje al Patriarca ya fallecido, el alcalde Freire tambi\u00e9n fue emotivo en su comentario, \u00abdon Miguel Ricardo Juri aunque se fue, seguir\u00e1 siendo para m\u00ed un gran amigo, \u00e9l dio continuidad a este proyecto familiar a favor de la libertad de expresi\u00f3n en Aconcagua, muy merecido que el edificio lleve su nombre\u00bb.<\/p>\n<p><strong>BAILES, COMIDA Y ENTREVISTAS<\/strong><br \/>\nPero la celebraci\u00f3n de los 88 a\u00f1os de Diario El Trabajo no s\u00f3lo se trat\u00f3 de solemnes discursos y un ambiente formal, ya que tambi\u00e9n hubo momentos de alegr\u00eda, bailes pascuenses; disfrute pleno de bebidas y ricas tortas, y hasta entrevistas a las autoridades por \u2018minireporteritos\u2019 de un taller de periodismo escolar del sector Las 4 Villas.<br \/>\nTodos quienes laboramos en este medio impreso y digital, hoy hacemos p\u00fablico nuestro sincero agradecimiento a quienes durante varias generaciones han honrado nuestro trabajo con su preferencia: \u00a1A Usted amigo lector, muchas gracias!<br \/>\n<strong>Roberto Gonz\u00e1lez Short<\/strong><\/p>\n<figure id=\"attachment_77484\" aria-describedby=\"caption-attachment-77484\" style=\"width: 580px\" class=\"wp-caption alignnone\"><img data-recalc-dims=\"1\" loading=\"lazy\" decoding=\"async\" class=\"size-full wp-image-77484\" src=\"https:\/\/i0.wp.com\/www.eltrabajo.cl\/2017\/wp-content\/uploads\/2017\/02\/Bailes88.jpg?resize=580%2C348\" alt=\"BAILES PASCUENSES.- El grupo de ballet de la Cruz Roja ofreci\u00f3 varios bailes pascuenses durante la fiesta, particip\u00f3 tambi\u00e9n la presidenta de la junta vecinal de El Se\u00f1orial, \u00c9rika \u00c1lvarez.\" width=\"580\" height=\"348\" srcset=\"https:\/\/i0.wp.com\/eltrabajo.cl\/portal\/wp-content\/uploads\/2017\/02\/Bailes88.jpg?w=580&amp;ssl=1 580w, https:\/\/i0.wp.com\/eltrabajo.cl\/portal\/wp-content\/uploads\/2017\/02\/Bailes88.jpg?resize=200%2C120&amp;ssl=1 200w, https:\/\/i0.wp.com\/eltrabajo.cl\/portal\/wp-content\/uploads\/2017\/02\/Bailes88.jpg?resize=300%2C180&amp;ssl=1 300w, https:\/\/i0.wp.com\/eltrabajo.cl\/portal\/wp-content\/uploads\/2017\/02\/Bailes88.jpg?resize=250%2C150&amp;ssl=1 250w, https:\/\/i0.wp.com\/eltrabajo.cl\/portal\/wp-content\/uploads\/2017\/02\/Bailes88.jpg?resize=400%2C240&amp;ssl=1 400w\" sizes=\"auto, (max-width: 580px) 100vw, 580px\" \/><figcaption id=\"caption-attachment-77484\" class=\"wp-caption-text\">BAILES PASCUENSES.- El grupo de ballet de la Cruz Roja ofreci\u00f3 varios bailes pascuenses durante la fiesta, particip\u00f3 tambi\u00e9n la presidenta de la junta vecinal de El Se\u00f1orial, \u00c9rika \u00c1lvarez.<\/figcaption><\/figure>\n<figure id=\"attachment_77485\" aria-describedby=\"caption-attachment-77485\" style=\"width: 580px\" class=\"wp-caption alignnone\"><img data-recalc-dims=\"1\" loading=\"lazy\" decoding=\"async\" class=\"size-full wp-image-77485\" src=\"https:\/\/i0.wp.com\/www.eltrabajo.cl\/2017\/wp-content\/uploads\/2017\/02\/Claudia.jpg?resize=580%2C348\" alt=\"NUESTRA REPORTERITA.- La peque\u00f1a Claudia, una reporterita sanfelipe\u00f1a, tambi\u00e9n hizo su trabajo period\u00edstico al entrevistar a nuestras autoridades.\" width=\"580\" height=\"348\" srcset=\"https:\/\/i0.wp.com\/eltrabajo.cl\/portal\/wp-content\/uploads\/2017\/02\/Claudia.jpg?w=580&amp;ssl=1 580w, https:\/\/i0.wp.com\/eltrabajo.cl\/portal\/wp-content\/uploads\/2017\/02\/Claudia.jpg?resize=200%2C120&amp;ssl=1 200w, https:\/\/i0.wp.com\/eltrabajo.cl\/portal\/wp-content\/uploads\/2017\/02\/Claudia.jpg?resize=300%2C180&amp;ssl=1 300w, https:\/\/i0.wp.com\/eltrabajo.cl\/portal\/wp-content\/uploads\/2017\/02\/Claudia.jpg?resize=250%2C150&amp;ssl=1 250w, https:\/\/i0.wp.com\/eltrabajo.cl\/portal\/wp-content\/uploads\/2017\/02\/Claudia.jpg?resize=400%2C240&amp;ssl=1 400w\" sizes=\"auto, (max-width: 580px) 100vw, 580px\" \/><figcaption id=\"caption-attachment-77485\" class=\"wp-caption-text\">NUESTRA REPORTERITA.- La peque\u00f1a Claudia, una reporterita sanfelipe\u00f1a, tambi\u00e9n hizo su trabajo period\u00edstico al entrevistar a nuestras autoridades.<\/figcaption><\/figure>\n<figure id=\"attachment_77486\" aria-describedby=\"caption-attachment-77486\" style=\"width: 580px\" class=\"wp-caption alignnone\"><img data-recalc-dims=\"1\" loading=\"lazy\" decoding=\"async\" class=\"size-full wp-image-77486\" src=\"https:\/\/i0.wp.com\/www.eltrabajo.cl\/2017\/wp-content\/uploads\/2017\/02\/EdificioJuri_RETOCADO-EL-TECHO.jpg?resize=580%2C349\" alt=\"DIGNO HOMENAJE.- El alcalde Patricio Freire; el periodista Marco Antonio Juri; el gerente comercial de Diario El Trabajo Miguel \u00c1ngel Juri y el gobernador Eduardo Le\u00f3n, develaron la placa met\u00e1lica con el nombre de nuestro exdirector: Edificio Miguel Ricardo Juri Juri.\" width=\"580\" height=\"349\" srcset=\"https:\/\/i0.wp.com\/eltrabajo.cl\/portal\/wp-content\/uploads\/2017\/02\/EdificioJuri_RETOCADO-EL-TECHO.jpg?w=580&amp;ssl=1 580w, https:\/\/i0.wp.com\/eltrabajo.cl\/portal\/wp-content\/uploads\/2017\/02\/EdificioJuri_RETOCADO-EL-TECHO.jpg?resize=200%2C120&amp;ssl=1 200w, https:\/\/i0.wp.com\/eltrabajo.cl\/portal\/wp-content\/uploads\/2017\/02\/EdificioJuri_RETOCADO-EL-TECHO.jpg?resize=300%2C181&amp;ssl=1 300w, https:\/\/i0.wp.com\/eltrabajo.cl\/portal\/wp-content\/uploads\/2017\/02\/EdificioJuri_RETOCADO-EL-TECHO.jpg?resize=249%2C150&amp;ssl=1 249w, https:\/\/i0.wp.com\/eltrabajo.cl\/portal\/wp-content\/uploads\/2017\/02\/EdificioJuri_RETOCADO-EL-TECHO.jpg?resize=400%2C241&amp;ssl=1 400w\" sizes=\"auto, (max-width: 580px) 100vw, 580px\" \/><figcaption id=\"caption-attachment-77486\" class=\"wp-caption-text\">DIGNO HOMENAJE.- El alcalde Patricio Freire; el periodista Marco Antonio Juri; el gerente comercial de Diario El Trabajo Miguel \u00c1ngel Juri y el gobernador Eduardo Le\u00f3n, develaron la placa met\u00e1lica con el nombre de nuestro exdirector: Edificio Miguel Ricardo Juri Juri.<\/figcaption><\/figure>\n<figure id=\"attachment_77487\" aria-describedby=\"caption-attachment-77487\" style=\"width: 580px\" class=\"wp-caption alignnone\"><img data-recalc-dims=\"1\" loading=\"lazy\" decoding=\"async\" class=\"size-full wp-image-77487\" src=\"https:\/\/i0.wp.com\/www.eltrabajo.cl\/2017\/wp-content\/uploads\/2017\/02\/Eduardo-Leon.jpg?resize=580%2C349\" alt=\"Eduardo Le\u00f3n, gobernador provincial de San Felipe\" width=\"580\" height=\"349\" srcset=\"https:\/\/i0.wp.com\/eltrabajo.cl\/portal\/wp-content\/uploads\/2017\/02\/Eduardo-Leon.jpg?w=580&amp;ssl=1 580w, https:\/\/i0.wp.com\/eltrabajo.cl\/portal\/wp-content\/uploads\/2017\/02\/Eduardo-Leon.jpg?resize=200%2C120&amp;ssl=1 200w, https:\/\/i0.wp.com\/eltrabajo.cl\/portal\/wp-content\/uploads\/2017\/02\/Eduardo-Leon.jpg?resize=300%2C181&amp;ssl=1 300w, https:\/\/i0.wp.com\/eltrabajo.cl\/portal\/wp-content\/uploads\/2017\/02\/Eduardo-Leon.jpg?resize=249%2C150&amp;ssl=1 249w, https:\/\/i0.wp.com\/eltrabajo.cl\/portal\/wp-content\/uploads\/2017\/02\/Eduardo-Leon.jpg?resize=400%2C241&amp;ssl=1 400w\" sizes=\"auto, (max-width: 580px) 100vw, 580px\" \/><figcaption id=\"caption-attachment-77487\" class=\"wp-caption-text\">Eduardo Le\u00f3n, gobernador provincial de San Felipe<\/figcaption><\/figure>\n<figure id=\"attachment_77489\" aria-describedby=\"caption-attachment-77489\" style=\"width: 580px\" class=\"wp-caption alignnone\"><img data-recalc-dims=\"1\" loading=\"lazy\" decoding=\"async\" class=\"size-full wp-image-77489\" src=\"https:\/\/i0.wp.com\/www.eltrabajo.cl\/2017\/wp-content\/uploads\/2017\/02\/Folio88.jpg?resize=580%2C350\" alt=\"CAMBIO DE FOLIO.- Este fue el momento cuan do el gobernador Eduardo Le\u00f3n realiz\u00f3 el Cambio de Folio de Diario El Trabajo, marcando as\u00ed un a\u00f1o m\u00e1s de vida period\u00edstica de nuestro diario.\" width=\"580\" height=\"350\" srcset=\"https:\/\/i0.wp.com\/eltrabajo.cl\/portal\/wp-content\/uploads\/2017\/02\/Folio88.jpg?w=580&amp;ssl=1 580w, https:\/\/i0.wp.com\/eltrabajo.cl\/portal\/wp-content\/uploads\/2017\/02\/Folio88.jpg?resize=200%2C121&amp;ssl=1 200w, https:\/\/i0.wp.com\/eltrabajo.cl\/portal\/wp-content\/uploads\/2017\/02\/Folio88.jpg?resize=300%2C181&amp;ssl=1 300w, https:\/\/i0.wp.com\/eltrabajo.cl\/portal\/wp-content\/uploads\/2017\/02\/Folio88.jpg?resize=249%2C150&amp;ssl=1 249w, https:\/\/i0.wp.com\/eltrabajo.cl\/portal\/wp-content\/uploads\/2017\/02\/Folio88.jpg?resize=400%2C241&amp;ssl=1 400w\" sizes=\"auto, (max-width: 580px) 100vw, 580px\" \/><figcaption id=\"caption-attachment-77489\" class=\"wp-caption-text\">CAMBIO DE FOLIO.- Este fue el momento cuan do el gobernador Eduardo Le\u00f3n realiz\u00f3 el Cambio de Folio de Diario El Trabajo, marcando as\u00ed un a\u00f1o m\u00e1s de vida period\u00edstica de nuestro diario.<\/figcaption><\/figure>\n<figure id=\"attachment_77490\" aria-describedby=\"caption-attachment-77490\" style=\"width: 580px\" class=\"wp-caption alignnone\"><img data-recalc-dims=\"1\" loading=\"lazy\" decoding=\"async\" class=\"size-full wp-image-77490\" src=\"https:\/\/i0.wp.com\/www.eltrabajo.cl\/2017\/wp-content\/uploads\/2017\/02\/Grupal88.jpg?resize=580%2C349\" alt=\"CAMARADER\u00cdA.- Personeros de nuestro medio y al lado de sus Invitados Especiales, posan para nuestras c\u00e1maras durante la actividad.\" width=\"580\" height=\"349\" srcset=\"https:\/\/i0.wp.com\/eltrabajo.cl\/portal\/wp-content\/uploads\/2017\/02\/Grupal88.jpg?w=580&amp;ssl=1 580w, https:\/\/i0.wp.com\/eltrabajo.cl\/portal\/wp-content\/uploads\/2017\/02\/Grupal88.jpg?resize=200%2C120&amp;ssl=1 200w, https:\/\/i0.wp.com\/eltrabajo.cl\/portal\/wp-content\/uploads\/2017\/02\/Grupal88.jpg?resize=300%2C181&amp;ssl=1 300w, https:\/\/i0.wp.com\/eltrabajo.cl\/portal\/wp-content\/uploads\/2017\/02\/Grupal88.jpg?resize=249%2C150&amp;ssl=1 249w, https:\/\/i0.wp.com\/eltrabajo.cl\/portal\/wp-content\/uploads\/2017\/02\/Grupal88.jpg?resize=400%2C241&amp;ssl=1 400w\" sizes=\"auto, (max-width: 580px) 100vw, 580px\" \/><figcaption id=\"caption-attachment-77490\" class=\"wp-caption-text\">CAMARADER\u00cdA.- Personeros de nuestro medio y al lado de sus Invitados Especiales, posan para nuestras c\u00e1maras durante la actividad.<\/figcaption><\/figure>\n<figure id=\"attachment_77491\" aria-describedby=\"caption-attachment-77491\" style=\"width: 580px\" class=\"wp-caption alignnone\"><img data-recalc-dims=\"1\" loading=\"lazy\" decoding=\"async\" class=\"size-full wp-image-77491\" src=\"https:\/\/i0.wp.com\/www.eltrabajo.cl\/2017\/wp-content\/uploads\/2017\/02\/Miguel88.jpg?resize=580%2C349\" alt=\"NADIE FALT\u00d3.- Tambi\u00e9n el gerente comercial de Diario El Trabajo atendi\u00f3 a las autoridades y visitas especiales durante la actividad.\" width=\"580\" height=\"349\" srcset=\"https:\/\/i0.wp.com\/eltrabajo.cl\/portal\/wp-content\/uploads\/2017\/02\/Miguel88.jpg?w=580&amp;ssl=1 580w, https:\/\/i0.wp.com\/eltrabajo.cl\/portal\/wp-content\/uploads\/2017\/02\/Miguel88.jpg?resize=200%2C120&amp;ssl=1 200w, https:\/\/i0.wp.com\/eltrabajo.cl\/portal\/wp-content\/uploads\/2017\/02\/Miguel88.jpg?resize=300%2C181&amp;ssl=1 300w, https:\/\/i0.wp.com\/eltrabajo.cl\/portal\/wp-content\/uploads\/2017\/02\/Miguel88.jpg?resize=249%2C150&amp;ssl=1 249w, https:\/\/i0.wp.com\/eltrabajo.cl\/portal\/wp-content\/uploads\/2017\/02\/Miguel88.jpg?resize=400%2C241&amp;ssl=1 400w\" sizes=\"auto, (max-width: 580px) 100vw, 580px\" \/><figcaption id=\"caption-attachment-77491\" class=\"wp-caption-text\">NADIE FALT\u00d3.- Tambi\u00e9n el gerente comercial de Diario El Trabajo atendi\u00f3 a las autoridades y visitas especiales durante la actividad.<\/figcaption><\/figure>\n<figure id=\"attachment_77492\" aria-describedby=\"caption-attachment-77492\" style=\"width: 580px\" class=\"wp-caption alignnone\"><img data-recalc-dims=\"1\" loading=\"lazy\" decoding=\"async\" class=\"size-full wp-image-77492\" src=\"https:\/\/i0.wp.com\/www.eltrabajo.cl\/2017\/wp-content\/uploads\/2017\/02\/Patricio-Freire.jpg?resize=580%2C349\" alt=\"Patricio Freire, alcalde de nuestra comuna.\" width=\"580\" height=\"349\" srcset=\"https:\/\/i0.wp.com\/eltrabajo.cl\/portal\/wp-content\/uploads\/2017\/02\/Patricio-Freire.jpg?w=580&amp;ssl=1 580w, https:\/\/i0.wp.com\/eltrabajo.cl\/portal\/wp-content\/uploads\/2017\/02\/Patricio-Freire.jpg?resize=200%2C120&amp;ssl=1 200w, https:\/\/i0.wp.com\/eltrabajo.cl\/portal\/wp-content\/uploads\/2017\/02\/Patricio-Freire.jpg?resize=300%2C181&amp;ssl=1 300w, https:\/\/i0.wp.com\/eltrabajo.cl\/portal\/wp-content\/uploads\/2017\/02\/Patricio-Freire.jpg?resize=249%2C150&amp;ssl=1 249w, https:\/\/i0.wp.com\/eltrabajo.cl\/portal\/wp-content\/uploads\/2017\/02\/Patricio-Freire.jpg?resize=400%2C241&amp;ssl=1 400w\" sizes=\"auto, (max-width: 580px) 100vw, 580px\" \/><figcaption id=\"caption-attachment-77492\" class=\"wp-caption-text\">Patricio Freire, alcalde de nuestra comuna.<\/figcaption><\/figure>\n<figure id=\"attachment_77493\" aria-describedby=\"caption-attachment-77493\" style=\"width: 580px\" class=\"wp-caption alignnone\"><img data-recalc-dims=\"1\" loading=\"lazy\" decoding=\"async\" class=\"size-full wp-image-77493\" src=\"https:\/\/i0.wp.com\/www.eltrabajo.cl\/2017\/wp-content\/uploads\/2017\/02\/Regaloneada33.jpg?resize=580%2C348\" alt=\"CARI\u00d1O Y AMISTAD.- Eliana Ceballos, viuda de Juri, particip\u00f3 animadamente de esta gala de aniversario, siendo tambi\u00e9n felicitada cari\u00f1osamente por la primera autoridad de nuestra comuna, el alcalde Patricio Freire.\" width=\"580\" height=\"348\" srcset=\"https:\/\/i0.wp.com\/eltrabajo.cl\/portal\/wp-content\/uploads\/2017\/02\/Regaloneada33.jpg?w=580&amp;ssl=1 580w, https:\/\/i0.wp.com\/eltrabajo.cl\/portal\/wp-content\/uploads\/2017\/02\/Regaloneada33.jpg?resize=200%2C120&amp;ssl=1 200w, https:\/\/i0.wp.com\/eltrabajo.cl\/portal\/wp-content\/uploads\/2017\/02\/Regaloneada33.jpg?resize=300%2C180&amp;ssl=1 300w, https:\/\/i0.wp.com\/eltrabajo.cl\/portal\/wp-content\/uploads\/2017\/02\/Regaloneada33.jpg?resize=250%2C150&amp;ssl=1 250w, https:\/\/i0.wp.com\/eltrabajo.cl\/portal\/wp-content\/uploads\/2017\/02\/Regaloneada33.jpg?resize=400%2C240&amp;ssl=1 400w\" sizes=\"auto, (max-width: 580px) 100vw, 580px\" \/><figcaption id=\"caption-attachment-77493\" class=\"wp-caption-text\">CARI\u00d1O Y AMISTAD.- Eliana Ceballos, viuda de Juri, particip\u00f3 animadamente de esta gala de aniversario, siendo tambi\u00e9n felicitada cari\u00f1osamente por la primera autoridad de nuestra comuna, el alcalde Patricio Freire.<\/figcaption><\/figure>\n<figure id=\"attachment_77494\" aria-describedby=\"caption-attachment-77494\" style=\"width: 580px\" class=\"wp-caption alignnone\"><img data-recalc-dims=\"1\" loading=\"lazy\" decoding=\"async\" class=\"size-full wp-image-77494\" src=\"https:\/\/i0.wp.com\/www.eltrabajo.cl\/2017\/wp-content\/uploads\/2017\/02\/Stevenson1.jpg?resize=580%2C350\" alt=\"CORE REGAL\u00d3N.- El Core Rolando Stevenson se hizo presente con una botella de champagne para celebrar este nuevo aniversario del diario m\u00e1s le\u00eddo en Aconcagua.\" width=\"580\" height=\"350\" srcset=\"https:\/\/i0.wp.com\/eltrabajo.cl\/portal\/wp-content\/uploads\/2017\/02\/Stevenson1.jpg?w=580&amp;ssl=1 580w, https:\/\/i0.wp.com\/eltrabajo.cl\/portal\/wp-content\/uploads\/2017\/02\/Stevenson1.jpg?resize=200%2C121&amp;ssl=1 200w, https:\/\/i0.wp.com\/eltrabajo.cl\/portal\/wp-content\/uploads\/2017\/02\/Stevenson1.jpg?resize=300%2C181&amp;ssl=1 300w, https:\/\/i0.wp.com\/eltrabajo.cl\/portal\/wp-content\/uploads\/2017\/02\/Stevenson1.jpg?resize=249%2C150&amp;ssl=1 249w, https:\/\/i0.wp.com\/eltrabajo.cl\/portal\/wp-content\/uploads\/2017\/02\/Stevenson1.jpg?resize=400%2C241&amp;ssl=1 400w\" sizes=\"auto, (max-width: 580px) 100vw, 580px\" \/><figcaption id=\"caption-attachment-77494\" class=\"wp-caption-text\">CORE REGAL\u00d3N.- El Core Rolando Stevenson se hizo presente con una botella de champagne para celebrar este nuevo aniversario del diario m\u00e1s le\u00eddo en Aconcagua.<\/figcaption><\/figure>\n<p>&nbsp;<\/p>\n","protected":false},"excerpt":{"rendered":"<p>Gobernador Eduardo Le\u00f3n hizo el Cambio de Folio N\u00ba 88: Fueron 88 a\u00f1os los que este viernes cumpli\u00f3 Diario El Trabajo, medio aconcag\u00fcino que naci\u00f3 el domingo 24 de febrero de 1929,&#8230;<\/p>\n","protected":false},"author":1,"featured_media":77489,"comment_status":"open","ping_status":"open","sticky":false,"template":"","format":"standard","meta":{"advanced_seo_description":"","jetpack_seo_html_title":"","jetpack_seo_noindex":false,"_jetpack_memberships_contains_paid_content":false,"footnotes":""},"categories":[15],"tags":[],"class_list":["post-77471","post","type-post","status-publish","format-standard","has-post-thumbnail","hentry","category-comunidad"],"jetpack_featured_media_url":"https:\/\/i0.wp.com\/eltrabajo.cl\/portal\/wp-content\/uploads\/2017\/02\/Folio88.jpg?fit=580%2C350&ssl=1","jetpack_sharing_enabled":true,"jetpack_likes_enabled":true,"jetpack-related-posts":[],"_links":{"self":[{"href":"https:\/\/eltrabajo.cl\/portal\/wp-json\/wp\/v2\/posts\/77471","targetHints":{"allow":["GET"]}}],"collection":[{"href":"https:\/\/eltrabajo.cl\/portal\/wp-json\/wp\/v2\/posts"}],"about":[{"href":"https:\/\/eltrabajo.cl\/portal\/wp-json\/wp\/v2\/types\/post"}],"author":[{"embeddable":true,"href":"https:\/\/eltrabajo.cl\/portal\/wp-json\/wp\/v2\/users\/1"}],"replies":[{"embeddable":true,"href":"https:\/\/eltrabajo.cl\/portal\/wp-json\/wp\/v2\/comments?post=77471"}],"version-history":[{"count":0,"href":"https:\/\/eltrabajo.cl\/portal\/wp-json\/wp\/v2\/posts\/77471\/revisions"}],"wp:featuredmedia":[{"embeddable":true,"href":"https:\/\/eltrabajo.cl\/portal\/wp-json\/wp\/v2\/media\/77489"}],"wp:attachment":[{"href":"https:\/\/eltrabajo.cl\/portal\/wp-json\/wp\/v2\/media?parent=77471"}],"wp:term":[{"taxonomy":"category","embeddable":true,"href":"https:\/\/eltrabajo.cl\/portal\/wp-json\/wp\/v2\/categories?post=77471"},{"taxonomy":"post_tag","embeddable":true,"href":"https:\/\/eltrabajo.cl\/portal\/wp-json\/wp\/v2\/tags?post=77471"}],"curies":[{"name":"wp","href":"https:\/\/api.w.org\/{rel}","templated":true}]}}