{"id":77473,"date":"2017-02-27T08:35:15","date_gmt":"2017-02-27T12:35:15","guid":{"rendered":"http:\/\/www.eltrabajo.cl\/2017\/?p=77473"},"modified":"2017-02-27T08:35:15","modified_gmt":"2017-02-27T12:35:15","slug":"vikingos-y-seres-magicos-sacudieron-la-primera-feria-medieval-2017","status":"publish","type":"post","link":"https:\/\/eltrabajo.cl\/portal\/vikingos-y-seres-magicos-sacudieron-la-primera-feria-medieval-2017\/","title":{"rendered":"Vikingos y seres m\u00e1gicos sacudieron la primera Feria Medieval 2017"},"content":{"rendered":"<figure id=\"attachment_77481\" aria-describedby=\"caption-attachment-77481\" style=\"width: 580px\" class=\"wp-caption alignnone\"><img data-recalc-dims=\"1\" loading=\"lazy\" decoding=\"async\" class=\"size-full wp-image-77481\" src=\"https:\/\/i0.wp.com\/www.eltrabajo.cl\/2017\/wp-content\/uploads\/2017\/02\/Vikingos33.jpg?resize=580%2C348\" alt=\"\u00c9PICOS COMBATES.- Estos vikingos fortachones (Cuervos de Od\u00edn) arreglaron sus diferencias de la manera m\u00e1s violenta posible, tal como se hac\u00eda hace siglos.\" width=\"580\" height=\"348\" srcset=\"https:\/\/i0.wp.com\/eltrabajo.cl\/portal\/wp-content\/uploads\/2017\/02\/Vikingos33.jpg?w=580&amp;ssl=1 580w, https:\/\/i0.wp.com\/eltrabajo.cl\/portal\/wp-content\/uploads\/2017\/02\/Vikingos33.jpg?resize=200%2C120&amp;ssl=1 200w, https:\/\/i0.wp.com\/eltrabajo.cl\/portal\/wp-content\/uploads\/2017\/02\/Vikingos33.jpg?resize=300%2C180&amp;ssl=1 300w, https:\/\/i0.wp.com\/eltrabajo.cl\/portal\/wp-content\/uploads\/2017\/02\/Vikingos33.jpg?resize=250%2C150&amp;ssl=1 250w, https:\/\/i0.wp.com\/eltrabajo.cl\/portal\/wp-content\/uploads\/2017\/02\/Vikingos33.jpg?resize=400%2C240&amp;ssl=1 400w\" sizes=\"auto, (max-width: 580px) 100vw, 580px\" \/><figcaption id=\"caption-attachment-77481\" class=\"wp-caption-text\">\u00c9PICOS COMBATES.- Estos vikingos fortachones (Cuervos de Od\u00edn) arreglaron sus diferencias de la manera m\u00e1s violenta posible, tal como se hac\u00eda hace siglos.<\/figcaption><\/figure>\n<p>La primera Feria Medieval San Felipe 2017, organizada por Jorge Gaete y en coordinaci\u00f3n con la Oficina Municipal de Cultura, se realiz\u00f3 con gran \u00e9xito en el centro de nuestra ciudad desde las 11:00 y hasta altas horas de la noche este s\u00e1bado en nuestra Plaza de Armas.<\/p>\n<p><strong>VIENE LA SEGUNDA<\/strong><br \/>\n\u00abFue un rotundo \u00e9xito esta feria. En este mundo de la inmediatez hoy hicimos una pauta, porque con esta feria medieval estamos recordando esos tiempos en donde las cosas de metal s\u00ed eran verdaderamente de metal, adem\u00e1s con la hidromiel y el pan vikingo, por ejemplo, se dio un ambiente verdaderamente merecedor del status de feria medieval, porque los combates y artesan\u00edas en escena nos transportan al pasado y sin correr peligro\u00bb, asegur\u00f3 a Diario El Trabajo el organizador del evento, Jorge Gaete, quien se mencion\u00f3 tambi\u00e9n que ya se est\u00e1 valorando la posibilidad de un segundo montaje de este calibre para fin de a\u00f1o o principios de 2018.<br \/>\nMario Villanueva, concejal de San Felipe, asegur\u00f3 a nuestro medio que \u00abnosotros como Municipio y yo como concejal joven, considero que es hora de abrirnos a esta clase de ferias, veo a familias enteras disfrutando de esta puesta en escena, creo tambi\u00e9n que hay que apoyar a los j\u00f3venes en sus propuestas, porque esta feria nos ense\u00f1a mucho sobre la Edad Media\u00bb.<\/p>\n<p><strong>OTRA \u00c9POCA<\/strong><br \/>\nLas c\u00e1maras de Diario El Trabajo hicieron un amplio recorrido por toda la feria, encontrando grandes despliegues protag\u00f3nicos dirigidos a la din\u00e1mica del combate y el d\u00eda a d\u00eda medieval, lo que implica vestimenta, alimentaci\u00f3n y cultura de este periodo, como la lectura de Runas; cerveza vikinga; gaiteros y amos del tambor de cuerdas o psalterium (ttun-ttun), que es un instrumento musical que consiste en una caja de resonancia con cuerdas tensadas de lado a lado sobre su superficie.<br \/>\n<strong>Roberto Gonz\u00e1lez Short<\/strong><\/p>\n<figure id=\"attachment_77474\" aria-describedby=\"caption-attachment-77474\" style=\"width: 580px\" class=\"wp-caption alignnone\"><img data-recalc-dims=\"1\" loading=\"lazy\" decoding=\"async\" class=\"size-full wp-image-77474\" src=\"https:\/\/i0.wp.com\/www.eltrabajo.cl\/2017\/wp-content\/uploads\/2017\/02\/Cuervos.jpg?resize=580%2C348\" alt=\"CUERVOS DE OD\u00cdN.- Aqu\u00ed tenemos a Los Cuervos de Od\u00edn, de Vi\u00f1a del Mar, personajes medievales que llegaron a combatir sus interminables guerras a San Felipe.\" width=\"580\" height=\"348\" srcset=\"https:\/\/i0.wp.com\/eltrabajo.cl\/portal\/wp-content\/uploads\/2017\/02\/Cuervos.jpg?w=580&amp;ssl=1 580w, https:\/\/i0.wp.com\/eltrabajo.cl\/portal\/wp-content\/uploads\/2017\/02\/Cuervos.jpg?resize=200%2C120&amp;ssl=1 200w, https:\/\/i0.wp.com\/eltrabajo.cl\/portal\/wp-content\/uploads\/2017\/02\/Cuervos.jpg?resize=300%2C180&amp;ssl=1 300w, https:\/\/i0.wp.com\/eltrabajo.cl\/portal\/wp-content\/uploads\/2017\/02\/Cuervos.jpg?resize=250%2C150&amp;ssl=1 250w, https:\/\/i0.wp.com\/eltrabajo.cl\/portal\/wp-content\/uploads\/2017\/02\/Cuervos.jpg?resize=400%2C240&amp;ssl=1 400w\" sizes=\"auto, (max-width: 580px) 100vw, 580px\" \/><figcaption id=\"caption-attachment-77474\" class=\"wp-caption-text\">CUERVOS DE OD\u00cdN.- Aqu\u00ed tenemos a Los Cuervos de Od\u00edn, de Vi\u00f1a del Mar, personajes medievales que llegaron a combatir sus interminables guerras a San Felipe.<\/figcaption><\/figure>\n<figure id=\"attachment_77475\" aria-describedby=\"caption-attachment-77475\" style=\"width: 580px\" class=\"wp-caption alignnone\"><img data-recalc-dims=\"1\" loading=\"lazy\" decoding=\"async\" class=\"size-full wp-image-77475\" src=\"https:\/\/i0.wp.com\/www.eltrabajo.cl\/2017\/wp-content\/uploads\/2017\/02\/Feria1.jpg?resize=580%2C348\" alt=\"UN EXITAZO.- Al menos unas 4.000 personas llegaron durante toda la jornada de esta primera Feria Medieval San Felipe 2017.\" width=\"580\" height=\"348\" srcset=\"https:\/\/i0.wp.com\/eltrabajo.cl\/portal\/wp-content\/uploads\/2017\/02\/Feria1.jpg?w=580&amp;ssl=1 580w, https:\/\/i0.wp.com\/eltrabajo.cl\/portal\/wp-content\/uploads\/2017\/02\/Feria1.jpg?resize=200%2C120&amp;ssl=1 200w, https:\/\/i0.wp.com\/eltrabajo.cl\/portal\/wp-content\/uploads\/2017\/02\/Feria1.jpg?resize=300%2C180&amp;ssl=1 300w, https:\/\/i0.wp.com\/eltrabajo.cl\/portal\/wp-content\/uploads\/2017\/02\/Feria1.jpg?resize=250%2C150&amp;ssl=1 250w, https:\/\/i0.wp.com\/eltrabajo.cl\/portal\/wp-content\/uploads\/2017\/02\/Feria1.jpg?resize=400%2C240&amp;ssl=1 400w\" sizes=\"auto, (max-width: 580px) 100vw, 580px\" \/><figcaption id=\"caption-attachment-77475\" class=\"wp-caption-text\">UN EXITAZO.- Al menos unas 4.000 personas llegaron durante toda la jornada de esta primera Feria Medieval San Felipe 2017.<\/figcaption><\/figure>\n<figure id=\"attachment_77476\" aria-describedby=\"caption-attachment-77476\" style=\"width: 580px\" class=\"wp-caption alignnone\"><img data-recalc-dims=\"1\" loading=\"lazy\" decoding=\"async\" class=\"size-full wp-image-77476\" src=\"https:\/\/i0.wp.com\/www.eltrabajo.cl\/2017\/wp-content\/uploads\/2017\/02\/Feria2.jpg?resize=580%2C348\" alt=\"ASOMBROSAS ARTESAN\u00cdAS.- Impresionantes artesan\u00edas y yelmos de fantas\u00eda adornaron muchos stands de la feria, para asombro de los sanfelipe\u00f1os.\" width=\"580\" height=\"348\" srcset=\"https:\/\/i0.wp.com\/eltrabajo.cl\/portal\/wp-content\/uploads\/2017\/02\/Feria2.jpg?w=580&amp;ssl=1 580w, https:\/\/i0.wp.com\/eltrabajo.cl\/portal\/wp-content\/uploads\/2017\/02\/Feria2.jpg?resize=200%2C120&amp;ssl=1 200w, https:\/\/i0.wp.com\/eltrabajo.cl\/portal\/wp-content\/uploads\/2017\/02\/Feria2.jpg?resize=300%2C180&amp;ssl=1 300w, https:\/\/i0.wp.com\/eltrabajo.cl\/portal\/wp-content\/uploads\/2017\/02\/Feria2.jpg?resize=250%2C150&amp;ssl=1 250w, https:\/\/i0.wp.com\/eltrabajo.cl\/portal\/wp-content\/uploads\/2017\/02\/Feria2.jpg?resize=400%2C240&amp;ssl=1 400w\" sizes=\"auto, (max-width: 580px) 100vw, 580px\" \/><figcaption id=\"caption-attachment-77476\" class=\"wp-caption-text\">ASOMBROSAS ARTESAN\u00cdAS.- Impresionantes artesan\u00edas y yelmos de fantas\u00eda adornaron muchos stands de la feria, para asombro de los sanfelipe\u00f1os.<\/figcaption><\/figure>\n<figure id=\"attachment_77477\" aria-describedby=\"caption-attachment-77477\" style=\"width: 580px\" class=\"wp-caption alignnone\"><img data-recalc-dims=\"1\" loading=\"lazy\" decoding=\"async\" class=\"size-full wp-image-77477\" src=\"https:\/\/i0.wp.com\/www.eltrabajo.cl\/2017\/wp-content\/uploads\/2017\/02\/Hidromiel33.jpg?resize=580%2C348\" alt=\"LA CERVEZA DEL VIKINGO.- Este es el stand de la hidromiel, o cerveza vikinga, es fabricada por estos artesanos capitalinos de Cinco Patas.\" width=\"580\" height=\"348\" srcset=\"https:\/\/i0.wp.com\/eltrabajo.cl\/portal\/wp-content\/uploads\/2017\/02\/Hidromiel33.jpg?w=580&amp;ssl=1 580w, https:\/\/i0.wp.com\/eltrabajo.cl\/portal\/wp-content\/uploads\/2017\/02\/Hidromiel33.jpg?resize=200%2C120&amp;ssl=1 200w, https:\/\/i0.wp.com\/eltrabajo.cl\/portal\/wp-content\/uploads\/2017\/02\/Hidromiel33.jpg?resize=300%2C180&amp;ssl=1 300w, https:\/\/i0.wp.com\/eltrabajo.cl\/portal\/wp-content\/uploads\/2017\/02\/Hidromiel33.jpg?resize=250%2C150&amp;ssl=1 250w, https:\/\/i0.wp.com\/eltrabajo.cl\/portal\/wp-content\/uploads\/2017\/02\/Hidromiel33.jpg?resize=400%2C240&amp;ssl=1 400w\" sizes=\"auto, (max-width: 580px) 100vw, 580px\" \/><figcaption id=\"caption-attachment-77477\" class=\"wp-caption-text\">LA CERVEZA DEL VIKINGO.- Este es el stand de la hidromiel, o cerveza vikinga, es fabricada por estos artesanos capitalinos de Cinco Patas.<\/figcaption><\/figure>\n<figure id=\"attachment_77478\" aria-describedby=\"caption-attachment-77478\" style=\"width: 580px\" class=\"wp-caption alignnone\"><img data-recalc-dims=\"1\" loading=\"lazy\" decoding=\"async\" class=\"size-full wp-image-77478\" src=\"https:\/\/i0.wp.com\/www.eltrabajo.cl\/2017\/wp-content\/uploads\/2017\/02\/Leonardo-Pino.jpg?resize=580%2C350\" alt=\"EL AMO DE LA GAITA.- Leonardo Pino es el \u00fanico sanfelipe\u00f1o que sabe tocar la gaita como \u00e9l lo hace, quien anim\u00f3 esta feria. Muy pronto publicaremos un reportaje especial sobre este singular profesor de m\u00fasica.\" width=\"580\" height=\"350\" srcset=\"https:\/\/i0.wp.com\/eltrabajo.cl\/portal\/wp-content\/uploads\/2017\/02\/Leonardo-Pino.jpg?w=580&amp;ssl=1 580w, https:\/\/i0.wp.com\/eltrabajo.cl\/portal\/wp-content\/uploads\/2017\/02\/Leonardo-Pino.jpg?resize=200%2C121&amp;ssl=1 200w, https:\/\/i0.wp.com\/eltrabajo.cl\/portal\/wp-content\/uploads\/2017\/02\/Leonardo-Pino.jpg?resize=300%2C181&amp;ssl=1 300w, https:\/\/i0.wp.com\/eltrabajo.cl\/portal\/wp-content\/uploads\/2017\/02\/Leonardo-Pino.jpg?resize=249%2C150&amp;ssl=1 249w, https:\/\/i0.wp.com\/eltrabajo.cl\/portal\/wp-content\/uploads\/2017\/02\/Leonardo-Pino.jpg?resize=400%2C241&amp;ssl=1 400w\" sizes=\"auto, (max-width: 580px) 100vw, 580px\" \/><figcaption id=\"caption-attachment-77478\" class=\"wp-caption-text\">EL AMO DE LA GAITA.- Leonardo Pino es el \u00fanico sanfelipe\u00f1o que sabe tocar la gaita como \u00e9l lo hace, quien anim\u00f3 esta feria. Muy pronto publicaremos un reportaje especial sobre este singular profesor de m\u00fasica.<\/figcaption><\/figure>\n<figure id=\"attachment_77479\" aria-describedby=\"caption-attachment-77479\" style=\"width: 580px\" class=\"wp-caption alignnone\"><img data-recalc-dims=\"1\" loading=\"lazy\" decoding=\"async\" class=\"size-full wp-image-77479\" src=\"https:\/\/i0.wp.com\/www.eltrabajo.cl\/2017\/wp-content\/uploads\/2017\/02\/Magicos33.jpg?resize=580%2C348\" alt=\"Duendes, hadas y elfos del bosque, fueron los personajes que abandonaron por un d\u00eda su Mundo, para visitarnos amablemente.\" width=\"580\" height=\"348\" srcset=\"https:\/\/i0.wp.com\/eltrabajo.cl\/portal\/wp-content\/uploads\/2017\/02\/Magicos33.jpg?w=580&amp;ssl=1 580w, https:\/\/i0.wp.com\/eltrabajo.cl\/portal\/wp-content\/uploads\/2017\/02\/Magicos33.jpg?resize=200%2C120&amp;ssl=1 200w, https:\/\/i0.wp.com\/eltrabajo.cl\/portal\/wp-content\/uploads\/2017\/02\/Magicos33.jpg?resize=300%2C180&amp;ssl=1 300w, https:\/\/i0.wp.com\/eltrabajo.cl\/portal\/wp-content\/uploads\/2017\/02\/Magicos33.jpg?resize=250%2C150&amp;ssl=1 250w, https:\/\/i0.wp.com\/eltrabajo.cl\/portal\/wp-content\/uploads\/2017\/02\/Magicos33.jpg?resize=400%2C240&amp;ssl=1 400w\" sizes=\"auto, (max-width: 580px) 100vw, 580px\" \/><figcaption id=\"caption-attachment-77479\" class=\"wp-caption-text\">Duendes, hadas y elfos del bosque, fueron los personajes que abandonaron por un d\u00eda su Mundo, para visitarnos amablemente.<\/figcaption><\/figure>\n<figure id=\"attachment_77480\" aria-describedby=\"caption-attachment-77480\" style=\"width: 580px\" class=\"wp-caption alignnone\"><img data-recalc-dims=\"1\" loading=\"lazy\" decoding=\"async\" class=\"size-full wp-image-77480\" src=\"https:\/\/i0.wp.com\/www.eltrabajo.cl\/2017\/wp-content\/uploads\/2017\/02\/Magnus33.jpg?resize=580%2C348\" alt=\"EL GRAN MAGNUS.- Tal como lo anunciamos, \u00e9l es Rodrigo Gatica (el Gran Magnus), y no falt\u00f3 a su cita en esta Feria Medieval desarrollada en nuestra comuna.\" width=\"580\" height=\"348\" srcset=\"https:\/\/i0.wp.com\/eltrabajo.cl\/portal\/wp-content\/uploads\/2017\/02\/Magnus33.jpg?w=580&amp;ssl=1 580w, https:\/\/i0.wp.com\/eltrabajo.cl\/portal\/wp-content\/uploads\/2017\/02\/Magnus33.jpg?resize=200%2C120&amp;ssl=1 200w, https:\/\/i0.wp.com\/eltrabajo.cl\/portal\/wp-content\/uploads\/2017\/02\/Magnus33.jpg?resize=300%2C180&amp;ssl=1 300w, https:\/\/i0.wp.com\/eltrabajo.cl\/portal\/wp-content\/uploads\/2017\/02\/Magnus33.jpg?resize=250%2C150&amp;ssl=1 250w, https:\/\/i0.wp.com\/eltrabajo.cl\/portal\/wp-content\/uploads\/2017\/02\/Magnus33.jpg?resize=400%2C240&amp;ssl=1 400w\" sizes=\"auto, (max-width: 580px) 100vw, 580px\" \/><figcaption id=\"caption-attachment-77480\" class=\"wp-caption-text\">EL GRAN MAGNUS.- Tal como lo anunciamos, \u00e9l es Rodrigo Gatica (el Gran Magnus), y no falt\u00f3 a su cita en esta Feria Medieval desarrollada en nuestra comuna.<\/figcaption><\/figure>\n","protected":false},"excerpt":{"rendered":"<p>La primera Feria Medieval San Felipe 2017, organizada por Jorge Gaete y en coordinaci\u00f3n con la Oficina Municipal de Cultura, se realiz\u00f3 con gran \u00e9xito en el centro de nuestra ciudad desde&#8230;<\/p>\n","protected":false},"author":1,"featured_media":77474,"comment_status":"open","ping_status":"open","sticky":false,"template":"","format":"standard","meta":{"advanced_seo_description":"","jetpack_seo_html_title":"","jetpack_seo_noindex":false,"_jetpack_memberships_contains_paid_content":false,"footnotes":""},"categories":[15],"tags":[],"class_list":["post-77473","post","type-post","status-publish","format-standard","has-post-thumbnail","hentry","category-comunidad"],"jetpack_featured_media_url":"https:\/\/i0.wp.com\/eltrabajo.cl\/portal\/wp-content\/uploads\/2017\/02\/Cuervos.jpg?fit=580%2C348&ssl=1","jetpack_sharing_enabled":true,"jetpack_likes_enabled":true,"jetpack-related-posts":[],"_links":{"self":[{"href":"https:\/\/eltrabajo.cl\/portal\/wp-json\/wp\/v2\/posts\/77473","targetHints":{"allow":["GET"]}}],"collection":[{"href":"https:\/\/eltrabajo.cl\/portal\/wp-json\/wp\/v2\/posts"}],"about":[{"href":"https:\/\/eltrabajo.cl\/portal\/wp-json\/wp\/v2\/types\/post"}],"author":[{"embeddable":true,"href":"https:\/\/eltrabajo.cl\/portal\/wp-json\/wp\/v2\/users\/1"}],"replies":[{"embeddable":true,"href":"https:\/\/eltrabajo.cl\/portal\/wp-json\/wp\/v2\/comments?post=77473"}],"version-history":[{"count":0,"href":"https:\/\/eltrabajo.cl\/portal\/wp-json\/wp\/v2\/posts\/77473\/revisions"}],"wp:featuredmedia":[{"embeddable":true,"href":"https:\/\/eltrabajo.cl\/portal\/wp-json\/wp\/v2\/media\/77474"}],"wp:attachment":[{"href":"https:\/\/eltrabajo.cl\/portal\/wp-json\/wp\/v2\/media?parent=77473"}],"wp:term":[{"taxonomy":"category","embeddable":true,"href":"https:\/\/eltrabajo.cl\/portal\/wp-json\/wp\/v2\/categories?post=77473"},{"taxonomy":"post_tag","embeddable":true,"href":"https:\/\/eltrabajo.cl\/portal\/wp-json\/wp\/v2\/tags?post=77473"}],"curies":[{"name":"wp","href":"https:\/\/api.w.org\/{rel}","templated":true}]}}