{"id":77505,"date":"2017-02-28T08:12:44","date_gmt":"2017-02-28T12:12:44","guid":{"rendered":"http:\/\/www.eltrabajo.cl\/2017\/?p=77505"},"modified":"2017-02-28T08:12:44","modified_gmt":"2017-02-28T12:12:44","slug":"masivo-festival-de-la-cancion-violeta-al-viento-se-realizo-en-llay-llay","status":"publish","type":"post","link":"https:\/\/eltrabajo.cl\/portal\/masivo-festival-de-la-cancion-violeta-al-viento-se-realizo-en-llay-llay\/","title":{"rendered":"Masivo Festival de la Canci\u00f3n &#8216;Violeta al Viento&#8217; se realiz\u00f3 en Llay Llay"},"content":{"rendered":"<figure id=\"attachment_77506\" aria-describedby=\"caption-attachment-77506\" style=\"width: 580px\" class=\"wp-caption alignnone\"><img data-recalc-dims=\"1\" loading=\"lazy\" decoding=\"async\" class=\"size-full wp-image-77506\" src=\"https:\/\/i0.wp.com\/www.eltrabajo.cl\/2017\/wp-content\/uploads\/2017\/02\/FESTIVAL-1.jpg?resize=580%2C349\" alt=\"Presentaciones de bandas locales, ballet folcl\u00f3rico de la comuna, la presentaci\u00f3n de los 6 seleccionados del festival.\" width=\"580\" height=\"349\" srcset=\"https:\/\/i0.wp.com\/eltrabajo.cl\/portal\/wp-content\/uploads\/2017\/02\/FESTIVAL-1.jpg?w=580&amp;ssl=1 580w, https:\/\/i0.wp.com\/eltrabajo.cl\/portal\/wp-content\/uploads\/2017\/02\/FESTIVAL-1.jpg?resize=200%2C120&amp;ssl=1 200w, https:\/\/i0.wp.com\/eltrabajo.cl\/portal\/wp-content\/uploads\/2017\/02\/FESTIVAL-1.jpg?resize=300%2C181&amp;ssl=1 300w, https:\/\/i0.wp.com\/eltrabajo.cl\/portal\/wp-content\/uploads\/2017\/02\/FESTIVAL-1.jpg?resize=249%2C150&amp;ssl=1 249w, https:\/\/i0.wp.com\/eltrabajo.cl\/portal\/wp-content\/uploads\/2017\/02\/FESTIVAL-1.jpg?resize=400%2C241&amp;ssl=1 400w\" sizes=\"auto, (max-width: 580px) 100vw, 580px\" \/><figcaption id=\"caption-attachment-77506\" class=\"wp-caption-text\">Presentaciones de bandas locales, ballet folcl\u00f3rico de la comuna, la presentaci\u00f3n de los 6 seleccionados del festival.<\/figcaption><\/figure>\n<ul>\n<li><span style=\"color: #ff0000;\"><strong>El espect\u00e1culo se realiz\u00f3 los d\u00edas 25 y 26 de febrero en el Estadio Municipal de la comuna.<\/strong><\/span><\/li>\n<\/ul>\n<p><strong>LLAY LLAY.-<\/strong> Un positivo balance realiz\u00f3 el alcalde de Llay Llay, Edgardo Gonz\u00e1lez, en relaci\u00f3n al Primer Festival de la Canci\u00f3n Violeta al Viento, que se desarroll\u00f3 durante el fin de semana en la comuna, al cual acudieron m\u00e1s de trece mil personas en los dos d\u00edas.<br \/>\nEl masivo evento comenz\u00f3 el s\u00e1bado 25 con una hermosa obertura alusiva a Violeta Parra, continuando con presentaciones de bandas locales, ballet folcl\u00f3ricos de la comuna, la presentaci\u00f3n de los 6 seleccionados del festival, finalizando la noche con la presentaci\u00f3n de Los V\u00e1squez, quienes hicieron bailar y cantar al p\u00fablico. Por su parte el d\u00eda domingo 26 se present\u00f3 Mar\u00eda Jos\u00e9 Quintanilla con un hermoso espect\u00e1culo, el grupo Como Toma el Mono y cerrando el festival el grupo nacional Santa Feria, con un estadio municipal lleno de sus seguidores y fans.<br \/>\nEl Primer lugar en el Festival lo obtuvo la cantante local Patricia Brante, quien adem\u00e1s fue premiada como mejor int\u00e9rprete. El segundo lugar se lo llev\u00f3 D\u00e9bora Berrios y el tercer lugar Alejandra Oyaneder.<br \/>\nEl Primer Festival Violeta al Viento incluy\u00f3 adem\u00e1s una feria gastron\u00f3mica, artesanal y agr\u00edcola, donde expusieron m\u00e1s de 50 productores de la zona.<br \/>\nAl respecto el alcalde Edgardo Gonz\u00e1lez dijo que se cumpli\u00f3 con el objetivo del Festival, \u00abla idea era entregar un especia familiar para que la gente de Llay Llay pudiera disfrutar de un espect\u00e1culo gratuito, que abarc\u00f3 a todos los p\u00fablicos, j\u00f3venes y adultos, adem\u00e1s de entregar un lugar para que nuestras instituciones, comerciantes, artesanos pudieran vender sus productos y a todos les fue bien, el espect\u00e1culo estuvo muy bueno, el ambiente tranquilo, y la gente lo disfrut\u00f3, eso nos deja contentos y con ganas de seguir haciendo m\u00e1s cosas\u00bb, concluy\u00f3 el edil.<\/p>\n<figure id=\"attachment_77509\" aria-describedby=\"caption-attachment-77509\" style=\"width: 580px\" class=\"wp-caption alignnone\"><img data-recalc-dims=\"1\" loading=\"lazy\" decoding=\"async\" class=\"size-full wp-image-77509\" src=\"https:\/\/i0.wp.com\/www.eltrabajo.cl\/2017\/wp-content\/uploads\/2017\/02\/FESTIVAL-4.jpg?resize=580%2C348\" alt=\"Mar\u00eda Jos\u00e9 Quintanilla deleit\u00f3 al p\u00fablico  con un hermoso espect\u00e1culo.\" width=\"580\" height=\"348\" srcset=\"https:\/\/i0.wp.com\/eltrabajo.cl\/portal\/wp-content\/uploads\/2017\/02\/FESTIVAL-4.jpg?w=580&amp;ssl=1 580w, https:\/\/i0.wp.com\/eltrabajo.cl\/portal\/wp-content\/uploads\/2017\/02\/FESTIVAL-4.jpg?resize=200%2C120&amp;ssl=1 200w, https:\/\/i0.wp.com\/eltrabajo.cl\/portal\/wp-content\/uploads\/2017\/02\/FESTIVAL-4.jpg?resize=300%2C180&amp;ssl=1 300w, https:\/\/i0.wp.com\/eltrabajo.cl\/portal\/wp-content\/uploads\/2017\/02\/FESTIVAL-4.jpg?resize=250%2C150&amp;ssl=1 250w, https:\/\/i0.wp.com\/eltrabajo.cl\/portal\/wp-content\/uploads\/2017\/02\/FESTIVAL-4.jpg?resize=400%2C240&amp;ssl=1 400w\" sizes=\"auto, (max-width: 580px) 100vw, 580px\" \/><figcaption id=\"caption-attachment-77509\" class=\"wp-caption-text\">Mar\u00eda Jos\u00e9 Quintanilla deleit\u00f3 al p\u00fablico con un hermoso espect\u00e1culo.<\/figcaption><\/figure>\n<figure id=\"attachment_77507\" aria-describedby=\"caption-attachment-77507\" style=\"width: 580px\" class=\"wp-caption alignnone\"><img data-recalc-dims=\"1\" loading=\"lazy\" decoding=\"async\" class=\"size-full wp-image-77507\" src=\"https:\/\/i0.wp.com\/www.eltrabajo.cl\/2017\/wp-content\/uploads\/2017\/02\/FESTIVAL-2.jpg?resize=580%2C349\" alt=\"Primer Festival de la Canci\u00f3n Violeta al Viento, que se desarroll\u00f3 durante el fin de semana en la comuna de Llay Llay, al cual acudieron m\u00e1s de trece mil personas en los dos d\u00edas.\" width=\"580\" height=\"349\" srcset=\"https:\/\/i0.wp.com\/eltrabajo.cl\/portal\/wp-content\/uploads\/2017\/02\/FESTIVAL-2.jpg?w=580&amp;ssl=1 580w, https:\/\/i0.wp.com\/eltrabajo.cl\/portal\/wp-content\/uploads\/2017\/02\/FESTIVAL-2.jpg?resize=200%2C120&amp;ssl=1 200w, https:\/\/i0.wp.com\/eltrabajo.cl\/portal\/wp-content\/uploads\/2017\/02\/FESTIVAL-2.jpg?resize=300%2C181&amp;ssl=1 300w, https:\/\/i0.wp.com\/eltrabajo.cl\/portal\/wp-content\/uploads\/2017\/02\/FESTIVAL-2.jpg?resize=249%2C150&amp;ssl=1 249w, https:\/\/i0.wp.com\/eltrabajo.cl\/portal\/wp-content\/uploads\/2017\/02\/FESTIVAL-2.jpg?resize=400%2C241&amp;ssl=1 400w\" sizes=\"auto, (max-width: 580px) 100vw, 580px\" \/><figcaption id=\"caption-attachment-77507\" class=\"wp-caption-text\">Primer Festival de la Canci\u00f3n Violeta al Viento, que se desarroll\u00f3 durante el fin de semana en la comuna de Llay Llay, al cual acudieron m\u00e1s de trece mil personas en los dos d\u00edas.<\/figcaption><\/figure>\n<figure id=\"attachment_77508\" aria-describedby=\"caption-attachment-77508\" style=\"width: 580px\" class=\"wp-caption alignnone\"><img data-recalc-dims=\"1\" loading=\"lazy\" decoding=\"async\" class=\"size-full wp-image-77508\" src=\"https:\/\/i0.wp.com\/www.eltrabajo.cl\/2017\/wp-content\/uploads\/2017\/02\/FESTIVAL-3.jpg?resize=580%2C348\" alt=\"La noche finaliz\u00f3 con la presentaci\u00f3n de Los V\u00e1squez, quienes hicieron bailar y cantar al p\u00fablico.\" width=\"580\" height=\"348\" srcset=\"https:\/\/i0.wp.com\/eltrabajo.cl\/portal\/wp-content\/uploads\/2017\/02\/FESTIVAL-3.jpg?w=580&amp;ssl=1 580w, https:\/\/i0.wp.com\/eltrabajo.cl\/portal\/wp-content\/uploads\/2017\/02\/FESTIVAL-3.jpg?resize=200%2C120&amp;ssl=1 200w, https:\/\/i0.wp.com\/eltrabajo.cl\/portal\/wp-content\/uploads\/2017\/02\/FESTIVAL-3.jpg?resize=300%2C180&amp;ssl=1 300w, https:\/\/i0.wp.com\/eltrabajo.cl\/portal\/wp-content\/uploads\/2017\/02\/FESTIVAL-3.jpg?resize=250%2C150&amp;ssl=1 250w, https:\/\/i0.wp.com\/eltrabajo.cl\/portal\/wp-content\/uploads\/2017\/02\/FESTIVAL-3.jpg?resize=400%2C240&amp;ssl=1 400w\" sizes=\"auto, (max-width: 580px) 100vw, 580px\" \/><figcaption id=\"caption-attachment-77508\" class=\"wp-caption-text\">La noche finaliz\u00f3 con la presentaci\u00f3n de Los V\u00e1squez, quienes hicieron bailar y cantar al p\u00fablico.<\/figcaption><\/figure>\n<figure id=\"attachment_77510\" aria-describedby=\"caption-attachment-77510\" style=\"width: 580px\" class=\"wp-caption alignnone\"><img data-recalc-dims=\"1\" loading=\"lazy\" decoding=\"async\" class=\"size-full wp-image-77510\" src=\"https:\/\/i0.wp.com\/www.eltrabajo.cl\/2017\/wp-content\/uploads\/2017\/02\/FOTO-FESTIVAL-5.jpg?resize=580%2C348\" alt=\"El Primer lugar en el Festival lo obtuvo la cantante local Patricia Brante, quien adem\u00e1s fue premiada como mejor int\u00e9rprete.\" width=\"580\" height=\"348\" srcset=\"https:\/\/i0.wp.com\/eltrabajo.cl\/portal\/wp-content\/uploads\/2017\/02\/FOTO-FESTIVAL-5.jpg?w=580&amp;ssl=1 580w, https:\/\/i0.wp.com\/eltrabajo.cl\/portal\/wp-content\/uploads\/2017\/02\/FOTO-FESTIVAL-5.jpg?resize=200%2C120&amp;ssl=1 200w, https:\/\/i0.wp.com\/eltrabajo.cl\/portal\/wp-content\/uploads\/2017\/02\/FOTO-FESTIVAL-5.jpg?resize=300%2C180&amp;ssl=1 300w, https:\/\/i0.wp.com\/eltrabajo.cl\/portal\/wp-content\/uploads\/2017\/02\/FOTO-FESTIVAL-5.jpg?resize=250%2C150&amp;ssl=1 250w, https:\/\/i0.wp.com\/eltrabajo.cl\/portal\/wp-content\/uploads\/2017\/02\/FOTO-FESTIVAL-5.jpg?resize=400%2C240&amp;ssl=1 400w\" sizes=\"auto, (max-width: 580px) 100vw, 580px\" \/><figcaption id=\"caption-attachment-77510\" class=\"wp-caption-text\">El Primer lugar en el Festival lo obtuvo la cantante local Patricia Brante, quien adem\u00e1s fue premiada como mejor int\u00e9rprete.<\/figcaption><\/figure>\n","protected":false},"excerpt":{"rendered":"<p>El espect\u00e1culo se realiz\u00f3 los d\u00edas 25 y 26 de febrero en el Estadio Municipal de la comuna. LLAY LLAY.- Un positivo balance realiz\u00f3 el alcalde de Llay Llay, Edgardo Gonz\u00e1lez, en&#8230;<\/p>\n","protected":false},"author":1,"featured_media":77509,"comment_status":"open","ping_status":"open","sticky":false,"template":"","format":"standard","meta":{"advanced_seo_description":"","jetpack_seo_html_title":"","jetpack_seo_noindex":false,"_jetpack_memberships_contains_paid_content":false,"footnotes":""},"categories":[15],"tags":[],"class_list":["post-77505","post","type-post","status-publish","format-standard","has-post-thumbnail","hentry","category-comunidad"],"jetpack_featured_media_url":"https:\/\/i0.wp.com\/eltrabajo.cl\/portal\/wp-content\/uploads\/2017\/02\/FESTIVAL-4.jpg?fit=580%2C348&ssl=1","jetpack_sharing_enabled":true,"jetpack_likes_enabled":true,"jetpack-related-posts":[],"_links":{"self":[{"href":"https:\/\/eltrabajo.cl\/portal\/wp-json\/wp\/v2\/posts\/77505","targetHints":{"allow":["GET"]}}],"collection":[{"href":"https:\/\/eltrabajo.cl\/portal\/wp-json\/wp\/v2\/posts"}],"about":[{"href":"https:\/\/eltrabajo.cl\/portal\/wp-json\/wp\/v2\/types\/post"}],"author":[{"embeddable":true,"href":"https:\/\/eltrabajo.cl\/portal\/wp-json\/wp\/v2\/users\/1"}],"replies":[{"embeddable":true,"href":"https:\/\/eltrabajo.cl\/portal\/wp-json\/wp\/v2\/comments?post=77505"}],"version-history":[{"count":0,"href":"https:\/\/eltrabajo.cl\/portal\/wp-json\/wp\/v2\/posts\/77505\/revisions"}],"wp:featuredmedia":[{"embeddable":true,"href":"https:\/\/eltrabajo.cl\/portal\/wp-json\/wp\/v2\/media\/77509"}],"wp:attachment":[{"href":"https:\/\/eltrabajo.cl\/portal\/wp-json\/wp\/v2\/media?parent=77505"}],"wp:term":[{"taxonomy":"category","embeddable":true,"href":"https:\/\/eltrabajo.cl\/portal\/wp-json\/wp\/v2\/categories?post=77505"},{"taxonomy":"post_tag","embeddable":true,"href":"https:\/\/eltrabajo.cl\/portal\/wp-json\/wp\/v2\/tags?post=77505"}],"curies":[{"name":"wp","href":"https:\/\/api.w.org\/{rel}","templated":true}]}}