{"id":77515,"date":"2017-02-28T08:18:34","date_gmt":"2017-02-28T12:18:34","guid":{"rendered":"http:\/\/www.eltrabajo.cl\/2017\/?p=77515"},"modified":"2017-02-28T08:18:34","modified_gmt":"2017-02-28T12:18:34","slug":"hoy-cumple-125-anos-la-sociedad-de-artesanos-la-union-de-san-felipe","status":"publish","type":"post","link":"https:\/\/eltrabajo.cl\/portal\/hoy-cumple-125-anos-la-sociedad-de-artesanos-la-union-de-san-felipe\/","title":{"rendered":"Hoy cumple 125 a\u00f1os la Sociedad de Artesanos La Uni\u00f3n de San Felipe"},"content":{"rendered":"<figure id=\"attachment_77517\" aria-describedby=\"caption-attachment-77517\" style=\"width: 580px\" class=\"wp-caption alignnone\"><img data-recalc-dims=\"1\" loading=\"lazy\" decoding=\"async\" class=\"size-full wp-image-77517\" src=\"https:\/\/i0.wp.com\/www.eltrabajo.cl\/2017\/wp-content\/uploads\/2017\/02\/Jose-Hernan-Cataldo-Rodriguez.jpg?resize=580%2C349\" alt=\"Jos\u00e9 Hern\u00e1n Cataldo Rodr\u00edguez, ingres\u00f3 a la Sociedad de Artesanos La Uni\u00f3n, en 1950.\" width=\"580\" height=\"349\" srcset=\"https:\/\/i0.wp.com\/eltrabajo.cl\/portal\/wp-content\/uploads\/2017\/02\/Jose-Hernan-Cataldo-Rodriguez.jpg?w=580&amp;ssl=1 580w, https:\/\/i0.wp.com\/eltrabajo.cl\/portal\/wp-content\/uploads\/2017\/02\/Jose-Hernan-Cataldo-Rodriguez.jpg?resize=200%2C120&amp;ssl=1 200w, https:\/\/i0.wp.com\/eltrabajo.cl\/portal\/wp-content\/uploads\/2017\/02\/Jose-Hernan-Cataldo-Rodriguez.jpg?resize=300%2C181&amp;ssl=1 300w, https:\/\/i0.wp.com\/eltrabajo.cl\/portal\/wp-content\/uploads\/2017\/02\/Jose-Hernan-Cataldo-Rodriguez.jpg?resize=249%2C150&amp;ssl=1 249w, https:\/\/i0.wp.com\/eltrabajo.cl\/portal\/wp-content\/uploads\/2017\/02\/Jose-Hernan-Cataldo-Rodriguez.jpg?resize=400%2C241&amp;ssl=1 400w\" sizes=\"auto, (max-width: 580px) 100vw, 580px\" \/><figcaption id=\"caption-attachment-77517\" class=\"wp-caption-text\">Jos\u00e9 Hern\u00e1n Cataldo Rodr\u00edguez, ingres\u00f3 a la Sociedad de Artesanos La Uni\u00f3n, en 1950.<\/figcaption><\/figure>\n<ul>\n<li><span style=\"color: #ff0000;\"><strong>Gala de aniversario ser\u00e1 el viernes 3 de marzo:<\/strong><\/span><\/li>\n<\/ul>\n<p>Hoy hace 125 a\u00f1os fue fundada en nuestra comuna, la Sociedad de Artesanos La Uni\u00f3n de San Felipe, una instituci\u00f3n que funcion\u00f3 como quiz\u00e1 el centro social m\u00e1s importante durante muchas d\u00e9cadas desde su instauraci\u00f3n en nuestra ciudad.<\/p>\n<p><strong>HOMBRES DE BIEN<\/strong><br \/>\n\u00abDicho en palabras sencillas, esta sociedad de hombres trabajadores y honestos no solamente se unieron para promover sus trabajos y profesiones, sino que tambi\u00e9n desde 1894 hasta 1960 se constituy\u00f3 como una escuela de alfabetizaci\u00f3n general para todo aquel que quisiera dejarse educar y tambi\u00e9n aprender un oficio\u00bb, explic\u00f3 emocionado a Diario El Trabajo el vicepresidente de La Uni\u00f3n, don Rafael Carballo Vald\u00e9s, quien lleva ya 56 a\u00f1os sirviendo al pr\u00f3jimo en este ejemplar proyecto.<br \/>\nSeg\u00fan explic\u00f3 don Rafael, se trataba tambi\u00e9n de todo un honor para alba\u00f1iles, peluqueros, sastres, zapateros y talabarteros el pertenecer a esta agrupaci\u00f3n, una de las primeras en Chile que hizo realidad importantes beneficios para sus agremiados.<br \/>\n\u00abNuestra instituci\u00f3n ha existido en tres siglos, el XIX, XX y XXI, nuestra sociedad busca mantener el mausoleo para cada socio; un centro social para que podamos realizar nuestras actividades y otros beneficios, tenemos que reinventarnos, porque hay que reconocer que nuestra instituci\u00f3n hoy d\u00eda no es tan protagonista como en los tiempos cuando todas las actividades del Municipio se hac\u00edan en nuestra sede\u00bb, agreg\u00f3 Carballo.<\/p>\n<p><strong>SER\u00c1 PREMIADO<\/strong><br \/>\nDiario El Trabajo tambi\u00e9n habl\u00f3 con uno de los dos galardonados por sus 67 a\u00f1os de filiaci\u00f3n a La Uni\u00f3n, el prestigioso contador don Jos\u00e9 Hern\u00e1n Cataldo Rodr\u00edguez, quien ingres\u00f3 a este grupo en septiembre de 1950.<br \/>\n\u00abTengo 86 a\u00f1os de edad, llevo en La Uni\u00f3n desde 1950, excelentes experiencias he vivido en esta sociedad, tengo dos hijos y cinco nietos. Agradezco a la Sociedad de Artesanos, porque siempre me han brindado apoyo durante todos estos a\u00f1os\u00bb.<\/p>\n<p><strong>HOY DE CUMPLE<\/strong><br \/>\nLa fecha del aniversario es hoy. Es por ello que el pr\u00f3ximo viernes 3 de marzo a las 21:00 horas ser\u00e1 desarrollada una solemne gala en celebraci\u00f3n de estos 125 a\u00f1os de existencia en beneficio de nuestra sociedad, entre los invitados a participar de la gala, aparte de los socios, se encuentran el alcalde Patricio Freire y concejales, as\u00ed como el director de Diario El Trabajo, el periodista Marco Antonio Juri.<br \/>\nTodos quienes laboramos en este medio de comunicaci\u00f3n hoy nos unimos al regocijo de los actuales 80 socios de La Uni\u00f3n, felicit\u00e1ndoles y a la vez esperando que esta instituci\u00f3n perdure por muchos a\u00f1os m\u00e1s.<br \/>\n<strong>Roberto Gonz\u00e1lez Short<\/strong><\/p>\n<figure id=\"attachment_77516\" aria-describedby=\"caption-attachment-77516\" style=\"width: 580px\" class=\"wp-caption alignnone\"><img data-recalc-dims=\"1\" loading=\"lazy\" decoding=\"async\" class=\"size-full wp-image-77516\" src=\"https:\/\/i0.wp.com\/www.eltrabajo.cl\/2017\/wp-content\/uploads\/2017\/02\/Artesanos28.jpg?resize=580%2C349\" alt=\"FLAMANTE DIRECTORIO.- Ellos conforman el flamante directorio: Eduardo Contreras, Germ\u00e1n Castro, Jaime Canales, Guillermo Toro, Patricio Corval\u00e1n, Mario Duarte, Luis Castro, Sergio Aguilera, Rafael Carvallo, Hern\u00e1n Cataldo y Miguel \u00c1ngel Guliano. (Foto Roberto Gonz\u00e1lez Short).\" width=\"580\" height=\"349\" srcset=\"https:\/\/i0.wp.com\/eltrabajo.cl\/portal\/wp-content\/uploads\/2017\/02\/Artesanos28.jpg?w=580&amp;ssl=1 580w, https:\/\/i0.wp.com\/eltrabajo.cl\/portal\/wp-content\/uploads\/2017\/02\/Artesanos28.jpg?resize=200%2C120&amp;ssl=1 200w, https:\/\/i0.wp.com\/eltrabajo.cl\/portal\/wp-content\/uploads\/2017\/02\/Artesanos28.jpg?resize=300%2C181&amp;ssl=1 300w, https:\/\/i0.wp.com\/eltrabajo.cl\/portal\/wp-content\/uploads\/2017\/02\/Artesanos28.jpg?resize=249%2C150&amp;ssl=1 249w, https:\/\/i0.wp.com\/eltrabajo.cl\/portal\/wp-content\/uploads\/2017\/02\/Artesanos28.jpg?resize=400%2C241&amp;ssl=1 400w\" sizes=\"auto, (max-width: 580px) 100vw, 580px\" \/><figcaption id=\"caption-attachment-77516\" class=\"wp-caption-text\">FLAMANTE DIRECTORIO.- Ellos conforman el flamante directorio: Eduardo Contreras, Germ\u00e1n Castro, Jaime Canales, Guillermo Toro, Patricio Corval\u00e1n, Mario Duarte, Luis Castro, Sergio Aguilera, Rafael Carvallo, Hern\u00e1n Cataldo y Miguel \u00c1ngel Guliano. (Foto Roberto Gonz\u00e1lez Short).<\/figcaption><\/figure>\n<figure id=\"attachment_77518\" aria-describedby=\"caption-attachment-77518\" style=\"width: 580px\" class=\"wp-caption alignnone\"><img data-recalc-dims=\"1\" loading=\"lazy\" decoding=\"async\" class=\"size-full wp-image-77518\" src=\"https:\/\/i0.wp.com\/www.eltrabajo.cl\/2017\/wp-content\/uploads\/2017\/02\/Rafael-Carballo.jpg?resize=580%2C349\" alt=\"Vicepresidente de La Uni\u00f3n, don Rafael Carballo Vald\u00e9s.\" width=\"580\" height=\"349\" srcset=\"https:\/\/i0.wp.com\/eltrabajo.cl\/portal\/wp-content\/uploads\/2017\/02\/Rafael-Carballo.jpg?w=580&amp;ssl=1 580w, https:\/\/i0.wp.com\/eltrabajo.cl\/portal\/wp-content\/uploads\/2017\/02\/Rafael-Carballo.jpg?resize=200%2C120&amp;ssl=1 200w, https:\/\/i0.wp.com\/eltrabajo.cl\/portal\/wp-content\/uploads\/2017\/02\/Rafael-Carballo.jpg?resize=300%2C181&amp;ssl=1 300w, https:\/\/i0.wp.com\/eltrabajo.cl\/portal\/wp-content\/uploads\/2017\/02\/Rafael-Carballo.jpg?resize=249%2C150&amp;ssl=1 249w, https:\/\/i0.wp.com\/eltrabajo.cl\/portal\/wp-content\/uploads\/2017\/02\/Rafael-Carballo.jpg?resize=400%2C241&amp;ssl=1 400w\" sizes=\"auto, (max-width: 580px) 100vw, 580px\" \/><figcaption id=\"caption-attachment-77518\" class=\"wp-caption-text\">Vicepresidente de La Uni\u00f3n, don Rafael Carballo Vald\u00e9s.<\/figcaption><\/figure>\n","protected":false},"excerpt":{"rendered":"<p>Gala de aniversario ser\u00e1 el viernes 3 de marzo: Hoy hace 125 a\u00f1os fue fundada en nuestra comuna, la Sociedad de Artesanos La Uni\u00f3n de San Felipe, una instituci\u00f3n que funcion\u00f3 como&#8230;<\/p>\n","protected":false},"author":1,"featured_media":77516,"comment_status":"open","ping_status":"open","sticky":false,"template":"","format":"standard","meta":{"advanced_seo_description":"","jetpack_seo_html_title":"","jetpack_seo_noindex":false,"_jetpack_memberships_contains_paid_content":false,"footnotes":""},"categories":[15],"tags":[],"class_list":["post-77515","post","type-post","status-publish","format-standard","has-post-thumbnail","hentry","category-comunidad"],"jetpack_featured_media_url":"https:\/\/i0.wp.com\/eltrabajo.cl\/portal\/wp-content\/uploads\/2017\/02\/Artesanos28.jpg?fit=580%2C349&ssl=1","jetpack_sharing_enabled":true,"jetpack_likes_enabled":true,"jetpack-related-posts":[],"_links":{"self":[{"href":"https:\/\/eltrabajo.cl\/portal\/wp-json\/wp\/v2\/posts\/77515","targetHints":{"allow":["GET"]}}],"collection":[{"href":"https:\/\/eltrabajo.cl\/portal\/wp-json\/wp\/v2\/posts"}],"about":[{"href":"https:\/\/eltrabajo.cl\/portal\/wp-json\/wp\/v2\/types\/post"}],"author":[{"embeddable":true,"href":"https:\/\/eltrabajo.cl\/portal\/wp-json\/wp\/v2\/users\/1"}],"replies":[{"embeddable":true,"href":"https:\/\/eltrabajo.cl\/portal\/wp-json\/wp\/v2\/comments?post=77515"}],"version-history":[{"count":0,"href":"https:\/\/eltrabajo.cl\/portal\/wp-json\/wp\/v2\/posts\/77515\/revisions"}],"wp:featuredmedia":[{"embeddable":true,"href":"https:\/\/eltrabajo.cl\/portal\/wp-json\/wp\/v2\/media\/77516"}],"wp:attachment":[{"href":"https:\/\/eltrabajo.cl\/portal\/wp-json\/wp\/v2\/media?parent=77515"}],"wp:term":[{"taxonomy":"category","embeddable":true,"href":"https:\/\/eltrabajo.cl\/portal\/wp-json\/wp\/v2\/categories?post=77515"},{"taxonomy":"post_tag","embeddable":true,"href":"https:\/\/eltrabajo.cl\/portal\/wp-json\/wp\/v2\/tags?post=77515"}],"curies":[{"name":"wp","href":"https:\/\/api.w.org\/{rel}","templated":true}]}}