{"id":77520,"date":"2017-02-28T08:21:56","date_gmt":"2017-02-28T12:21:56","guid":{"rendered":"http:\/\/www.eltrabajo.cl\/2017\/?p=77520"},"modified":"2017-02-28T08:21:56","modified_gmt":"2017-02-28T12:21:56","slug":"acusan-anonimamente-a-vecina-de-haber-prostituido-a-tres-de-sus-hijos","status":"publish","type":"post","link":"https:\/\/eltrabajo.cl\/portal\/acusan-anonimamente-a-vecina-de-haber-prostituido-a-tres-de-sus-hijos\/","title":{"rendered":"Acusan \u2018an\u00f3nimamente\u2019 a vecina de haber prostituido a tres de sus hijos"},"content":{"rendered":"<figure id=\"attachment_77521\" aria-describedby=\"caption-attachment-77521\" style=\"width: 580px\" class=\"wp-caption alignnone\"><img data-recalc-dims=\"1\" loading=\"lazy\" decoding=\"async\" class=\"size-full wp-image-77521\" src=\"https:\/\/i0.wp.com\/www.eltrabajo.cl\/2017\/wp-content\/uploads\/2017\/02\/Ficha33.jpg?resize=580%2C348\" alt=\"LARGO PROCESO.- Documentos en poder de Diario El Trabajo establecen claramente la existencia de un largo proceso judicial en el Tribunal de Familia de San Felipe y al que se han sometido la madre y tres de sus hijos, proceso desarrollado en parte por el juez Cristian C\u00e1ceres Castro.\" width=\"580\" height=\"348\" srcset=\"https:\/\/i0.wp.com\/eltrabajo.cl\/portal\/wp-content\/uploads\/2017\/02\/Ficha33.jpg?w=580&amp;ssl=1 580w, https:\/\/i0.wp.com\/eltrabajo.cl\/portal\/wp-content\/uploads\/2017\/02\/Ficha33.jpg?resize=200%2C120&amp;ssl=1 200w, https:\/\/i0.wp.com\/eltrabajo.cl\/portal\/wp-content\/uploads\/2017\/02\/Ficha33.jpg?resize=300%2C180&amp;ssl=1 300w, https:\/\/i0.wp.com\/eltrabajo.cl\/portal\/wp-content\/uploads\/2017\/02\/Ficha33.jpg?resize=250%2C150&amp;ssl=1 250w, https:\/\/i0.wp.com\/eltrabajo.cl\/portal\/wp-content\/uploads\/2017\/02\/Ficha33.jpg?resize=400%2C240&amp;ssl=1 400w\" sizes=\"auto, (max-width: 580px) 100vw, 580px\" \/><figcaption id=\"caption-attachment-77521\" class=\"wp-caption-text\">LARGO PROCESO.- Documentos en poder de Diario El Trabajo establecen claramente la existencia de un largo proceso judicial en el Tribunal de Familia de San Felipe y al que se han sometido la madre y tres de sus hijos, proceso desarrollado en parte por el juez Cristian C\u00e1ceres Castro.<\/figcaption><\/figure>\n<ul>\n<li><span style=\"color: #ff0000;\"><strong>Drama familiar viven hijos y su madre en Calle El Medio:<\/strong><\/span><\/li>\n<\/ul>\n<p><strong>SANTA MAR\u00cdA.-<\/strong> Una penosa situaci\u00f3n es la que vive do\u00f1a Lucy Castro Godoy, vecina de Calle El Medio, en la que se implica el no poder disfrutar en paz de la compa\u00f1\u00eda de sus hijos, pues el Sename tiene bajo su custodia a una de sus hijas, de 14 a\u00f1os, luego que dos personas an\u00f3nimas acudieron al Liceo Dar\u00edo Salas para denunciar que ella, la madre, estar\u00eda exponiendo a sus hijos de 10, 14 y 17 a\u00f1os, a una situaci\u00f3n de supuesta explotaci\u00f3n sexual.<\/p>\n<p><strong>HISTORIA COMPLICADA<\/strong><br \/>\nLa denuncia en su momento fue interpuesta por el director del Liceo Dar\u00edo Salas, Walter Arancibia, luego que a su despacho llegaran algunos \u2018informantes\u2019 para poner en su conocimiento la situaci\u00f3n, pues los tres ni\u00f1os eran alumnos de ese centro educativo.<br \/>\nConversamos con Lucy Castro para conocer su versi\u00f3n respecto al complejo caso.<br \/>\n<strong>&#8211; \u00bfCu\u00e1ndo el Sename le quit\u00f3 a su hija y empez\u00f3 este calvario con sus dem\u00e1s hijos?<\/strong><br \/>\n&#8211; Fue a mediados de julio de 2016 cuando el Sename me quit\u00f3 a mi hija. Yo a mis hijos los protejo bien y no los dejo salir de noche a la calle. Actualmente mi ni\u00f1a, la de 14 a\u00f1os, puede salir del centro para estar con nosotros.<br \/>\n<strong>&#8211; \u00bfC\u00f3mo es que estas denuncias han tomado tanta fuerza en su contra?<\/strong><br \/>\n&#8211; An\u00f3nimamente a m\u00ed de lo que me denunciaron es por supuestamente yo exponer a mis hijos a explotaci\u00f3n sexual, asegurando que yo tra\u00eda hombres a mi casa para que estuvieran con mi hija, supuestamente para yo ganar plata, y eso es una gran mentira.<br \/>\n<strong>&#8211; \u00bfPero hubo hombres adultos ajenos a la familia con acceso a su casa y a los ni\u00f1os, usted prohibi\u00f3 la entrada a alguna de estas personas despu\u00e9s de estas denuncias?<\/strong><br \/>\n&#8211; Yo al \u00fanico que le ped\u00ed que no volviera a nuestra casa fue al \u2018Tata\u2019, un amigo de la familia, lo hice para evitar casualmente esta clase de calumnias.<br \/>\n<strong>&#8211; \u00bfF\u00edsicamente qui\u00e9n hizo la denuncia ante las autoridades?<\/strong><br \/>\n&#8211; Fue el director del Liceo Dar\u00edo Salas quien hizo la denuncia, me habr\u00eda gustado que \u00e9l, don Walter Arancibia, que no me cit\u00f3 a su oficina para explicarme del problema denunciado (\u2026) ni yo ni mi hija somos ningunas prostitutas, ni mis hijos son \u2018gais\u2019, tambi\u00e9n acusaron a uno de mis hijos de ser gay (\u2026) creo que la actitud de don Walter fue irresponsable, la PDI cerr\u00f3 el caso investigativo y, seg\u00fan me dijeron ellos, los agentes, no hubo pruebas que demostraran tal condici\u00f3n de prostituci\u00f3n, por eso lo que le pido al Sename, es que me devuelvan a mi hija definitivamente.<br \/>\n<strong>&#8211; \u00bfPor qu\u00e9 est\u00e1 denunciando esta historia hasta ahora, si los hechos habr\u00edan ocurrido hace casi ya un a\u00f1o?<\/strong><br \/>\n&#8211; Estoy denunciando este atropello, porque el pasado fin de semana ya me iban a entregar de manera definitiva a mi hija, y simplemente porque nuevamente de manera \u2018an\u00f3nima\u2019 alguien hizo una llamada al Sename, asegurando que hab\u00edan visto a mi hija con un hombre, y s\u00f3lo por esa llamada me volvieron a extender los meses de cautiverio a la ni\u00f1a en ese hogar.<\/p>\n<p><strong>HABLA UN HIJO<\/strong><br \/>\nDiario El Trabajo habl\u00f3 con uno de los hijos de do\u00f1a Lucy, de quien por ser menor de edad, omitiremos su nombre.<br \/>\n\u00abEn la escuela me hac\u00edan bullying, por eso decid\u00ed no seguir estudiando en ese liceo de manera presencial, estoy cursando octavo a\u00f1o (\u2026) en cuanto a mi hermana, ella siempre sal\u00eda de la casa conmigo, yo nunca la dej\u00e9 andar sola, por lo que puedo sostener que de ninguna manera mi hermana sal\u00eda con hombres\u00bb, asegur\u00f3 el chico de 17 a\u00f1os.<\/p>\n<p><strong>SIN RESPUESTAS<\/strong><br \/>\nNuestro medio intent\u00f3 contactar con do\u00f1a Sara Mu\u00f1oz, directora del Hogar de Menores Sagrada Familia (Sename), pero se negaron siquiera ofrecernos alguna hora para ser atendidos, pese a que hicimos varias llamadas identific\u00e1ndonos como medio de comunicaci\u00f3n.<br \/>\nTambi\u00e9n Diario El Trabajo habl\u00f3 con el director del Liceo Dar\u00edo Salas, Walter Arancibia, quien nos inform\u00f3 que mejor esperar\u00e1 leer la presente entrega informativa para as\u00ed valorar si decide hacer uso de su Derecho a R\u00e9plica, legalmente permitido.<br \/>\nPosiblemente por tratarse de un caso delicado y muy sensible, al estar implicados menores de edad, dif\u00edcilmente las autoridades brinden informaci\u00f3n para poder comprender si verdaderamente ocurrieron o no los hechos denunciados, posiblemente tambi\u00e9n el director del Dar\u00edo Salas s\u00f3lo actu\u00f3 siguiendo un protocolo establecido en caso de una denuncia de este tipo, lo cierto del caso es que esta situaci\u00f3n es extra\u00f1a, porque si fueron tres menores los citados al Tribunal de Familia por supuestamente estar prostituy\u00e9ndose, \u00bfpor qu\u00e9 s\u00f3lo a la ni\u00f1a la mantienen privada de su libertad?; \u00bfhasta qu\u00e9 punto habr\u00eda desestimado la PDI este caso? y, de ser as\u00ed, \u00bfno deber\u00eda el Sename entonces poner en libertad a la ni\u00f1a cautiva?<br \/>\n<strong>Roberto Gonz\u00e1lez Short<\/strong><\/p>\n<figure id=\"attachment_77522\" aria-describedby=\"caption-attachment-77522\" style=\"width: 580px\" class=\"wp-caption alignnone\"><img data-recalc-dims=\"1\" loading=\"lazy\" decoding=\"async\" class=\"size-full wp-image-77522\" src=\"https:\/\/i0.wp.com\/www.eltrabajo.cl\/2017\/wp-content\/uploads\/2017\/02\/Lucy-Castro.jpg?resize=580%2C349\" alt=\"Lucy Castro Godoy, madre que denuncia ser v\u00edctima de calumnias por parte de personas an\u00f3nimas.\" width=\"580\" height=\"349\" srcset=\"https:\/\/i0.wp.com\/eltrabajo.cl\/portal\/wp-content\/uploads\/2017\/02\/Lucy-Castro.jpg?w=580&amp;ssl=1 580w, https:\/\/i0.wp.com\/eltrabajo.cl\/portal\/wp-content\/uploads\/2017\/02\/Lucy-Castro.jpg?resize=200%2C120&amp;ssl=1 200w, https:\/\/i0.wp.com\/eltrabajo.cl\/portal\/wp-content\/uploads\/2017\/02\/Lucy-Castro.jpg?resize=300%2C181&amp;ssl=1 300w, https:\/\/i0.wp.com\/eltrabajo.cl\/portal\/wp-content\/uploads\/2017\/02\/Lucy-Castro.jpg?resize=249%2C150&amp;ssl=1 249w, https:\/\/i0.wp.com\/eltrabajo.cl\/portal\/wp-content\/uploads\/2017\/02\/Lucy-Castro.jpg?resize=400%2C241&amp;ssl=1 400w\" sizes=\"auto, (max-width: 580px) 100vw, 580px\" \/><figcaption id=\"caption-attachment-77522\" class=\"wp-caption-text\">Lucy Castro Godoy, madre que denuncia ser v\u00edctima de calumnias por parte de personas an\u00f3nimas.<\/figcaption><\/figure>\n","protected":false},"excerpt":{"rendered":"<p>Drama familiar viven hijos y su madre en Calle El Medio: SANTA MAR\u00cdA.- Una penosa situaci\u00f3n es la que vive do\u00f1a Lucy Castro Godoy, vecina de Calle El Medio, en la que&#8230;<\/p>\n","protected":false},"author":1,"featured_media":77522,"comment_status":"open","ping_status":"open","sticky":false,"template":"","format":"standard","meta":{"advanced_seo_description":"","jetpack_seo_html_title":"","jetpack_seo_noindex":false,"_jetpack_memberships_contains_paid_content":false,"footnotes":""},"categories":[15],"tags":[],"class_list":["post-77520","post","type-post","status-publish","format-standard","has-post-thumbnail","hentry","category-comunidad"],"jetpack_featured_media_url":"https:\/\/i0.wp.com\/eltrabajo.cl\/portal\/wp-content\/uploads\/2017\/02\/Lucy-Castro.jpg?fit=580%2C349&ssl=1","jetpack_sharing_enabled":true,"jetpack_likes_enabled":true,"jetpack-related-posts":[],"_links":{"self":[{"href":"https:\/\/eltrabajo.cl\/portal\/wp-json\/wp\/v2\/posts\/77520","targetHints":{"allow":["GET"]}}],"collection":[{"href":"https:\/\/eltrabajo.cl\/portal\/wp-json\/wp\/v2\/posts"}],"about":[{"href":"https:\/\/eltrabajo.cl\/portal\/wp-json\/wp\/v2\/types\/post"}],"author":[{"embeddable":true,"href":"https:\/\/eltrabajo.cl\/portal\/wp-json\/wp\/v2\/users\/1"}],"replies":[{"embeddable":true,"href":"https:\/\/eltrabajo.cl\/portal\/wp-json\/wp\/v2\/comments?post=77520"}],"version-history":[{"count":0,"href":"https:\/\/eltrabajo.cl\/portal\/wp-json\/wp\/v2\/posts\/77520\/revisions"}],"wp:featuredmedia":[{"embeddable":true,"href":"https:\/\/eltrabajo.cl\/portal\/wp-json\/wp\/v2\/media\/77522"}],"wp:attachment":[{"href":"https:\/\/eltrabajo.cl\/portal\/wp-json\/wp\/v2\/media?parent=77520"}],"wp:term":[{"taxonomy":"category","embeddable":true,"href":"https:\/\/eltrabajo.cl\/portal\/wp-json\/wp\/v2\/categories?post=77520"},{"taxonomy":"post_tag","embeddable":true,"href":"https:\/\/eltrabajo.cl\/portal\/wp-json\/wp\/v2\/tags?post=77520"}],"curies":[{"name":"wp","href":"https:\/\/api.w.org\/{rel}","templated":true}]}}