{"id":77536,"date":"2017-03-01T08:17:15","date_gmt":"2017-03-01T12:17:15","guid":{"rendered":"http:\/\/www.eltrabajo.cl\/2017\/?p=77536"},"modified":"2017-03-01T08:17:15","modified_gmt":"2017-03-01T12:17:15","slug":"aun-no-esta-claro-cuales-calles-estaran-habilitadas-el-proximo-lunes","status":"publish","type":"post","link":"https:\/\/eltrabajo.cl\/portal\/aun-no-esta-claro-cuales-calles-estaran-habilitadas-el-proximo-lunes\/","title":{"rendered":"A\u00fan no est\u00e1 claro cu\u00e1les calles estar\u00e1n habilitadas el pr\u00f3ximo lunes"},"content":{"rendered":"<figure id=\"attachment_77537\" aria-describedby=\"caption-attachment-77537\" style=\"width: 580px\" class=\"wp-caption alignnone\"><img data-recalc-dims=\"1\" loading=\"lazy\" decoding=\"async\" class=\"size-full wp-image-77537\" src=\"https:\/\/i0.wp.com\/www.eltrabajo.cl\/portal\/wp-content\/uploads\/2017\/03\/CALLES-CENTRICAS-CERRADAS-1-1.jpg?resize=580%2C350\" alt=\"Tr\u00e1fico vehicular a\u00fan suspendido desde Traslavi\u00f1a y por Chacabuco hacia el oriente.\" width=\"580\" height=\"350\" srcset=\"https:\/\/i0.wp.com\/eltrabajo.cl\/portal\/wp-content\/uploads\/2017\/03\/CALLES-CENTRICAS-CERRADAS-1-1.jpg?w=580&amp;ssl=1 580w, https:\/\/i0.wp.com\/eltrabajo.cl\/portal\/wp-content\/uploads\/2017\/03\/CALLES-CENTRICAS-CERRADAS-1-1.jpg?resize=200%2C121&amp;ssl=1 200w, https:\/\/i0.wp.com\/eltrabajo.cl\/portal\/wp-content\/uploads\/2017\/03\/CALLES-CENTRICAS-CERRADAS-1-1.jpg?resize=300%2C181&amp;ssl=1 300w, https:\/\/i0.wp.com\/eltrabajo.cl\/portal\/wp-content\/uploads\/2017\/03\/CALLES-CENTRICAS-CERRADAS-1-1.jpg?resize=249%2C150&amp;ssl=1 249w, https:\/\/i0.wp.com\/eltrabajo.cl\/portal\/wp-content\/uploads\/2017\/03\/CALLES-CENTRICAS-CERRADAS-1-1.jpg?resize=400%2C241&amp;ssl=1 400w\" sizes=\"auto, (max-width: 580px) 100vw, 580px\" \/><figcaption id=\"caption-attachment-77537\" class=\"wp-caption-text\">Tr\u00e1fico vehicular a\u00fan suspendido desde Traslavi\u00f1a y por Chacabuco hacia el oriente.<\/figcaption><\/figure>\n<ul>\n<li><strong><span style=\"color: #ff0000;\">Marzo encontr\u00f3 a un San Felipe \u2018Patas pa&#8217; arriba\u2019:<\/span>\u00a0A\u00fan no existe claridad de cu\u00e1les ser\u00e1n las calles c\u00e9ntricas que estar\u00e1n habilitadas el pr\u00f3ximo lunes<\/strong><\/li>\n<\/ul>\n<p>Se estima que Yungay debiera quedar funcionando con normalidad, pero no se sabe cu\u00e1les ser\u00e1n los accesos al centro -por O\u2019Higgins y Chacabuco- que estar\u00e1n habilitados, inc\u00f3gnita que debiera quedar resuelta este viernes, d\u00eda en que las autoridades locales har\u00e1n una \u2018socializaci\u00f3n\u2019 del estado de las principales arterias de la comuna.<br \/>\nA diferencia de a\u00f1os precedentes, la llegada de marzo en San Felipe en esta ocasi\u00f3n, pareciera vivirse con una preocupaci\u00f3n extra. Junto con la ineludible responsabilidad que tienen las familias de comprar \u00fatiles y vestuario escolar, adem\u00e1s del pago de permiso de circulaci\u00f3n y otras obligaciones que cumplir desde el punto de vista econ\u00f3mico, los sanfelipe\u00f1os ya comienzan a visualizar cu\u00e1l ser\u00e1 la log\u00edstica a utilizar a partir del pr\u00f3ximo lunes 6, cuando gran parte de los colegios comiencen el a\u00f1o escolar.<br \/>\nY claro, si bien es cierto, siempre debiese existir una planificaci\u00f3n especial para lograr cumplir con los horarios escolares y laborales, este a\u00f1o la situaci\u00f3n es diferente: hoy -producto de la construcci\u00f3n de ciclov\u00edas en las distintas alamedas-, siguen cerrados varios de los principales accesos al damero central de la ciudad y aunque ya se han reabierto algunos \u2013como el caso de Chacabuco con Navarro- otros contin\u00faan sin tr\u00e1fico efectivo y amenazan con transformar el centro sanfelipe\u00f1o en una verdadera selva vehicular durante los horarios punta de la pr\u00f3xima semana.<br \/>\nPor el momento, Carabineros de la Segunda Comisar\u00eda de San Felipe, no ha dado luces de tener alg\u00fan plan de contingencia particular que permita mitigar los efectos de estos cortes de tr\u00e1nsito y en qu\u00e9 sectores se dispondr\u00e1 de forma especial, efectivos policiales encargados de contribuir con la fluidez del tr\u00e1fico. Siempre se dispone personal en las esquinas cercanas a los establecimientos educacionales, pero en esta oportunidad, el contexto podr\u00eda demandar una planificaci\u00f3n m\u00e1s aguda.<br \/>\nResulta una inc\u00f3gnita -por ejemplo- saber qu\u00e9 ocurrir\u00e1 en la alameda O\u2019Higgins, espec\u00edficamente entre Coimas y Traslavi\u00f1a; en ese sector se encuentra el Colegio Portaliano y gran parte de los apoderados deja y recoge a los alumnos en sus veh\u00edculos particulares. \u00bfHabr\u00e1 se\u00f1al\u00e9tica especial para guiar a los conductores hacia v\u00edas que puedan resultar m\u00e1s expeditas, tomando en cuenta que, a\u00fan no se sabe si estar\u00e1 habilitada la intersecci\u00f3n de O\u2019Higgins con Salinas?<br \/>\nSeg\u00fan indicaron fuentes del Serviu San Felipe y de la Municipalidad de San Felipe, este viernes con la presencia del alcalde Patricio Freire, el director Regional del Serviu Valpara\u00edso, Carlos Contador y directores de distintos establecimientos educacionales de la comuna, se realizar\u00e1 una socializaci\u00f3n y actualizaci\u00f3n del estado de las intersecciones interrumpidas, dando a conocer cu\u00e1les ser\u00e1n abiertas de forma definitiva, cu\u00e1les se habilitar\u00e1n en forma parcial y, finalmente, las que permanecer\u00e1n cerradas hasta mediados de marzo.<br \/>\nHoy por hoy, se estima que la empresa encargada de los trabajos en las arterias colindantes con la alameda Yungay, debiera tener habilitada en un 100% esta avenida y; aunque ayer se supo extraoficialmente que el contratista s\u00f3lo podr\u00eda entregar los trabajos de forma parcial, pues ten\u00eda dificultades con la adquisici\u00f3n del concreto para terminar el pavimento; la delegada provincial de Serviu Natalia R\u00edos, le habr\u00eda exigido solucionar aquella dificultad a como d\u00e9 lugar, pues la habilitaci\u00f3n \u00edntegra de Yungay permitir\u00e1 darle un respiro a un centro de San Felipe que ya pareciera sentir cierto grado de asfixia.<br \/>\nPor el momento, usted vaya tomando l\u00e1piz y papel, mant\u00e9ngase bien atento, dibuje una y otra vez su ruta y planifique sus horarios con cierto margen de error para la pr\u00f3xima semana. Recuerde que sin interrupciones de tr\u00e1nsito, ni construcci\u00f3n de ciclov\u00edas, el tr\u00e1fico en el centro de San Felipe ya muestra signos de congesti\u00f3n hace bastante tiempo, por lo que s\u00f3lo un par de esquinas cerradas podr\u00edan retrasarlo en varios minutos en llegar a su destino. En esta oportunidad, su poderosa bocina no ser\u00e1 de mucha ayuda.<\/p>\n<figure id=\"attachment_77538\" aria-describedby=\"caption-attachment-77538\" style=\"width: 580px\" class=\"wp-caption alignnone\"><img data-recalc-dims=\"1\" loading=\"lazy\" decoding=\"async\" class=\"size-full wp-image-77538\" src=\"https:\/\/i0.wp.com\/www.eltrabajo.cl\/portal\/wp-content\/uploads\/2017\/03\/CALLES-CENTRICAS-CERRADAS-2-1.jpg?resize=580%2C350\" alt=\"Navarro con OHiggins habilitado en direcci\u00f3n norte-sur y virando hacia avenida Maip\u00fa.\" width=\"580\" height=\"350\" srcset=\"https:\/\/i0.wp.com\/eltrabajo.cl\/portal\/wp-content\/uploads\/2017\/03\/CALLES-CENTRICAS-CERRADAS-2-1.jpg?w=580&amp;ssl=1 580w, https:\/\/i0.wp.com\/eltrabajo.cl\/portal\/wp-content\/uploads\/2017\/03\/CALLES-CENTRICAS-CERRADAS-2-1.jpg?resize=200%2C121&amp;ssl=1 200w, https:\/\/i0.wp.com\/eltrabajo.cl\/portal\/wp-content\/uploads\/2017\/03\/CALLES-CENTRICAS-CERRADAS-2-1.jpg?resize=300%2C181&amp;ssl=1 300w, https:\/\/i0.wp.com\/eltrabajo.cl\/portal\/wp-content\/uploads\/2017\/03\/CALLES-CENTRICAS-CERRADAS-2-1.jpg?resize=249%2C150&amp;ssl=1 249w, https:\/\/i0.wp.com\/eltrabajo.cl\/portal\/wp-content\/uploads\/2017\/03\/CALLES-CENTRICAS-CERRADAS-2-1.jpg?resize=400%2C241&amp;ssl=1 400w\" sizes=\"auto, (max-width: 580px) 100vw, 580px\" \/><figcaption id=\"caption-attachment-77538\" class=\"wp-caption-text\">Navarro con OHiggins habilitado en direcci\u00f3n norte-sur y virando hacia avenida Maip\u00fa.<\/figcaption><\/figure>\n<figure id=\"attachment_77539\" aria-describedby=\"caption-attachment-77539\" style=\"width: 580px\" class=\"wp-caption alignnone\"><img data-recalc-dims=\"1\" loading=\"lazy\" decoding=\"async\" class=\"size-full wp-image-77539\" src=\"https:\/\/i0.wp.com\/www.eltrabajo.cl\/portal\/wp-content\/uploads\/2017\/03\/CALLES-CENTRICAS-CERRADAS-3.jpg?resize=580%2C350\" alt=\"Intersecci\u00f3n Navarro-Chacabuco: abierta para el tr\u00e1fico vehicular de sur a norte, interrumpido a\u00fan paso de veh\u00edculos de poniente a oriente.\" width=\"580\" height=\"350\" srcset=\"https:\/\/i0.wp.com\/eltrabajo.cl\/portal\/wp-content\/uploads\/2017\/03\/CALLES-CENTRICAS-CERRADAS-3.jpg?w=580&amp;ssl=1 580w, https:\/\/i0.wp.com\/eltrabajo.cl\/portal\/wp-content\/uploads\/2017\/03\/CALLES-CENTRICAS-CERRADAS-3.jpg?resize=200%2C121&amp;ssl=1 200w, https:\/\/i0.wp.com\/eltrabajo.cl\/portal\/wp-content\/uploads\/2017\/03\/CALLES-CENTRICAS-CERRADAS-3.jpg?resize=300%2C181&amp;ssl=1 300w, https:\/\/i0.wp.com\/eltrabajo.cl\/portal\/wp-content\/uploads\/2017\/03\/CALLES-CENTRICAS-CERRADAS-3.jpg?resize=249%2C150&amp;ssl=1 249w, https:\/\/i0.wp.com\/eltrabajo.cl\/portal\/wp-content\/uploads\/2017\/03\/CALLES-CENTRICAS-CERRADAS-3.jpg?resize=400%2C241&amp;ssl=1 400w\" sizes=\"auto, (max-width: 580px) 100vw, 580px\" \/><figcaption id=\"caption-attachment-77539\" class=\"wp-caption-text\">Intersecci\u00f3n Navarro-Chacabuco: abierta para el tr\u00e1fico vehicular de sur a norte, interrumpido a\u00fan paso de veh\u00edculos de poniente a oriente.<\/figcaption><\/figure>\n","protected":false},"excerpt":{"rendered":"<p>Marzo encontr\u00f3 a un San Felipe \u2018Patas pa&#8217; arriba\u2019:\u00a0A\u00fan no existe claridad de cu\u00e1les ser\u00e1n las calles c\u00e9ntricas que estar\u00e1n habilitadas el pr\u00f3ximo lunes Se estima que Yungay debiera quedar funcionando con&#8230;<\/p>\n","protected":false},"author":482,"featured_media":77539,"comment_status":"open","ping_status":"open","sticky":false,"template":"","format":"standard","meta":{"advanced_seo_description":"","jetpack_seo_html_title":"","jetpack_seo_noindex":false,"_jetpack_memberships_contains_paid_content":false,"footnotes":""},"categories":[1],"tags":[],"class_list":["post-77536","post","type-post","status-publish","format-standard","has-post-thumbnail","hentry","category-cronica"],"jetpack_featured_media_url":"https:\/\/i0.wp.com\/eltrabajo.cl\/portal\/wp-content\/uploads\/2017\/03\/CALLES-CENTRICAS-CERRADAS-3.jpg?fit=580%2C350&ssl=1","jetpack_sharing_enabled":true,"jetpack_likes_enabled":true,"jetpack-related-posts":[],"_links":{"self":[{"href":"https:\/\/eltrabajo.cl\/portal\/wp-json\/wp\/v2\/posts\/77536","targetHints":{"allow":["GET"]}}],"collection":[{"href":"https:\/\/eltrabajo.cl\/portal\/wp-json\/wp\/v2\/posts"}],"about":[{"href":"https:\/\/eltrabajo.cl\/portal\/wp-json\/wp\/v2\/types\/post"}],"author":[{"embeddable":true,"href":"https:\/\/eltrabajo.cl\/portal\/wp-json\/wp\/v2\/users\/482"}],"replies":[{"embeddable":true,"href":"https:\/\/eltrabajo.cl\/portal\/wp-json\/wp\/v2\/comments?post=77536"}],"version-history":[{"count":0,"href":"https:\/\/eltrabajo.cl\/portal\/wp-json\/wp\/v2\/posts\/77536\/revisions"}],"wp:featuredmedia":[{"embeddable":true,"href":"https:\/\/eltrabajo.cl\/portal\/wp-json\/wp\/v2\/media\/77539"}],"wp:attachment":[{"href":"https:\/\/eltrabajo.cl\/portal\/wp-json\/wp\/v2\/media?parent=77536"}],"wp:term":[{"taxonomy":"category","embeddable":true,"href":"https:\/\/eltrabajo.cl\/portal\/wp-json\/wp\/v2\/categories?post=77536"},{"taxonomy":"post_tag","embeddable":true,"href":"https:\/\/eltrabajo.cl\/portal\/wp-json\/wp\/v2\/tags?post=77536"}],"curies":[{"name":"wp","href":"https:\/\/api.w.org\/{rel}","templated":true}]}}