{"id":77541,"date":"2017-03-01T08:22:06","date_gmt":"2017-03-01T12:22:06","guid":{"rendered":"http:\/\/www.eltrabajo.cl\/2017\/?p=77541"},"modified":"2017-03-01T08:22:06","modified_gmt":"2017-03-01T12:22:06","slug":"jueza-envio-a-nina-a-casa-de-acogida-pese-a-informes-psicologicos-favorables","status":"publish","type":"post","link":"https:\/\/eltrabajo.cl\/portal\/jueza-envio-a-nina-a-casa-de-acogida-pese-a-informes-psicologicos-favorables\/","title":{"rendered":"Jueza envi\u00f3 a ni\u00f1a a casa de acogida pese a informes psicol\u00f3gicos favorables"},"content":{"rendered":"<figure id=\"attachment_77543\" aria-describedby=\"caption-attachment-77543\" style=\"width: 580px\" class=\"wp-caption alignnone\"><img data-recalc-dims=\"1\" loading=\"lazy\" decoding=\"async\" class=\"size-full wp-image-77543\" src=\"https:\/\/i0.wp.com\/www.eltrabajo.cl\/portal\/wp-content\/uploads\/2017\/03\/Resolucion33-1.jpg?resize=580%2C349\" alt=\"SIN ARGUMENTOS.- As\u00ed de simple, sin argumentaciones ni explicaciones, el Tribunal de Familia de San Felipe orden\u00f3 seis meses m\u00e1s de esta cuestionada medida cautelar para una ni\u00f1a que, desde sus trece a\u00f1os perdi\u00f3 su total libertad.\" width=\"580\" height=\"349\" srcset=\"https:\/\/i0.wp.com\/eltrabajo.cl\/portal\/wp-content\/uploads\/2017\/03\/Resolucion33-1.jpg?w=580&amp;ssl=1 580w, https:\/\/i0.wp.com\/eltrabajo.cl\/portal\/wp-content\/uploads\/2017\/03\/Resolucion33-1.jpg?resize=200%2C120&amp;ssl=1 200w, https:\/\/i0.wp.com\/eltrabajo.cl\/portal\/wp-content\/uploads\/2017\/03\/Resolucion33-1.jpg?resize=300%2C181&amp;ssl=1 300w, https:\/\/i0.wp.com\/eltrabajo.cl\/portal\/wp-content\/uploads\/2017\/03\/Resolucion33-1.jpg?resize=249%2C150&amp;ssl=1 249w, https:\/\/i0.wp.com\/eltrabajo.cl\/portal\/wp-content\/uploads\/2017\/03\/Resolucion33-1.jpg?resize=400%2C241&amp;ssl=1 400w\" sizes=\"auto, (max-width: 580px) 100vw, 580px\" \/><figcaption id=\"caption-attachment-77543\" class=\"wp-caption-text\">SIN ARGUMENTOS.- As\u00ed de simple, sin argumentaciones ni explicaciones, el Tribunal de Familia de San Felipe orden\u00f3 seis meses m\u00e1s de esta cuestionada medida cautelar para una ni\u00f1a que, desde sus trece a\u00f1os perdi\u00f3 su total libertad.<\/figcaption><\/figure>\n<ul>\n<li><strong><span style=\"color: #ff0000;\">Muchacha de 14 a\u00f1os esperaba regresar al fin con su familia:<\/span>\u00a0Equipos t\u00e9cnicos no entienden por qu\u00e9 la jueza envi\u00f3 de regreso a la menor, ya que no pudieron encontrar inicios de vulneraci\u00f3n sexual, estableciendo que la ni\u00f1a siente apego por su madre y que solo desea regresar a su casa, de donde fue separada por un sistema injusto y por la determinaci\u00f3n de una jueza que los que saben no logran comprender.<\/strong><\/li>\n<\/ul>\n<p>Hoy mi\u00e9rcoles Diario El Trabajo ofrece a la opini\u00f3n p\u00fablica el resultado de nuestras investigaciones en torno al caso que denunciamos ayer, en el que dimos a conocer el drama que toda una familia est\u00e1 viviendo en Calle El Medio de Santa Mar\u00eda, luego que el Tribunal de Familia de San Felipe impidiera a una ni\u00f1a el poder reunirse con su madre y hermanos, tras permanecer durante seis meses internada en el proyecto Casa Sagrada Familia, de Los Andes, y dependiente del Obispado de San Felipe, pese a que la PDI hab\u00eda descartado tras una investigaci\u00f3n generada por una denuncia an\u00f3nima, que la ni\u00f1a o sus hermanos estuvieran siendo vulnerados sexualmente.<\/p>\n<p><strong>POL\u00c9MICA RESOLUCI\u00d3N<\/strong><br \/>\nLo absurdo, dram\u00e1tico y quiz\u00e1 hasta cuestionable de este caso, es que varios equipos t\u00e9cnicos que laboran dentro de la red colaboradora del Sename, equipos de expertos profesionales en psicolog\u00eda, trabajo social y conducta humana, y aunque pese a todo el trabajo de un a\u00f1o entero llegaran a hacer las evaluaciones que recomendaban el egreso de la ni\u00f1a la semana anterior, la jueza titular del Juzgado de Familia de San Felipe, Luz Eliana Ram\u00edrez Herrera resolviera que la menor tendr\u00eda que seguir tras las paredes de la Casa Sagrada Familia durante seis mese m\u00e1s. Esta historia fue denunciada a nuestro medio por la misma madre de la ni\u00f1a, do\u00f1a Lucy Castro Godoy, quien sigue rogando a Dios que pronto pueda tener a su hija en su casa.<\/p>\n<p><strong>VALIENTE FUNCIONARIA<\/strong><br \/>\nDiario El Trabajo sostuvo una amplia entrevista ayer martes con la psic\u00f3loga y directora de la Casa Sagrada Familia, dependiente del Obispado de San Felipe y que opera bajo un convenio con el Sename, Sara Mu\u00f1oz Urrutia, para conocer de cerca lo que ella opina de este caso, pues la profesional quiso aclarar que la ni\u00f1a no es \u2018una ni\u00f1a del Sename\u2019, como por error ayer lo consignamos en la nota publicada.<br \/>\nSara Mu\u00f1oz, seg\u00fan investigamos, es una mujer s\u00f3lida, estricta, argumentalmente equilibrada en su manera de trabajar y tambi\u00e9n poseedora de un nivel de valent\u00eda pocas veces encontrado en temas de luchar por las personas a quienes ella debe proteger, ya que accedi\u00f3 a respondernos incisivas preguntas de nuestro medio.<\/p>\n<p><strong>\u00abPEDIR\u00c9 EXPLICACIONES\u00bb<\/strong><br \/>\n<strong>&#8211; \u00bfC\u00f3mo funciona la Casa Sagrada Familia y qu\u00e9 relaci\u00f3n tiene con el Sename?<\/strong><br \/>\n&#8211; Quiero aprovechar esta entrevista para explicar que nuestro proyecto Casa Sagrada Familia pertenece al Obispado de San Felipe y el Obispado tiene un convenio con el Sename, por lo tanto somos tambi\u00e9n parte de la red colaboradora del Sename, por lo tanto no se debe decir que \u2018\u00e9sta es una ni\u00f1a del Sename o que el Sename se la quit\u00f3 a sus padres\u2019.<br \/>\n<strong>&#8211; \u00bfQu\u00e9 programas son los que han trabajado psicosocialmente con esta ni\u00f1a?<\/strong><br \/>\n&#8211; En este caso en particular, nuestro sistema residencial ha trabajado con otro proyecto, el que se llama Amaro (Programa Especializado en Explotaci\u00f3n Sexual) y es ambulatorio, el que busca trabajar con los menores y familias envueltos en este perfil de explotaci\u00f3n sexual, creo que se trabaj\u00f3 muy bien durante todo un a\u00f1o, de hecho cada tres meses debimos presentar un informe al Tribunal de Familia.<br \/>\n<strong>&#8211; \u00bfLos profesionales a cargo encontraron se\u00f1ales o pruebas de alguna vulneraci\u00f3n sexual en el hogar de do\u00f1a Lucy Castro para estos ni\u00f1os?<\/strong><br \/>\n&#8211; Se trabaj\u00f3 en el rol materno de la madre (do\u00f1a Lucy Castro), durante todas nuestras investigativas de ambos proyectos, no visualizamos que hubiese alg\u00fan tipo de explotaci\u00f3n sexual, no la visualizamos (\u2026) nosotros cada tres meses informamos al Tribunal si hay alguna manifestaci\u00f3n o eventos que se\u00f1alare una nueva situaci\u00f3n, pero nosotros no la vimos.<br \/>\n<strong>&#8211; \u00bfEntonces qu\u00e9 pas\u00f3, por qu\u00e9 la jueza sigue neg\u00e1ndole a la ni\u00f1a estar con su familia?<\/strong><br \/>\n&#8211; Lo que usted expresa es una preocupaci\u00f3n y pregunta que todo mundo se est\u00e1 haciendo o se puede hacer (\u2026) sobre qu\u00e9 es lo que sucedi\u00f3 en este caso, yo creo que esa respuesta la tiene el Tribunal de Familia de San Felipe, porque nosotros no tenemos esa respuesta.<br \/>\n<strong>&#8211; \u00bfUsted y su equipo pedir\u00e1n alguna explicaci\u00f3n sobre esta resoluci\u00f3n al Tribunal de Familia?<\/strong><br \/>\n&#8211; T\u00e9cnicamente como directora por supuesto que voy a solicitar una respuesta al Tribunal sobre esto que ha sucedido, y una respuesta m\u00e1s aclaradora, en beneficio de la ni\u00f1a, porque es mi deber, porque nuestro objetivo es trabajar dependiendo de la realidad para que la ni\u00f1a vuelva a vivir con su familia, ese es el m\u00e1ximo objetivo de este proyecto.<br \/>\n<strong>&#8211; \u00bfCu\u00e1l es el objetivo primordial suyo y el de su equipo de profesionales?<\/strong><br \/>\n&#8211; Mi deber como directora y nuestro deber como profesionales, es trabajar para que esta ni\u00f1a, si re\u00fane las condiciones, pueda regresar a vivir con su familia, \u00bfc\u00f3mo podemos hacerlo?, nosotros tenemos trabajo t\u00e9cnico; tenemos trabajo en terreno y tenemos una metodolog\u00eda de trabajo que es real y concreta, yo puedo hablar de \u00e9ste nuestro trabajo, pero no puedo hablar de las razones que tiene el tribunal (\u2026) mi deber es luchar para que esta chica, que efectivamente nunca comprobamos que la madre era el agente vulnerador en donde creaba un escenario para que la ni\u00f1a se prostituyera, y si eso no existe \u00bfcu\u00e1les ser\u00e1n las razones para que esta ni\u00f1a no viva con su familia?, creo que son preguntas que cualquier persona se har\u00eda, y m\u00e1s yo que conozco el trabajo t\u00e9cnico que nuestro equipo residencial ha realizado.<br \/>\n<strong>&#8211; \u00bfDe no haber una respuesta positiva de esta jueza y del Juzgado de Familia, usted estar\u00eda dispuesta a interponer alguna acci\u00f3n o apelar a otras instancias?<\/strong><br \/>\n&#8211; Yo no voy a hablar mal de una jueza porque no tengo las competencias para hacerlo, yo puedo hablar de nuestro trabajo, y si en alg\u00fan caso si por defender a la ni\u00f1a a\u00fan as\u00ed yo tuviera que recurrir a otras instancias superiores legales, como directora tengo un compromiso social y s\u00ed lo har\u00eda, si \u00e9sa es la pregunta, s\u00ed lo har\u00eda, si yo viera que hay alguna injusticia.<br \/>\n<strong>&#8211; \u00bfTodo este proceso con la ni\u00f1a ha sido s\u00f3lo t\u00e9cnico, o tambi\u00e9n hay amor para desarrollar estos planes de trabajo para con la menor?<\/strong><br \/>\n&#8211; Antes de lo t\u00e9cnico, nosotros tenemos claro que estamos trabajando con personas. Con personas que han sido da\u00f1adas y sienten, que sufren cuando son alejadas de su familia, con personas que sufren a veces el da\u00f1o de un sistema injusto, y no estoy hablando s\u00f3lo del sistema legal, estoy hablando de todo el sistema de un pa\u00eds, en este pa\u00eds no existen pol\u00edticas p\u00fablicas de Infancia, sin embargo existe una Ley de Subvenci\u00f3n y una Ley de Menores que es muy antigua, hay Tribunales de Familia pero estos tribunales operan s\u00f3lo con la Ley de Familia, y resulta que estamos hablando con tem\u00e1ticas de Infancia, procesos evolutivos del ser humano y con da\u00f1os.<br \/>\n<strong>&#8211; En este caso puntual, porque podr\u00edamos hablar de muchos casos a nivel nacional, \u00bfqui\u00e9n defiende a esta ni\u00f1a del sistema?<\/strong><br \/>\n&#8211; \u00bfQu\u00e9 pasa con los derechos de esta ni\u00f1a?; \u00bfQui\u00e9n se hace la pregunta? Cuando una ni\u00f1a tiene el derecho a vivir con su familia y que hemos trabajado con ella, y cuando hay un tercero que dijo que vio, y cuando hubo una instituci\u00f3n que trabaj\u00f3 este caso por un a\u00f1o, esas preguntas las tiene que responder una Pol\u00edtica P\u00fablica de Infancia que no existe en nuestro pa\u00eds, por eso creo que existen -por eso digo y me har\u00e9 responsable de mis palabras-, algunas irregularidades asociadas a la infancia en Chile.<br \/>\n<strong>&#8211; Usted que tiene acceso a la menorcita y que la puede ver todos los d\u00edas, \u00bfes feliz la ni\u00f1a en este lugar?<\/strong><br \/>\n&#8211; Ning\u00fan ni\u00f1o es feliz cuando est\u00e1 lejos de sus padres y se siente querida por ellos, esa ni\u00f1a tiene apego por su madre y est\u00e1 triste porque no se pudo ir a casa.<\/p>\n<p><strong>S\u00cd DEBEMOS PREGUNTAR<\/strong><br \/>\nEn Diario El Trabajo quiz\u00e1 no tengamos las competencias para exigir explicaciones a una jueza tan experimentada como la honorable jueza Eliana Ram\u00edrez Herrera, sin embargo como heraldo de la Opini\u00f3n P\u00fablica y tambi\u00e9n vigilantes de las libertades ciudadanas, y luego de escuchar el clamor de una madre; saber de las l\u00e1grimas de una ni\u00f1a arrebatada de su hogar y tras escuchar el criterio t\u00e9cnico de una profesional como do\u00f1a Sara Mu\u00f1oz, s\u00ed nos permitimos hacer esta pregunta: Si el Tribunal de Familia dispuso de equipos t\u00e9cnicos \u2018para buscar y hallar La Verdad\u2019 en este caso, \u00bfpor qu\u00e9 ahora con esta resoluci\u00f3n son descalificadas las recomendaciones y experticias de los psic\u00f3logos y trabajadores sociales?<\/p>\n<figure id=\"attachment_77542\" aria-describedby=\"caption-attachment-77542\" style=\"width: 580px\" class=\"wp-caption alignnone\"><img data-recalc-dims=\"1\" loading=\"lazy\" decoding=\"async\" class=\"size-full wp-image-77542\" src=\"https:\/\/i0.wp.com\/www.eltrabajo.cl\/portal\/wp-content\/uploads\/2017\/03\/Sara-Munoz-1.jpg?resize=580%2C349\" alt=\"SOLIDEZ Y COMPROMISO SOCIAL.- Sara Mu\u00f1oz Urrutia, directora de Casa Sagrada Familia, de Los Andes, funcionaria que habl\u00f3 sin temor con Diario El Trabajo sobre c\u00f3mo se est\u00e1 manejando este complejo caso.\" width=\"580\" height=\"349\" srcset=\"https:\/\/i0.wp.com\/eltrabajo.cl\/portal\/wp-content\/uploads\/2017\/03\/Sara-Munoz-1.jpg?w=580&amp;ssl=1 580w, https:\/\/i0.wp.com\/eltrabajo.cl\/portal\/wp-content\/uploads\/2017\/03\/Sara-Munoz-1.jpg?resize=200%2C120&amp;ssl=1 200w, https:\/\/i0.wp.com\/eltrabajo.cl\/portal\/wp-content\/uploads\/2017\/03\/Sara-Munoz-1.jpg?resize=300%2C181&amp;ssl=1 300w, https:\/\/i0.wp.com\/eltrabajo.cl\/portal\/wp-content\/uploads\/2017\/03\/Sara-Munoz-1.jpg?resize=249%2C150&amp;ssl=1 249w, https:\/\/i0.wp.com\/eltrabajo.cl\/portal\/wp-content\/uploads\/2017\/03\/Sara-Munoz-1.jpg?resize=400%2C241&amp;ssl=1 400w\" sizes=\"auto, (max-width: 580px) 100vw, 580px\" \/><figcaption id=\"caption-attachment-77542\" class=\"wp-caption-text\">SOLIDEZ Y COMPROMISO SOCIAL.- Sara Mu\u00f1oz Urrutia, directora de Casa Sagrada Familia, de Los Andes, funcionaria que habl\u00f3 sin temor con Diario El Trabajo sobre c\u00f3mo se est\u00e1 manejando este complejo caso.<\/figcaption><\/figure>\n","protected":false},"excerpt":{"rendered":"<p>Muchacha de 14 a\u00f1os esperaba regresar al fin con su familia:\u00a0Equipos t\u00e9cnicos no entienden por qu\u00e9 la jueza envi\u00f3 de regreso a la menor, ya que no pudieron encontrar inicios de vulneraci\u00f3n&#8230;<\/p>\n","protected":false},"author":482,"featured_media":77543,"comment_status":"open","ping_status":"open","sticky":false,"template":"","format":"standard","meta":{"advanced_seo_description":"","jetpack_seo_html_title":"","jetpack_seo_noindex":false,"_jetpack_memberships_contains_paid_content":false,"footnotes":""},"categories":[15],"tags":[],"class_list":["post-77541","post","type-post","status-publish","format-standard","has-post-thumbnail","hentry","category-comunidad"],"jetpack_featured_media_url":"https:\/\/i0.wp.com\/eltrabajo.cl\/portal\/wp-content\/uploads\/2017\/03\/Resolucion33-1.jpg?fit=580%2C349&ssl=1","jetpack_sharing_enabled":true,"jetpack_likes_enabled":true,"jetpack-related-posts":[],"_links":{"self":[{"href":"https:\/\/eltrabajo.cl\/portal\/wp-json\/wp\/v2\/posts\/77541","targetHints":{"allow":["GET"]}}],"collection":[{"href":"https:\/\/eltrabajo.cl\/portal\/wp-json\/wp\/v2\/posts"}],"about":[{"href":"https:\/\/eltrabajo.cl\/portal\/wp-json\/wp\/v2\/types\/post"}],"author":[{"embeddable":true,"href":"https:\/\/eltrabajo.cl\/portal\/wp-json\/wp\/v2\/users\/482"}],"replies":[{"embeddable":true,"href":"https:\/\/eltrabajo.cl\/portal\/wp-json\/wp\/v2\/comments?post=77541"}],"version-history":[{"count":0,"href":"https:\/\/eltrabajo.cl\/portal\/wp-json\/wp\/v2\/posts\/77541\/revisions"}],"wp:featuredmedia":[{"embeddable":true,"href":"https:\/\/eltrabajo.cl\/portal\/wp-json\/wp\/v2\/media\/77543"}],"wp:attachment":[{"href":"https:\/\/eltrabajo.cl\/portal\/wp-json\/wp\/v2\/media?parent=77541"}],"wp:term":[{"taxonomy":"category","embeddable":true,"href":"https:\/\/eltrabajo.cl\/portal\/wp-json\/wp\/v2\/categories?post=77541"},{"taxonomy":"post_tag","embeddable":true,"href":"https:\/\/eltrabajo.cl\/portal\/wp-json\/wp\/v2\/tags?post=77541"}],"curies":[{"name":"wp","href":"https:\/\/api.w.org\/{rel}","templated":true}]}}