{"id":77558,"date":"2017-03-02T08:03:52","date_gmt":"2017-03-02T12:03:52","guid":{"rendered":"http:\/\/www.eltrabajo.cl\/2017\/?p=77558"},"modified":"2017-03-02T08:03:52","modified_gmt":"2017-03-02T12:03:52","slug":"pequenos-futbolistas-premiados-en-cuadrangular-de-carabineros","status":"publish","type":"post","link":"https:\/\/eltrabajo.cl\/portal\/pequenos-futbolistas-premiados-en-cuadrangular-de-carabineros\/","title":{"rendered":"Peque\u00f1os futbolistas premiados en cuadrangular de Carabineros"},"content":{"rendered":"<figure id=\"attachment_77559\" aria-describedby=\"caption-attachment-77559\" style=\"width: 580px\" class=\"wp-caption alignnone\"><img data-recalc-dims=\"1\" loading=\"lazy\" decoding=\"async\" class=\"size-full wp-image-77559\" src=\"https:\/\/i0.wp.com\/www.eltrabajo.cl\/portal\/wp-content\/uploads\/2017\/03\/GRUPAL-1.jpg?resize=580%2C349\" alt=\"Los peque\u00f1os futbolistas que participaron de este campeonato organizado por la Subcomisar\u00eda de Carabineros de Llay Llay.\" width=\"580\" height=\"349\" srcset=\"https:\/\/i0.wp.com\/eltrabajo.cl\/portal\/wp-content\/uploads\/2017\/03\/GRUPAL-1.jpg?w=580&amp;ssl=1 580w, https:\/\/i0.wp.com\/eltrabajo.cl\/portal\/wp-content\/uploads\/2017\/03\/GRUPAL-1.jpg?resize=200%2C120&amp;ssl=1 200w, https:\/\/i0.wp.com\/eltrabajo.cl\/portal\/wp-content\/uploads\/2017\/03\/GRUPAL-1.jpg?resize=300%2C181&amp;ssl=1 300w, https:\/\/i0.wp.com\/eltrabajo.cl\/portal\/wp-content\/uploads\/2017\/03\/GRUPAL-1.jpg?resize=249%2C150&amp;ssl=1 249w, https:\/\/i0.wp.com\/eltrabajo.cl\/portal\/wp-content\/uploads\/2017\/03\/GRUPAL-1.jpg?resize=400%2C241&amp;ssl=1 400w\" sizes=\"auto, (max-width: 580px) 100vw, 580px\" \/><figcaption id=\"caption-attachment-77559\" class=\"wp-caption-text\">Los peque\u00f1os futbolistas que participaron de este campeonato organizado por la Subcomisar\u00eda de Carabineros de Llay Llay.<\/figcaption><\/figure>\n<ul>\n<li><strong><span style=\"color: #ff0000;\">Campeonato efectuado en la comuna de Llay Llay:<\/span>\u00a0La iniciativa de la polic\u00eda uniformada pretende la integraci\u00f3n de la instituci\u00f3n con la comunidad, incentivando el deporte a los ni\u00f1os junto a sus padres.<\/strong><\/li>\n<\/ul>\n<p>Un exitoso cuadrangular de f\u00fatbol se realiz\u00f3 d\u00edas pasados en Llay Llay, el que tuvo como protagonistas a equipos compuestos por ni\u00f1os de distintas poblaciones de esa comuna, quienes mojaron la camiseta para obtener el preciado primer lugar de este campeonato impulsado por la Subcomisar\u00eda de Carabineros de esa localidad.<br \/>\nLos equipos conformados por la escuela de f\u00fatbol Sector 9, Uni\u00f3n Esperanza de Las Vegas, Escuela de F\u00fatbol Esperanza y Estrella de Prat, se confrontaron en la cancha durante el viernes pasado, luciendo orgullosos sus camisetas en representaci\u00f3n del equipo y jugando como unos verdaderos profesionales.<br \/>\nPara el Subcomisario de Carabineros, Capit\u00e1n Osvaldo Villarroel, estas actividades representan un gran avance en la integraci\u00f3n con la comunidad que se hace parte activamente, ya sea con la participaci\u00f3n de los propios ni\u00f1os junto a sus padres en actividades recreacionales de manera comunitaria, incentivando la actividad f\u00edsica y el acercamiento de Carabineros con los propios vecinos.<br \/>\nEl campeonato que se extendi\u00f3 hasta las 22:30 horas, finaliz\u00f3 con la premiaci\u00f3n a los equipos ganadores, obteniendo la copa con el primer Lugar la Escuela de F\u00fatbol Sector 9; Segundo Lugar Uni\u00f3n Esperanza de Las Vegas; Tercer Lugar Escuela de F\u00fatbol Esperanza y Cuarto Lugar Equipo Estrella de Prat.<br \/>\nAsimismo Carabineros entreg\u00f3 diplomas de reconocimiento a los peque\u00f1os jugadores que participaron en este campeonato que cont\u00f3 adem\u00e1s con el auspicio de empresas locales tales como Abastible, Panader\u00eda Las Delicias, Librer\u00eda Acuarela y Supermercado Unimarc.<br \/>\nLos futuros futbolistas disfrutaron de la ocasi\u00f3n preparada para competir amistosamente, mientras que Carabineros anunci\u00f3 que se est\u00e1n organizando futuros campeonatos dentro de la comuna de Llay Llay a fin de extender la integraci\u00f3n de las familias en el deporte, promover la vida sana y la seguridad que brinda la polic\u00eda uniformada.<br \/>\n<strong>Pablo Salinas Sald\u00edas<\/strong><\/p>\n<figure id=\"attachment_77560\" aria-describedby=\"caption-attachment-77560\" style=\"width: 580px\" class=\"wp-caption alignnone\"><img data-recalc-dims=\"1\" loading=\"lazy\" decoding=\"async\" class=\"size-full wp-image-77560\" src=\"https:\/\/i0.wp.com\/www.eltrabajo.cl\/portal\/wp-content\/uploads\/2017\/03\/los-azules-1.jpg?resize=580%2C349\" alt=\"Los azules tambi\u00e9n recibieron su copa por su exitosa participaci\u00f3n en el campeonato.\" width=\"580\" height=\"349\" srcset=\"https:\/\/i0.wp.com\/eltrabajo.cl\/portal\/wp-content\/uploads\/2017\/03\/los-azules-1.jpg?w=580&amp;ssl=1 580w, https:\/\/i0.wp.com\/eltrabajo.cl\/portal\/wp-content\/uploads\/2017\/03\/los-azules-1.jpg?resize=200%2C120&amp;ssl=1 200w, https:\/\/i0.wp.com\/eltrabajo.cl\/portal\/wp-content\/uploads\/2017\/03\/los-azules-1.jpg?resize=300%2C181&amp;ssl=1 300w, https:\/\/i0.wp.com\/eltrabajo.cl\/portal\/wp-content\/uploads\/2017\/03\/los-azules-1.jpg?resize=249%2C150&amp;ssl=1 249w, https:\/\/i0.wp.com\/eltrabajo.cl\/portal\/wp-content\/uploads\/2017\/03\/los-azules-1.jpg?resize=400%2C241&amp;ssl=1 400w\" sizes=\"auto, (max-width: 580px) 100vw, 580px\" \/><figcaption id=\"caption-attachment-77560\" class=\"wp-caption-text\">Los azules tambi\u00e9n recibieron su copa por su exitosa participaci\u00f3n en el campeonato.<\/figcaption><\/figure>\n<figure id=\"attachment_77561\" aria-describedby=\"caption-attachment-77561\" style=\"width: 580px\" class=\"wp-caption alignnone\"><img data-recalc-dims=\"1\" loading=\"lazy\" decoding=\"async\" class=\"size-full wp-image-77561\" src=\"https:\/\/i0.wp.com\/www.eltrabajo.cl\/portal\/wp-content\/uploads\/2017\/03\/los-naranjos-1.jpg?resize=580%2C350\" alt=\"Los chicos sudaron la camiseta para ser reconocidos.\" width=\"580\" height=\"350\" srcset=\"https:\/\/i0.wp.com\/eltrabajo.cl\/portal\/wp-content\/uploads\/2017\/03\/los-naranjos-1.jpg?w=580&amp;ssl=1 580w, https:\/\/i0.wp.com\/eltrabajo.cl\/portal\/wp-content\/uploads\/2017\/03\/los-naranjos-1.jpg?resize=200%2C121&amp;ssl=1 200w, https:\/\/i0.wp.com\/eltrabajo.cl\/portal\/wp-content\/uploads\/2017\/03\/los-naranjos-1.jpg?resize=300%2C181&amp;ssl=1 300w, https:\/\/i0.wp.com\/eltrabajo.cl\/portal\/wp-content\/uploads\/2017\/03\/los-naranjos-1.jpg?resize=249%2C150&amp;ssl=1 249w, https:\/\/i0.wp.com\/eltrabajo.cl\/portal\/wp-content\/uploads\/2017\/03\/los-naranjos-1.jpg?resize=400%2C241&amp;ssl=1 400w\" sizes=\"auto, (max-width: 580px) 100vw, 580px\" \/><figcaption id=\"caption-attachment-77561\" class=\"wp-caption-text\">Los chicos sudaron la camiseta para ser reconocidos.<\/figcaption><\/figure>\n<figure id=\"attachment_77562\" aria-describedby=\"caption-attachment-77562\" style=\"width: 580px\" class=\"wp-caption alignnone\"><img data-recalc-dims=\"1\" loading=\"lazy\" decoding=\"async\" class=\"size-full wp-image-77562\" src=\"https:\/\/i0.wp.com\/www.eltrabajo.cl\/portal\/wp-content\/uploads\/2017\/03\/PRIMER-LUGAR-1.jpg?resize=580%2C349\" alt=\"El Capit\u00e1n de Carabineros, Osvaldo Villarroel, entregando la Copa al primer lugar del cuadrangular de f\u00fatbol.\" width=\"580\" height=\"349\" srcset=\"https:\/\/i0.wp.com\/eltrabajo.cl\/portal\/wp-content\/uploads\/2017\/03\/PRIMER-LUGAR-1.jpg?w=580&amp;ssl=1 580w, https:\/\/i0.wp.com\/eltrabajo.cl\/portal\/wp-content\/uploads\/2017\/03\/PRIMER-LUGAR-1.jpg?resize=200%2C120&amp;ssl=1 200w, https:\/\/i0.wp.com\/eltrabajo.cl\/portal\/wp-content\/uploads\/2017\/03\/PRIMER-LUGAR-1.jpg?resize=300%2C181&amp;ssl=1 300w, https:\/\/i0.wp.com\/eltrabajo.cl\/portal\/wp-content\/uploads\/2017\/03\/PRIMER-LUGAR-1.jpg?resize=249%2C150&amp;ssl=1 249w, https:\/\/i0.wp.com\/eltrabajo.cl\/portal\/wp-content\/uploads\/2017\/03\/PRIMER-LUGAR-1.jpg?resize=400%2C241&amp;ssl=1 400w\" sizes=\"auto, (max-width: 580px) 100vw, 580px\" \/><figcaption id=\"caption-attachment-77562\" class=\"wp-caption-text\">El Capit\u00e1n de Carabineros, Osvaldo Villarroel, entregando la Copa al primer lugar del cuadrangular de f\u00fatbol.<\/figcaption><\/figure>\n","protected":false},"excerpt":{"rendered":"<p>Campeonato efectuado en la comuna de Llay Llay:\u00a0La iniciativa de la polic\u00eda uniformada pretende la integraci\u00f3n de la instituci\u00f3n con la comunidad, incentivando el deporte a los ni\u00f1os junto a sus padres&#8230;.<\/p>\n","protected":false},"author":482,"featured_media":77562,"comment_status":"open","ping_status":"open","sticky":false,"template":"","format":"standard","meta":{"advanced_seo_description":"","jetpack_seo_html_title":"","jetpack_seo_noindex":false,"_jetpack_memberships_contains_paid_content":false,"footnotes":""},"categories":[15],"tags":[],"class_list":["post-77558","post","type-post","status-publish","format-standard","has-post-thumbnail","hentry","category-comunidad"],"jetpack_featured_media_url":"https:\/\/i0.wp.com\/eltrabajo.cl\/portal\/wp-content\/uploads\/2017\/03\/PRIMER-LUGAR-1.jpg?fit=580%2C349&ssl=1","jetpack_sharing_enabled":true,"jetpack_likes_enabled":true,"jetpack-related-posts":[],"_links":{"self":[{"href":"https:\/\/eltrabajo.cl\/portal\/wp-json\/wp\/v2\/posts\/77558","targetHints":{"allow":["GET"]}}],"collection":[{"href":"https:\/\/eltrabajo.cl\/portal\/wp-json\/wp\/v2\/posts"}],"about":[{"href":"https:\/\/eltrabajo.cl\/portal\/wp-json\/wp\/v2\/types\/post"}],"author":[{"embeddable":true,"href":"https:\/\/eltrabajo.cl\/portal\/wp-json\/wp\/v2\/users\/482"}],"replies":[{"embeddable":true,"href":"https:\/\/eltrabajo.cl\/portal\/wp-json\/wp\/v2\/comments?post=77558"}],"version-history":[{"count":0,"href":"https:\/\/eltrabajo.cl\/portal\/wp-json\/wp\/v2\/posts\/77558\/revisions"}],"wp:featuredmedia":[{"embeddable":true,"href":"https:\/\/eltrabajo.cl\/portal\/wp-json\/wp\/v2\/media\/77562"}],"wp:attachment":[{"href":"https:\/\/eltrabajo.cl\/portal\/wp-json\/wp\/v2\/media?parent=77558"}],"wp:term":[{"taxonomy":"category","embeddable":true,"href":"https:\/\/eltrabajo.cl\/portal\/wp-json\/wp\/v2\/categories?post=77558"},{"taxonomy":"post_tag","embeddable":true,"href":"https:\/\/eltrabajo.cl\/portal\/wp-json\/wp\/v2\/tags?post=77558"}],"curies":[{"name":"wp","href":"https:\/\/api.w.org\/{rel}","templated":true}]}}