{"id":77564,"date":"2017-03-02T08:08:42","date_gmt":"2017-03-02T12:08:42","guid":{"rendered":"http:\/\/www.eltrabajo.cl\/2017\/?p=77564"},"modified":"2017-03-02T08:08:42","modified_gmt":"2017-03-02T12:08:42","slug":"este-sabado-arranca-la-copa-de-campeones-2017-en-el-estadio-municipal","status":"publish","type":"post","link":"https:\/\/eltrabajo.cl\/portal\/este-sabado-arranca-la-copa-de-campeones-2017-en-el-estadio-municipal\/","title":{"rendered":"Este s\u00e1bado arranca la Copa de Campeones 2017 en el Estadio Municipal"},"content":{"rendered":"<figure id=\"attachment_77565\" aria-describedby=\"caption-attachment-77565\" style=\"width: 580px\" class=\"wp-caption alignnone\"><img data-recalc-dims=\"1\" loading=\"lazy\" decoding=\"async\" class=\"size-full wp-image-77565\" src=\"https:\/\/i0.wp.com\/www.eltrabajo.cl\/portal\/wp-content\/uploads\/2017\/03\/campeones-AlmendralAlto-1.jpg?resize=580%2C350\" alt=\"TIENEN LO SUYO.- Almendral Alto, club que compite por Santa Mar\u00eda, es otro de los equipos llamados aponer muy en alto al Valle Aconcagua.\" width=\"580\" height=\"350\" srcset=\"https:\/\/i0.wp.com\/eltrabajo.cl\/portal\/wp-content\/uploads\/2017\/03\/campeones-AlmendralAlto-1.jpg?w=580&amp;ssl=1 580w, https:\/\/i0.wp.com\/eltrabajo.cl\/portal\/wp-content\/uploads\/2017\/03\/campeones-AlmendralAlto-1.jpg?resize=200%2C121&amp;ssl=1 200w, https:\/\/i0.wp.com\/eltrabajo.cl\/portal\/wp-content\/uploads\/2017\/03\/campeones-AlmendralAlto-1.jpg?resize=300%2C181&amp;ssl=1 300w, https:\/\/i0.wp.com\/eltrabajo.cl\/portal\/wp-content\/uploads\/2017\/03\/campeones-AlmendralAlto-1.jpg?resize=249%2C150&amp;ssl=1 249w, https:\/\/i0.wp.com\/eltrabajo.cl\/portal\/wp-content\/uploads\/2017\/03\/campeones-AlmendralAlto-1.jpg?resize=400%2C241&amp;ssl=1 400w\" sizes=\"auto, (max-width: 580px) 100vw, 580px\" \/><figcaption id=\"caption-attachment-77565\" class=\"wp-caption-text\">TIENEN LO SUYO.- Almendral Alto, club que compite por Santa Mar\u00eda, es otro de los equipos llamados aponer muy en alto al Valle Aconcagua.<\/figcaption><\/figure>\n<p>Luego de varios cambios en la fecha de apertura y con un pu\u00f1ado de ilusionados j\u00f3venes que anhelan conquistar el precioso t\u00edtulo de monarcas del f\u00fatbol amateur de la V Regi\u00f3n, se confirm\u00f3 que este s\u00e1bado 4 de marzo arrancar\u00e1 la Copa de Campeones 2017 (Arfa), certamen de alto rendimiento en el que San Felipe tendr\u00e1 a tres clubes peleando duro por el honor y la gloria deportiva. Aas\u00ed lo hizo saber uno de los dirigentes m\u00e1s importantes de la comuna a Diario El Trabajo.<br \/>\n\u00abEl campeonato arranca este s\u00e1bado 4 y domingo 5 de marzo. Lo que puedo informar de nuestros tres equipos en competencia: El campe\u00f3n Juventud La Troya, el Club Mario Inostroza y Uni\u00f3n Las Delicias, ya tienen su fecha para jugar. El s\u00e1bado jugar\u00e1 en el estadio de Llay Llay el Club Parrales vs Uni\u00f3n Delicias; el domingo ser\u00e1 con los siguientes rivales: Juventud La Troya vs Montevideo Bar\u00f3n al mediod\u00eda y Mario Inostroza VS Uni\u00f3n Rocuant en el estadio municipal a las 17:00 horas\u00bb, inform\u00f3 a Diario El Trabajo el presidente de la Asociaci\u00f3n de F\u00fatbol Amateur de San Felipe, Ra\u00fal \u2018Rulo\u2019 Reinoso.<br \/>\n\u00abEste es el campeonato de Campeones m\u00e1s importante de todo Chile de la Arfa, ojala que nuestros tres clubes sanfelipe\u00f1os lleguen muy lejos este a\u00f1o, son 64 equipos los que participan en la V Regi\u00f3n, la que m\u00e1s clubes tiene del pa\u00eds, esto es una loter\u00eda que domingo a domingo van pasando fases cada equipo, fue en 1999 cuando Juventud La Troya logr\u00f3 llegar a Semifinales, es muy dif\u00edcil llegar a una final, pues hay demasiados equipos que enfrentar\u00bb, agreg\u00f3 Reinoso.<br \/>\nYa lo saben nuestros lectores amantes al f\u00fatbol amateur, este s\u00e1bado a las 12:00 horas la cita deportiva es en el Municipal, luego a las 17:00 horas para cerrar con buenos goles la primera jornada de este esperado campeonato.<br \/>\n<strong>Roberto Gonz\u00e1lez Short<\/strong><\/p>\n<figure id=\"attachment_77566\" aria-describedby=\"caption-attachment-77566\" style=\"width: 580px\" class=\"wp-caption alignnone\"><img data-recalc-dims=\"1\" loading=\"lazy\" decoding=\"async\" class=\"size-full wp-image-77566\" src=\"https:\/\/i0.wp.com\/www.eltrabajo.cl\/portal\/wp-content\/uploads\/2017\/03\/campeones-Juventud33-1.jpg?resize=580%2C350\" alt=\"GRANDE TROYANOS.- Fue en 1999 cuando Juventud La Troya logr\u00f3 llegar a Semifinales en este torneo, este cuadro sanfelipe\u00f1o debutar\u00e1 este domingo contra Montevideo Bar\u00f3n al mediod\u00eda, en nuestro estadio municipal.\" width=\"580\" height=\"350\" srcset=\"https:\/\/i0.wp.com\/eltrabajo.cl\/portal\/wp-content\/uploads\/2017\/03\/campeones-Juventud33-1.jpg?w=580&amp;ssl=1 580w, https:\/\/i0.wp.com\/eltrabajo.cl\/portal\/wp-content\/uploads\/2017\/03\/campeones-Juventud33-1.jpg?resize=200%2C121&amp;ssl=1 200w, https:\/\/i0.wp.com\/eltrabajo.cl\/portal\/wp-content\/uploads\/2017\/03\/campeones-Juventud33-1.jpg?resize=300%2C181&amp;ssl=1 300w, https:\/\/i0.wp.com\/eltrabajo.cl\/portal\/wp-content\/uploads\/2017\/03\/campeones-Juventud33-1.jpg?resize=249%2C150&amp;ssl=1 249w, https:\/\/i0.wp.com\/eltrabajo.cl\/portal\/wp-content\/uploads\/2017\/03\/campeones-Juventud33-1.jpg?resize=400%2C241&amp;ssl=1 400w\" sizes=\"auto, (max-width: 580px) 100vw, 580px\" \/><figcaption id=\"caption-attachment-77566\" class=\"wp-caption-text\">GRANDE TROYANOS.- Fue en 1999 cuando Juventud La Troya logr\u00f3 llegar a Semifinales en este torneo, este cuadro sanfelipe\u00f1o debutar\u00e1 este domingo contra Montevideo Bar\u00f3n al mediod\u00eda, en nuestro estadio municipal.<\/figcaption><\/figure>\n<figure id=\"attachment_77567\" aria-describedby=\"caption-attachment-77567\" style=\"width: 580px\" class=\"wp-caption alignnone\"><img data-recalc-dims=\"1\" loading=\"lazy\" decoding=\"async\" class=\"size-full wp-image-77567\" src=\"https:\/\/i0.wp.com\/www.eltrabajo.cl\/portal\/wp-content\/uploads\/2017\/03\/campeones-Rulo-Reinoso-1.jpg?resize=580%2C350\" alt=\"Presidente de la Asociaci\u00f3n de F\u00fatbol Amateur de San Felipe, Ra\u00fal \u2018Rulo\u2019 Reinoso.\" width=\"580\" height=\"350\" srcset=\"https:\/\/i0.wp.com\/eltrabajo.cl\/portal\/wp-content\/uploads\/2017\/03\/campeones-Rulo-Reinoso-1.jpg?w=580&amp;ssl=1 580w, https:\/\/i0.wp.com\/eltrabajo.cl\/portal\/wp-content\/uploads\/2017\/03\/campeones-Rulo-Reinoso-1.jpg?resize=200%2C121&amp;ssl=1 200w, https:\/\/i0.wp.com\/eltrabajo.cl\/portal\/wp-content\/uploads\/2017\/03\/campeones-Rulo-Reinoso-1.jpg?resize=300%2C181&amp;ssl=1 300w, https:\/\/i0.wp.com\/eltrabajo.cl\/portal\/wp-content\/uploads\/2017\/03\/campeones-Rulo-Reinoso-1.jpg?resize=249%2C150&amp;ssl=1 249w, https:\/\/i0.wp.com\/eltrabajo.cl\/portal\/wp-content\/uploads\/2017\/03\/campeones-Rulo-Reinoso-1.jpg?resize=400%2C241&amp;ssl=1 400w\" sizes=\"auto, (max-width: 580px) 100vw, 580px\" \/><figcaption id=\"caption-attachment-77567\" class=\"wp-caption-text\">Presidente de la Asociaci\u00f3n de F\u00fatbol Amateur de San Felipe, Ra\u00fal \u2018Rulo\u2019 Reinoso.<\/figcaption><\/figure>\n<p>&nbsp;<\/p>\n","protected":false},"excerpt":{"rendered":"<p>Luego de varios cambios en la fecha de apertura y con un pu\u00f1ado de ilusionados j\u00f3venes que anhelan conquistar el precioso t\u00edtulo de monarcas del f\u00fatbol amateur de la V Regi\u00f3n, se&#8230;<\/p>\n","protected":false},"author":482,"featured_media":77566,"comment_status":"open","ping_status":"open","sticky":false,"template":"","format":"standard","meta":{"advanced_seo_description":"","jetpack_seo_html_title":"","jetpack_seo_noindex":false,"_jetpack_memberships_contains_paid_content":false,"footnotes":""},"categories":[19],"tags":[],"class_list":["post-77564","post","type-post","status-publish","format-standard","has-post-thumbnail","hentry","category-deportes"],"jetpack_featured_media_url":"https:\/\/i0.wp.com\/eltrabajo.cl\/portal\/wp-content\/uploads\/2017\/03\/campeones-Juventud33-1.jpg?fit=580%2C350&ssl=1","jetpack_sharing_enabled":true,"jetpack_likes_enabled":true,"jetpack-related-posts":[],"_links":{"self":[{"href":"https:\/\/eltrabajo.cl\/portal\/wp-json\/wp\/v2\/posts\/77564","targetHints":{"allow":["GET"]}}],"collection":[{"href":"https:\/\/eltrabajo.cl\/portal\/wp-json\/wp\/v2\/posts"}],"about":[{"href":"https:\/\/eltrabajo.cl\/portal\/wp-json\/wp\/v2\/types\/post"}],"author":[{"embeddable":true,"href":"https:\/\/eltrabajo.cl\/portal\/wp-json\/wp\/v2\/users\/482"}],"replies":[{"embeddable":true,"href":"https:\/\/eltrabajo.cl\/portal\/wp-json\/wp\/v2\/comments?post=77564"}],"version-history":[{"count":0,"href":"https:\/\/eltrabajo.cl\/portal\/wp-json\/wp\/v2\/posts\/77564\/revisions"}],"wp:featuredmedia":[{"embeddable":true,"href":"https:\/\/eltrabajo.cl\/portal\/wp-json\/wp\/v2\/media\/77566"}],"wp:attachment":[{"href":"https:\/\/eltrabajo.cl\/portal\/wp-json\/wp\/v2\/media?parent=77564"}],"wp:term":[{"taxonomy":"category","embeddable":true,"href":"https:\/\/eltrabajo.cl\/portal\/wp-json\/wp\/v2\/categories?post=77564"},{"taxonomy":"post_tag","embeddable":true,"href":"https:\/\/eltrabajo.cl\/portal\/wp-json\/wp\/v2\/tags?post=77564"}],"curies":[{"name":"wp","href":"https:\/\/api.w.org\/{rel}","templated":true}]}}