{"id":77569,"date":"2017-03-02T08:11:14","date_gmt":"2017-03-02T12:11:14","guid":{"rendered":"http:\/\/www.eltrabajo.cl\/2017\/?p=77569"},"modified":"2017-03-02T08:11:14","modified_gmt":"2017-03-02T12:11:14","slug":"este-viernes-se-sabra-si-curimon-podra-contar-con-un-cajero-automatico","status":"publish","type":"post","link":"https:\/\/eltrabajo.cl\/portal\/este-viernes-se-sabra-si-curimon-podra-contar-con-un-cajero-automatico\/","title":{"rendered":"Este viernes se sabr\u00e1 si Curim\u00f3n podr\u00e1 contar con un cajero autom\u00e1tico"},"content":{"rendered":"<figure id=\"attachment_77571\" aria-describedby=\"caption-attachment-77571\" style=\"width: 580px\" class=\"wp-caption alignnone\"><img data-recalc-dims=\"1\" loading=\"lazy\" decoding=\"async\" class=\"size-full wp-image-77571\" src=\"https:\/\/i0.wp.com\/www.eltrabajo.cl\/portal\/wp-content\/uploads\/2017\/03\/ricardo-figueroa-freire-1.jpg?resize=580%2C350\" alt=\"El conocido dirigente Ricardo Figueroa junto al Alcalde Patricio Freire Canto.\" width=\"580\" height=\"350\" srcset=\"https:\/\/i0.wp.com\/eltrabajo.cl\/portal\/wp-content\/uploads\/2017\/03\/ricardo-figueroa-freire-1.jpg?w=580&amp;ssl=1 580w, https:\/\/i0.wp.com\/eltrabajo.cl\/portal\/wp-content\/uploads\/2017\/03\/ricardo-figueroa-freire-1.jpg?resize=200%2C121&amp;ssl=1 200w, https:\/\/i0.wp.com\/eltrabajo.cl\/portal\/wp-content\/uploads\/2017\/03\/ricardo-figueroa-freire-1.jpg?resize=300%2C181&amp;ssl=1 300w, https:\/\/i0.wp.com\/eltrabajo.cl\/portal\/wp-content\/uploads\/2017\/03\/ricardo-figueroa-freire-1.jpg?resize=249%2C150&amp;ssl=1 249w, https:\/\/i0.wp.com\/eltrabajo.cl\/portal\/wp-content\/uploads\/2017\/03\/ricardo-figueroa-freire-1.jpg?resize=400%2C241&amp;ssl=1 400w\" sizes=\"auto, (max-width: 580px) 100vw, 580px\" \/><figcaption id=\"caption-attachment-77571\" class=\"wp-caption-text\">El conocido dirigente Ricardo Figueroa junto al Alcalde Patricio Freire Canto.<\/figcaption><\/figure>\n<p>Como muy positiva calificaron los dirigentes de la Junta de Adelanto de Curim\u00f3n, la reuni\u00f3n sostenida este mi\u00e9rcoles en la ma\u00f1ana con el Alcalde Patricio Freire Canto, para solicitar su apoyo en la cruzada que han iniciado con el fin de conseguir un cajero autom\u00e1tico para ese sector.<br \/>\nLa cita se efectu\u00f3 en la oficina del alcalde donde estuvo presente el edil Patricio Freire Canto y los dirigentes Ricardo Figueroa padre con su hijo Ricardo Carlos.<br \/>\nAl finalizar Ricardo Figueroa dijo: \u00abFue muy positivo porque est\u00e1 la disposici\u00f3n, el viernes va a haber una reuni\u00f3n entre el alcalde y el gerente regional Cordillera del Banco Estado, para ver cu\u00e1l es la posibilidad y la gesti\u00f3n que se est\u00e1 haciendo para la instalaci\u00f3n del cajero\u00bb, se\u00f1ala Ricardo Figueroa.<br \/>\nEs decir que el viernes se podr\u00eda saber si se puede instalar este cajero en Curim\u00f3n.<br \/>\nEl dirigente cont\u00f3 que el Cuerpo de Bomberos de Curim\u00f3n estar\u00eda dispuesto a recibirlo: \u00abHay otras instalaciones, pero hay que hablarlo porque es de particulares, hacer la gesti\u00f3n para que el Banco Estado converse con ellos, haga un contrato de arriendo y ver la posibilidad de instalar\u00bb, sostuvo.<br \/>\nEn cuanto a las ventajas que tendr\u00eda la instalaci\u00f3n de un cajero autom\u00e1tico en Curim\u00f3n, Ricardo Carlos Figueroa Cerda, tambi\u00e9n integrante de la directiva de la Junta de Adelanto de Curim\u00f3n, indic\u00f3 \u00abque hay unas mil quinientas transacciones diarias que se podr\u00edan hacer en dicho cajero, ya que la gente de los campos le pagan a trav\u00e9s de cuenta RUT\u00bb, sostuvo.<br \/>\nActualmente las personas que deseen realizar giros deben concurrir hasta San Felipe o el sector de Tres Esquinas: \u00abHay mucha gente que no tiene veh\u00edculo por lo que quedan imposibilitados de girar por ejemplo cinco mil pesos que necesitan para poder comprar verdura o algo m\u00e1s y tambi\u00e9n ante una emergencia, es decir no hay ni una alternativa en la ribera sur m\u00e1s que la Copec de Tres Esquinas\u00bb, dijo.<br \/>\nAl finalizar inform\u00f3 que va a ser a trav\u00e9s de los medios que se informar\u00e1 a la comunidad si ser\u00e1 necesario reunir firmas para poder respaldar esta noble iniciativa que surgi\u00f3 de un grupo de vecinos y que la Junta de Adelanto de Curim\u00f3n la est\u00e1 transmitiendo a las autoridades.<\/p>\n","protected":false},"excerpt":{"rendered":"<p>Como muy positiva calificaron los dirigentes de la Junta de Adelanto de Curim\u00f3n, la reuni\u00f3n sostenida este mi\u00e9rcoles en la ma\u00f1ana con el Alcalde Patricio Freire Canto, para solicitar su apoyo en&#8230;<\/p>\n","protected":false},"author":482,"featured_media":77571,"comment_status":"open","ping_status":"open","sticky":false,"template":"","format":"standard","meta":{"advanced_seo_description":"","jetpack_seo_html_title":"","jetpack_seo_noindex":false,"_jetpack_memberships_contains_paid_content":false,"footnotes":""},"categories":[15],"tags":[],"class_list":["post-77569","post","type-post","status-publish","format-standard","has-post-thumbnail","hentry","category-comunidad"],"jetpack_featured_media_url":"https:\/\/i0.wp.com\/eltrabajo.cl\/portal\/wp-content\/uploads\/2017\/03\/ricardo-figueroa-freire-1.jpg?fit=580%2C350&ssl=1","jetpack_sharing_enabled":true,"jetpack_likes_enabled":true,"jetpack-related-posts":[],"_links":{"self":[{"href":"https:\/\/eltrabajo.cl\/portal\/wp-json\/wp\/v2\/posts\/77569","targetHints":{"allow":["GET"]}}],"collection":[{"href":"https:\/\/eltrabajo.cl\/portal\/wp-json\/wp\/v2\/posts"}],"about":[{"href":"https:\/\/eltrabajo.cl\/portal\/wp-json\/wp\/v2\/types\/post"}],"author":[{"embeddable":true,"href":"https:\/\/eltrabajo.cl\/portal\/wp-json\/wp\/v2\/users\/482"}],"replies":[{"embeddable":true,"href":"https:\/\/eltrabajo.cl\/portal\/wp-json\/wp\/v2\/comments?post=77569"}],"version-history":[{"count":0,"href":"https:\/\/eltrabajo.cl\/portal\/wp-json\/wp\/v2\/posts\/77569\/revisions"}],"wp:featuredmedia":[{"embeddable":true,"href":"https:\/\/eltrabajo.cl\/portal\/wp-json\/wp\/v2\/media\/77571"}],"wp:attachment":[{"href":"https:\/\/eltrabajo.cl\/portal\/wp-json\/wp\/v2\/media?parent=77569"}],"wp:term":[{"taxonomy":"category","embeddable":true,"href":"https:\/\/eltrabajo.cl\/portal\/wp-json\/wp\/v2\/categories?post=77569"},{"taxonomy":"post_tag","embeddable":true,"href":"https:\/\/eltrabajo.cl\/portal\/wp-json\/wp\/v2\/tags?post=77569"}],"curies":[{"name":"wp","href":"https:\/\/api.w.org\/{rel}","templated":true}]}}