{"id":77573,"date":"2017-03-02T08:14:35","date_gmt":"2017-03-02T12:14:35","guid":{"rendered":"http:\/\/www.eltrabajo.cl\/2017\/?p=77573"},"modified":"2017-03-02T08:14:35","modified_gmt":"2017-03-02T12:14:35","slug":"bingo-solidario-este-sabado-para-ayudar-a-enferma-de-cancer-en-el-asiento","status":"publish","type":"post","link":"https:\/\/eltrabajo.cl\/portal\/bingo-solidario-este-sabado-para-ayudar-a-enferma-de-cancer-en-el-asiento\/","title":{"rendered":"Bingo Solidario este s\u00e1bado para ayudar a enferma de c\u00e1ncer en El Asiento"},"content":{"rendered":"<figure id=\"attachment_77575\" aria-describedby=\"caption-attachment-77575\" style=\"width: 580px\" class=\"wp-caption alignnone\"><img data-recalc-dims=\"1\" loading=\"lazy\" decoding=\"async\" class=\"size-full wp-image-77575\" src=\"https:\/\/i0.wp.com\/www.eltrabajo.cl\/portal\/wp-content\/uploads\/2017\/03\/bingo-claudio-reyes-1.jpg?resize=580%2C349\" alt=\"SIEMPRE CHARLY.- Claudio Reyes, el actor y comediante conocido por su personaje \u2018Charly Badulaque\u2019, har\u00e1 de las suyas en El Asiento este s\u00e1bado a partir de las 19:00 horas.\" width=\"580\" height=\"349\" srcset=\"https:\/\/i0.wp.com\/eltrabajo.cl\/portal\/wp-content\/uploads\/2017\/03\/bingo-claudio-reyes-1.jpg?w=580&amp;ssl=1 580w, https:\/\/i0.wp.com\/eltrabajo.cl\/portal\/wp-content\/uploads\/2017\/03\/bingo-claudio-reyes-1.jpg?resize=200%2C120&amp;ssl=1 200w, https:\/\/i0.wp.com\/eltrabajo.cl\/portal\/wp-content\/uploads\/2017\/03\/bingo-claudio-reyes-1.jpg?resize=300%2C181&amp;ssl=1 300w, https:\/\/i0.wp.com\/eltrabajo.cl\/portal\/wp-content\/uploads\/2017\/03\/bingo-claudio-reyes-1.jpg?resize=249%2C150&amp;ssl=1 249w, https:\/\/i0.wp.com\/eltrabajo.cl\/portal\/wp-content\/uploads\/2017\/03\/bingo-claudio-reyes-1.jpg?resize=400%2C241&amp;ssl=1 400w\" sizes=\"auto, (max-width: 580px) 100vw, 580px\" \/><figcaption id=\"caption-attachment-77575\" class=\"wp-caption-text\">SIEMPRE CHARLY.- Claudio Reyes, el actor y comediante conocido por su personaje \u2018Charly Badulaque\u2019, har\u00e1 de las suyas en El Asiento este s\u00e1bado a partir de las 19:00 horas.<\/figcaption><\/figure>\n<ul>\n<li><span style=\"color: #ff0000;\"><strong>Grandes artistas de la TV asistir\u00e1n al evento:<\/strong><\/span><\/li>\n<\/ul>\n<p>Este s\u00e1bado 4 de marzo a partir de las 19:00 horas en la sede comunitaria de El Asiento, se estar\u00e1 desarrollando algo m\u00e1s que un Bingo Solidario para una vecina de esa poblaci\u00f3n, actividad social que busca ayudar a recaudar fondos ($2 millones) para do\u00f1a Mar\u00eda Carvajal Fern\u00e1ndez, de 30 a\u00f1os y madre de dos ni\u00f1os, a quien en el Hospital del C\u00e1ncer, en Santiago, le dictaminaron los m\u00e9dicos un NI-2 (C\u00e1ncer en etapa 2) de \u00fatero.<br \/>\nEsta situaci\u00f3n es la que ha llevado a do\u00f1a Mar\u00eda a organizar con su familia y amigos m\u00e1s cercanos una actividad art\u00edstica durante la misma jornada del Bingo Solidario del s\u00e1bado.<\/p>\n<p><strong>MUCHOS PREMIOS<\/strong><br \/>\n\u00abEstoy muy esperanzada con esta actividad, hay muchos electrodom\u00e9sticos de premios del Bingo; vienen artistas nacionales como Claudio Reyes, el actor y comediante conocido por su personaje \u2018Charly Badulaque\u2019; El Doble de Juan Gabriel; Los Hechiceros del alma (banda de la 8\u00aa Regi\u00f3n). Esta actividad estar\u00e1 animada por la conocida actriz Adela Calder\u00f3n, entre otros artistas\u00bb, dijo la joven madre a Diario El Trabajo.<br \/>\nNuestro medio pudo confirmar que personajes de la Far\u00e1ndula como El Negro Pi\u00f1era entre otros, difundieron en v\u00eddeos en sus redes sociales la invitaci\u00f3n para apoyar con esta actividad, por lo que podr\u00edamos esperar una gran asistencia este s\u00e1bado.<br \/>\n<strong>Roberto Gonz\u00e1lez Short<\/strong><\/p>\n<figure id=\"attachment_77574\" aria-describedby=\"caption-attachment-77574\" style=\"width: 580px\" class=\"wp-caption alignnone\"><img data-recalc-dims=\"1\" loading=\"lazy\" decoding=\"async\" class=\"size-full wp-image-77574\" src=\"https:\/\/i0.wp.com\/www.eltrabajo.cl\/portal\/wp-content\/uploads\/2017\/03\/bingo-adela-1.jpg?resize=580%2C350\" alt=\"Esta actividad estar\u00e1 animada por la popular actriz de televisi\u00f3n, Adela Calder\u00f3n, quien ha participado en teleseries como \u2018Bellas y audaces\u2019, \u2018A la sombra del \u00e1ngel\u2019, \u2018Floribella\u2019 y \u2018El se\u00f1or de La Querencia\u2019.\" width=\"580\" height=\"350\" srcset=\"https:\/\/i0.wp.com\/eltrabajo.cl\/portal\/wp-content\/uploads\/2017\/03\/bingo-adela-1.jpg?w=580&amp;ssl=1 580w, https:\/\/i0.wp.com\/eltrabajo.cl\/portal\/wp-content\/uploads\/2017\/03\/bingo-adela-1.jpg?resize=200%2C121&amp;ssl=1 200w, https:\/\/i0.wp.com\/eltrabajo.cl\/portal\/wp-content\/uploads\/2017\/03\/bingo-adela-1.jpg?resize=300%2C181&amp;ssl=1 300w, https:\/\/i0.wp.com\/eltrabajo.cl\/portal\/wp-content\/uploads\/2017\/03\/bingo-adela-1.jpg?resize=249%2C150&amp;ssl=1 249w, https:\/\/i0.wp.com\/eltrabajo.cl\/portal\/wp-content\/uploads\/2017\/03\/bingo-adela-1.jpg?resize=400%2C241&amp;ssl=1 400w\" sizes=\"auto, (max-width: 580px) 100vw, 580px\" \/><figcaption id=\"caption-attachment-77574\" class=\"wp-caption-text\">Esta actividad estar\u00e1 animada por la popular actriz de televisi\u00f3n, Adela Calder\u00f3n, quien ha participado en teleseries como \u2018Bellas y audaces\u2019, \u2018A la sombra del \u00e1ngel\u2019, \u2018Floribella\u2019 y \u2018El se\u00f1or de La Querencia\u2019.<\/figcaption><\/figure>\n<figure id=\"attachment_77576\" aria-describedby=\"caption-attachment-77576\" style=\"width: 580px\" class=\"wp-caption alignnone\"><img data-recalc-dims=\"1\" loading=\"lazy\" decoding=\"async\" class=\"size-full wp-image-77576\" src=\"https:\/\/i0.wp.com\/www.eltrabajo.cl\/portal\/wp-content\/uploads\/2017\/03\/bingo-Maria-Carvajal-2.jpg?resize=580%2C349\" alt=\"TODOS CON MAR\u00cdA.- Mar\u00eda Carvajal Fern\u00e1ndez, de 30 a\u00f1os y madre de dos ni\u00f1os, en el Hospital del C\u00e1ncer, en Santiago, le dictaminaron los m\u00e9dicos un NI-2 (C\u00e1ncer en etapa 2) de \u00fatero.\" width=\"580\" height=\"349\" srcset=\"https:\/\/i0.wp.com\/eltrabajo.cl\/portal\/wp-content\/uploads\/2017\/03\/bingo-Maria-Carvajal-2.jpg?w=580&amp;ssl=1 580w, https:\/\/i0.wp.com\/eltrabajo.cl\/portal\/wp-content\/uploads\/2017\/03\/bingo-Maria-Carvajal-2.jpg?resize=200%2C120&amp;ssl=1 200w, https:\/\/i0.wp.com\/eltrabajo.cl\/portal\/wp-content\/uploads\/2017\/03\/bingo-Maria-Carvajal-2.jpg?resize=300%2C181&amp;ssl=1 300w, https:\/\/i0.wp.com\/eltrabajo.cl\/portal\/wp-content\/uploads\/2017\/03\/bingo-Maria-Carvajal-2.jpg?resize=249%2C150&amp;ssl=1 249w, https:\/\/i0.wp.com\/eltrabajo.cl\/portal\/wp-content\/uploads\/2017\/03\/bingo-Maria-Carvajal-2.jpg?resize=400%2C241&amp;ssl=1 400w\" sizes=\"auto, (max-width: 580px) 100vw, 580px\" \/><figcaption id=\"caption-attachment-77576\" class=\"wp-caption-text\">TODOS CON MAR\u00cdA.- Mar\u00eda Carvajal Fern\u00e1ndez, de 30 a\u00f1os y madre de dos ni\u00f1os, en el Hospital del C\u00e1ncer, en Santiago, le dictaminaron los m\u00e9dicos un NI-2 (C\u00e1ncer en etapa 2) de \u00fatero.<\/figcaption><\/figure>\n","protected":false},"excerpt":{"rendered":"<p>Grandes artistas de la TV asistir\u00e1n al evento: Este s\u00e1bado 4 de marzo a partir de las 19:00 horas en la sede comunitaria de El Asiento, se estar\u00e1 desarrollando algo m\u00e1s que&#8230;<\/p>\n","protected":false},"author":482,"featured_media":77576,"comment_status":"open","ping_status":"open","sticky":false,"template":"","format":"standard","meta":{"advanced_seo_description":"","jetpack_seo_html_title":"","jetpack_seo_noindex":false,"_jetpack_memberships_contains_paid_content":false,"footnotes":""},"categories":[15],"tags":[],"class_list":["post-77573","post","type-post","status-publish","format-standard","has-post-thumbnail","hentry","category-comunidad"],"jetpack_featured_media_url":"https:\/\/i0.wp.com\/eltrabajo.cl\/portal\/wp-content\/uploads\/2017\/03\/bingo-Maria-Carvajal-2.jpg?fit=580%2C349&ssl=1","jetpack_sharing_enabled":true,"jetpack_likes_enabled":true,"jetpack-related-posts":[],"_links":{"self":[{"href":"https:\/\/eltrabajo.cl\/portal\/wp-json\/wp\/v2\/posts\/77573","targetHints":{"allow":["GET"]}}],"collection":[{"href":"https:\/\/eltrabajo.cl\/portal\/wp-json\/wp\/v2\/posts"}],"about":[{"href":"https:\/\/eltrabajo.cl\/portal\/wp-json\/wp\/v2\/types\/post"}],"author":[{"embeddable":true,"href":"https:\/\/eltrabajo.cl\/portal\/wp-json\/wp\/v2\/users\/482"}],"replies":[{"embeddable":true,"href":"https:\/\/eltrabajo.cl\/portal\/wp-json\/wp\/v2\/comments?post=77573"}],"version-history":[{"count":0,"href":"https:\/\/eltrabajo.cl\/portal\/wp-json\/wp\/v2\/posts\/77573\/revisions"}],"wp:featuredmedia":[{"embeddable":true,"href":"https:\/\/eltrabajo.cl\/portal\/wp-json\/wp\/v2\/media\/77576"}],"wp:attachment":[{"href":"https:\/\/eltrabajo.cl\/portal\/wp-json\/wp\/v2\/media?parent=77573"}],"wp:term":[{"taxonomy":"category","embeddable":true,"href":"https:\/\/eltrabajo.cl\/portal\/wp-json\/wp\/v2\/categories?post=77573"},{"taxonomy":"post_tag","embeddable":true,"href":"https:\/\/eltrabajo.cl\/portal\/wp-json\/wp\/v2\/tags?post=77573"}],"curies":[{"name":"wp","href":"https:\/\/api.w.org\/{rel}","templated":true}]}}