{"id":77581,"date":"2017-03-03T07:55:57","date_gmt":"2017-03-03T11:55:57","guid":{"rendered":"http:\/\/www.eltrabajo.cl\/2017\/?p=77581"},"modified":"2017-03-03T07:55:57","modified_gmt":"2017-03-03T11:55:57","slug":"mejoraran-soportes-y-ubicacion-de-camaras-de-televigilancia-en-san-felipe","status":"publish","type":"post","link":"https:\/\/eltrabajo.cl\/portal\/mejoraran-soportes-y-ubicacion-de-camaras-de-televigilancia-en-san-felipe\/","title":{"rendered":"Mejorar\u00e1n soportes y ubicaci\u00f3n de c\u00e1maras de televigilancia en San Felipe"},"content":{"rendered":"<figure id=\"attachment_77582\" aria-describedby=\"caption-attachment-77582\" style=\"width: 580px\" class=\"wp-caption alignnone\"><img data-recalc-dims=\"1\" loading=\"lazy\" decoding=\"async\" class=\"size-full wp-image-77582\" src=\"https:\/\/i0.wp.com\/www.eltrabajo.cl\/portal\/wp-content\/uploads\/2017\/03\/distribucion-de-camaras-1.jpg?resize=580%2C349\" alt=\"Las ocho c\u00e1maras que actualmente existen en la ciudad de San Felipe, que corresponden a tecnolog\u00eda pr\u00e1cticamente obsoleta en cuanto a su resoluci\u00f3n, sufrir\u00e1n modificaciones en soportes y ubicaci\u00f3n que permitir\u00edan mejorar la vigilancia.\" width=\"580\" height=\"349\" srcset=\"https:\/\/i0.wp.com\/eltrabajo.cl\/portal\/wp-content\/uploads\/2017\/03\/distribucion-de-camaras-1.jpg?w=580&amp;ssl=1 580w, https:\/\/i0.wp.com\/eltrabajo.cl\/portal\/wp-content\/uploads\/2017\/03\/distribucion-de-camaras-1.jpg?resize=200%2C120&amp;ssl=1 200w, https:\/\/i0.wp.com\/eltrabajo.cl\/portal\/wp-content\/uploads\/2017\/03\/distribucion-de-camaras-1.jpg?resize=300%2C181&amp;ssl=1 300w, https:\/\/i0.wp.com\/eltrabajo.cl\/portal\/wp-content\/uploads\/2017\/03\/distribucion-de-camaras-1.jpg?resize=249%2C150&amp;ssl=1 249w, https:\/\/i0.wp.com\/eltrabajo.cl\/portal\/wp-content\/uploads\/2017\/03\/distribucion-de-camaras-1.jpg?resize=400%2C241&amp;ssl=1 400w\" sizes=\"auto, (max-width: 580px) 100vw, 580px\" \/><figcaption id=\"caption-attachment-77582\" class=\"wp-caption-text\">Las ocho c\u00e1maras que actualmente existen en la ciudad de San Felipe, que corresponden a tecnolog\u00eda pr\u00e1cticamente obsoleta en cuanto a su resoluci\u00f3n, sufrir\u00e1n modificaciones en soportes y ubicaci\u00f3n que permitir\u00edan mejorar la vigilancia.<\/figcaption><\/figure>\n<ul>\n<li><strong><span style=\"color: #ff0000;\">Ubicadas en distintos puntos del centro de la ciudad:<\/span>\u00a0Con una inversi\u00f3n cercana a los 30 millones de pesos, el sistema ser\u00e1 dotado de nuevos soportes y las c\u00e1maras quedar\u00e1n instaladas en las mismas intersecciones, pero sin obst\u00e1culos visuales.<\/strong><\/li>\n<\/ul>\n<p>Un mejoramiento f\u00edsico y tecnol\u00f3gico sufrir\u00e1n las ocho c\u00e1maras de televigilancia existentes en el centro de San Felipe, esto con el objetivo de aumentar la eficiencia de las mismas y contribuir con el trabajo de las polic\u00edas a la hora de investigar hechos delictuales.<br \/>\nEl proyecto -financiado por la Subsecretar\u00eda de Prevenci\u00f3n del Delito del Ministerio del Interior y Seguridad P\u00fablica-, consiste en la reubicaci\u00f3n y cambio de los postes existentes, emplazando las mismas c\u00e1maras en un nuevo punto dentro de su intersecci\u00f3n actual, garantizando un \u00e1rea despejada, sin obst\u00e1culos que obstruyan el campo visual de sus lentes.<br \/>\nAs\u00ed lo inform\u00f3 Alexis Guerrero, coordinador del Plan Comunal de Seguridad P\u00fablica de San Felipe, quien relat\u00f3 que esta iniciativa nace a partir del trabajo del a\u00f1o 2015 del Plan Comunal de Seguridad P\u00fablica, estrategia que fuera aprobada por el Comit\u00e9 de Delegados Barriales de Seguridad, Codebase, en representaci\u00f3n de la comunidad.<br \/>\n\u201cEl Codebase es una organizaci\u00f3n donde hay cerca de 50 agrupaciones de la comuna\u2026 en aquel momento (2015) los delitos en el centro de San Felipe eran con bastante frecuencia y por ello se prioriza un cambio en la tecnolog\u00eda de la ubicaci\u00f3n de las c\u00e1maras, porque Carabineros se\u00f1alaba que ten\u00edan poca posibilidad de realizar televigilancia debido a las caracter\u00edsticas f\u00edsicas donde se encontraban las c\u00e1maras\u201d, apunt\u00f3 Guerrero.<br \/>\nEn ese contexto, detall\u00f3 que el actual proyecto tiene una inversi\u00f3n cercana a los 30 millones de pesos y considera la instalaci\u00f3n de postes de 7 metros de altura con un gancho de 4.5 metros, lo que va a permitir que \u201cla c\u00e1mara se ubique hacia el centro de la calzada y con eso tener la posibilidad de vigilar los cuatro puntos cardinales de cada una de las esquinas donde est\u00e1n las c\u00e1maras que tienen un giro de 360 grados\u201d, describi\u00f3 el funcionario.<br \/>\nDesde esa \u00f3ptica, se busca dar una respuesta a las necesidades que present\u00f3 Carabineros y la comunidad y posteriormente avanzar hacia un sistema de protecci\u00f3n m\u00e1s moderno, pues las actuales c\u00e1maras de televigilancia poseen una tecnolog\u00eda de 10 a\u00f1os y s\u00f3lo una de ellas puede grabar con resoluci\u00f3n 1080, mientras que el resto s\u00f3lo lo hace en tecnolog\u00eda de 480 pixeles de definici\u00f3n de imagen, es decir similar a las c\u00e1maras de los celulares antiguos.<br \/>\n\u201cEl municipio est\u00e1 trabajando en un proyecto de 20 c\u00e1maras nuevas ac\u00e1 en el centro de San Felipe, pero se est\u00e1 a la espera de algunos cambios que est\u00e1 haciendo Carabineros en su estructura f\u00edsica de la Cenco, para definir cu\u00e1ndo se va a presentar ese nuevo proyecto de c\u00e1maras que va a significar un cambio cuantitativo respecto de la seguridad\u201d, adelant\u00f3 el encargado comunal del Plan de Seguridad P\u00fablica.<br \/>\nEl alcalde de San Felipe, Patricio Freire, se mostr\u00f3 optimista respecto a c\u00f3mo se est\u00e1 trabajando en temas de seguridad en la comuna y manifest\u00f3 que \u201cestamos muy contentos de los recursos que llegan desde el Ministerio del Interior, para concretar estos proyectos de ciudad y creo que tenemos una sensaci\u00f3n de seguridad mayor en San Felipe, ya nos sentimos m\u00e1s seguros de lo que hemos realizado el 2016 iluminando muchos sectores de la ciudad\u201d, record\u00f3 el edil.<br \/>\nA su vez el Gobernador de la Provincia de San Felipe, Eduardo Le\u00f3n, hizo menci\u00f3n a la modificaci\u00f3n de la Ley Org\u00e1nica Constitucional de municipalidades, la cual transforma en una obligaci\u00f3n de los municipios, constituir los Consejos de Seguridad P\u00fablica.<br \/>\n\u201cHay municipios que voluntariamente firmaron convenios con el ministerio del interior y uno de ellos es San Felipe, estos planes de seguridad p\u00fablica son discutidos y compartidos con la comunidad, incluyen varias inversiones y acciones y hoy ya se iniciaron la renovaci\u00f3n de las c\u00e1maras de televigilancia de la ciudad de San Felipe, as\u00ed que nosotros agradecemos el aporte del municipio a trav\u00e9s de su oficina de seguridad p\u00fablica y destacar tambi\u00e9n la inversi\u00f3n que tiene el Gobierno en estas c\u00e1mara de seguridad, adem\u00e1s que esto fue priorizado por los vecinos y vecinas\u201d, subray\u00f3 la m\u00e1xima autoridad provincial.<\/p>\n","protected":false},"excerpt":{"rendered":"<p>Ubicadas en distintos puntos del centro de la ciudad:\u00a0Con una inversi\u00f3n cercana a los 30 millones de pesos, el sistema ser\u00e1 dotado de nuevos soportes y las c\u00e1maras quedar\u00e1n instaladas en las&#8230;<\/p>\n","protected":false},"author":482,"featured_media":77582,"comment_status":"open","ping_status":"open","sticky":false,"template":"","format":"standard","meta":{"advanced_seo_description":"","jetpack_seo_html_title":"","jetpack_seo_noindex":false,"_jetpack_memberships_contains_paid_content":false,"footnotes":""},"categories":[1],"tags":[],"class_list":["post-77581","post","type-post","status-publish","format-standard","has-post-thumbnail","hentry","category-cronica"],"jetpack_featured_media_url":"https:\/\/i0.wp.com\/eltrabajo.cl\/portal\/wp-content\/uploads\/2017\/03\/distribucion-de-camaras-1.jpg?fit=580%2C349&ssl=1","jetpack_sharing_enabled":true,"jetpack_likes_enabled":true,"jetpack-related-posts":[],"_links":{"self":[{"href":"https:\/\/eltrabajo.cl\/portal\/wp-json\/wp\/v2\/posts\/77581","targetHints":{"allow":["GET"]}}],"collection":[{"href":"https:\/\/eltrabajo.cl\/portal\/wp-json\/wp\/v2\/posts"}],"about":[{"href":"https:\/\/eltrabajo.cl\/portal\/wp-json\/wp\/v2\/types\/post"}],"author":[{"embeddable":true,"href":"https:\/\/eltrabajo.cl\/portal\/wp-json\/wp\/v2\/users\/482"}],"replies":[{"embeddable":true,"href":"https:\/\/eltrabajo.cl\/portal\/wp-json\/wp\/v2\/comments?post=77581"}],"version-history":[{"count":0,"href":"https:\/\/eltrabajo.cl\/portal\/wp-json\/wp\/v2\/posts\/77581\/revisions"}],"wp:featuredmedia":[{"embeddable":true,"href":"https:\/\/eltrabajo.cl\/portal\/wp-json\/wp\/v2\/media\/77582"}],"wp:attachment":[{"href":"https:\/\/eltrabajo.cl\/portal\/wp-json\/wp\/v2\/media?parent=77581"}],"wp:term":[{"taxonomy":"category","embeddable":true,"href":"https:\/\/eltrabajo.cl\/portal\/wp-json\/wp\/v2\/categories?post=77581"},{"taxonomy":"post_tag","embeddable":true,"href":"https:\/\/eltrabajo.cl\/portal\/wp-json\/wp\/v2\/tags?post=77581"}],"curies":[{"name":"wp","href":"https:\/\/api.w.org\/{rel}","templated":true}]}}