{"id":77584,"date":"2017-03-03T07:58:01","date_gmt":"2017-03-03T11:58:01","guid":{"rendered":"http:\/\/www.eltrabajo.cl\/2017\/?p=77584"},"modified":"2017-03-03T07:58:01","modified_gmt":"2017-03-03T11:58:01","slug":"camiones-de-alto-tonelaje-estan-destruyendo-las-calles-de-bellavista","status":"publish","type":"post","link":"https:\/\/eltrabajo.cl\/portal\/camiones-de-alto-tonelaje-estan-destruyendo-las-calles-de-bellavista\/","title":{"rendered":"Camiones de alto tonelaje est\u00e1n destruyendo las calles de Bellavista"},"content":{"rendered":"<figure id=\"attachment_77585\" aria-describedby=\"caption-attachment-77585\" style=\"width: 580px\" class=\"wp-caption alignnone\"><img data-recalc-dims=\"1\" loading=\"lazy\" decoding=\"async\" class=\"size-full wp-image-77585\" src=\"https:\/\/i0.wp.com\/www.eltrabajo.cl\/portal\/wp-content\/uploads\/2017\/03\/Arturo-Herrera-Allendes-Presidente-JV-Bellavista-Unidad-37-1.jpg?resize=580%2C349\" alt=\"Arturo Herrera Allendes, Presidente de la Junta de Vecinos de Bellavista Unidad 37.\" width=\"580\" height=\"349\" srcset=\"https:\/\/i0.wp.com\/eltrabajo.cl\/portal\/wp-content\/uploads\/2017\/03\/Arturo-Herrera-Allendes-Presidente-JV-Bellavista-Unidad-37-1.jpg?w=580&amp;ssl=1 580w, https:\/\/i0.wp.com\/eltrabajo.cl\/portal\/wp-content\/uploads\/2017\/03\/Arturo-Herrera-Allendes-Presidente-JV-Bellavista-Unidad-37-1.jpg?resize=200%2C120&amp;ssl=1 200w, https:\/\/i0.wp.com\/eltrabajo.cl\/portal\/wp-content\/uploads\/2017\/03\/Arturo-Herrera-Allendes-Presidente-JV-Bellavista-Unidad-37-1.jpg?resize=300%2C181&amp;ssl=1 300w, https:\/\/i0.wp.com\/eltrabajo.cl\/portal\/wp-content\/uploads\/2017\/03\/Arturo-Herrera-Allendes-Presidente-JV-Bellavista-Unidad-37-1.jpg?resize=249%2C150&amp;ssl=1 249w, https:\/\/i0.wp.com\/eltrabajo.cl\/portal\/wp-content\/uploads\/2017\/03\/Arturo-Herrera-Allendes-Presidente-JV-Bellavista-Unidad-37-1.jpg?resize=400%2C241&amp;ssl=1 400w\" sizes=\"auto, (max-width: 580px) 100vw, 580px\" \/><figcaption id=\"caption-attachment-77585\" class=\"wp-caption-text\">Arturo Herrera Allendes, Presidente de la Junta de Vecinos de Bellavista Unidad 37.<\/figcaption><\/figure>\n<ul>\n<li><strong><span style=\"color: #ff0000;\">Asfaltos fueron financiados por los vecinos:<\/span>\u00a0Denuncian que el excesivo tr\u00e1nsito de camiones de alto tonelaje est\u00e1 destruyendo el asfalto construido con mucho esfuerzo por los vecinos<\/strong><\/li>\n<\/ul>\n<p>Un grave problema est\u00e1n viviendo los vecinos del sector de Bellavista relacionado con el colapso vehicular que est\u00e1n enfrentando debido al paso de camiones de alto tonelaje por las calles del sector, como son Los Inquilinos y Blas Ca\u00f1as, que est\u00e1 destruyendo el asfalto construido con mucho esfuerzo por los vecinos del lugar.<br \/>\nAs\u00ed lo dio a conocer el presidente de la Junta de Vecinos de Bellavista Unidad 37, Arturo Herrera Allendes, quien dijo que est\u00e1n viendo como su asfalto que pagaron en forma compartida con el Estado, se est\u00e1 destruyendo: \u00abPlata de los vecinos que en su momento se junt\u00f3 con mucho esfuerzo, hoy en d\u00eda camiones de alto tonelaje m\u00e1s o menos de treinta toneladas, lo est\u00e1n deteriorando\u00bb, se\u00f1ala.<br \/>\nSeg\u00fan el dirigente, los camiones que est\u00e1n provocando estos da\u00f1os en sus calles, son los que se dirigen hacia el fundo Bellavista de propiedad de Corpora, tanto de los contratistas como autos, micros, furgones que trasladan personal.<br \/>\nReclama que no hay respeto para nadie, \u00absobre todo en cuanto a la velocidad, nosotros tenemos el colegio a la pasada, ahora estamos mandando unas notas a la gobernaci\u00f3n como a la municipalidad porque estamos solicitando una reuni\u00f3n en terreno para ver estas anomal\u00edas que se nos est\u00e1n presentando en estos d\u00edas\u00bb, se\u00f1ala Herrera.<br \/>\nA\u00f1ade que esta preocupaci\u00f3n aumenta teniendo en cuenta que este lunes se inicia el a\u00f1o escolar, especialmente por parte de los vecinos que van a dejar sus hijos al colegio y deben transitan por calles como Estero Seco, Los Inquilinos, Blas Ca\u00f1as.<br \/>\nComo directiva del sector dice que el alto flujo vehicular los tiene preocupados.<br \/>\nPor eso reitera que enviaron las notas a las autoridades para que haya m\u00e1s respeto por el peat\u00f3n y por los vecinos de Bellavista: \u00abEse es el grave problema que tenemos ahora, porque a la entrada del sector ya ha habido colisiones, donde destrozaron una se\u00f1al\u00e9tica del arreglo de asfalto de calle Estero Seco, tambi\u00e9n han chocado portones de entrada a casas de vecinos, entonces hoy en d\u00eda el gran flujo vehicular es un problema mayoritariamente en Bellavista\u00bb, dijo el dirigente.<br \/>\nReiter\u00f3 que esperan que a trav\u00e9s de las cartas enviadas a las autoridades se apersonen en el lugar y conozcan en terreno la situaci\u00f3n para buscarle una soluci\u00f3n.<br \/>\nLas cartas fueron entregadas este mi\u00e9rcoles en la ma\u00f1ana en las dos dependencias.<\/p>\n","protected":false},"excerpt":{"rendered":"<p>Asfaltos fueron financiados por los vecinos:\u00a0Denuncian que el excesivo tr\u00e1nsito de camiones de alto tonelaje est\u00e1 destruyendo el asfalto construido con mucho esfuerzo por los vecinos Un grave problema est\u00e1n viviendo los&#8230;<\/p>\n","protected":false},"author":482,"featured_media":77585,"comment_status":"open","ping_status":"open","sticky":false,"template":"","format":"standard","meta":{"advanced_seo_description":"","jetpack_seo_html_title":"","jetpack_seo_noindex":false,"_jetpack_memberships_contains_paid_content":false,"footnotes":""},"categories":[15],"tags":[],"class_list":["post-77584","post","type-post","status-publish","format-standard","has-post-thumbnail","hentry","category-comunidad"],"jetpack_featured_media_url":"https:\/\/i0.wp.com\/eltrabajo.cl\/portal\/wp-content\/uploads\/2017\/03\/Arturo-Herrera-Allendes-Presidente-JV-Bellavista-Unidad-37-1.jpg?fit=580%2C349&ssl=1","jetpack_sharing_enabled":true,"jetpack_likes_enabled":true,"jetpack-related-posts":[],"_links":{"self":[{"href":"https:\/\/eltrabajo.cl\/portal\/wp-json\/wp\/v2\/posts\/77584","targetHints":{"allow":["GET"]}}],"collection":[{"href":"https:\/\/eltrabajo.cl\/portal\/wp-json\/wp\/v2\/posts"}],"about":[{"href":"https:\/\/eltrabajo.cl\/portal\/wp-json\/wp\/v2\/types\/post"}],"author":[{"embeddable":true,"href":"https:\/\/eltrabajo.cl\/portal\/wp-json\/wp\/v2\/users\/482"}],"replies":[{"embeddable":true,"href":"https:\/\/eltrabajo.cl\/portal\/wp-json\/wp\/v2\/comments?post=77584"}],"version-history":[{"count":0,"href":"https:\/\/eltrabajo.cl\/portal\/wp-json\/wp\/v2\/posts\/77584\/revisions"}],"wp:featuredmedia":[{"embeddable":true,"href":"https:\/\/eltrabajo.cl\/portal\/wp-json\/wp\/v2\/media\/77585"}],"wp:attachment":[{"href":"https:\/\/eltrabajo.cl\/portal\/wp-json\/wp\/v2\/media?parent=77584"}],"wp:term":[{"taxonomy":"category","embeddable":true,"href":"https:\/\/eltrabajo.cl\/portal\/wp-json\/wp\/v2\/categories?post=77584"},{"taxonomy":"post_tag","embeddable":true,"href":"https:\/\/eltrabajo.cl\/portal\/wp-json\/wp\/v2\/tags?post=77584"}],"curies":[{"name":"wp","href":"https:\/\/api.w.org\/{rel}","templated":true}]}}