{"id":77587,"date":"2017-03-03T08:00:30","date_gmt":"2017-03-03T12:00:30","guid":{"rendered":"http:\/\/www.eltrabajo.cl\/2017\/?p=77587"},"modified":"2017-03-03T08:00:30","modified_gmt":"2017-03-03T12:00:30","slug":"ojo-con-cortes-de-transito-el-lunes","status":"publish","type":"post","link":"https:\/\/eltrabajo.cl\/portal\/ojo-con-cortes-de-transito-el-lunes\/","title":{"rendered":"Ojo con cortes de tr\u00e1nsito el lunes"},"content":{"rendered":"<ul>\n<li><span style=\"color: #ff0000;\"><strong>Planifique su ruta:<\/strong><\/span><\/li>\n<\/ul>\n<p>Como ya todo el mundo sabe, este lunes 6 de marzo se reinicia el a\u00f1o escolar en la inmensa mayor\u00eda de los establecimientos educacionales, donde volver\u00e1n a vivirse los tacos y atochamientos que provoca el aumento del flijo vehicular. La situaci\u00f3n obviamente se ver\u00e1 agravada por los cortes de tr\u00e1nsito que se han realizado en diferentes puntos de la ciudad.<br \/>\nDe acuerdo a informaci\u00f3n actualizada conseguida por este medio de comunicaci\u00f3n, a partir de este lunes la sitiuaci\u00f3n que se vivir\u00e1 con los corters de tr\u00e1nsito queda graficada en la siguiente infograf\u00eda.<br \/>\nDem\u00e1s est\u00e1 decir que verifique y planifique sus rutas para llevar a sus hijos a la escuela, ya que miles de conductores estar\u00e1n igual que usted, deseando llegar luego a destino.<\/p>\n<figure id=\"attachment_77588\" aria-describedby=\"caption-attachment-77588\" style=\"width: 579px\" class=\"wp-caption alignnone\"><img data-recalc-dims=\"1\" loading=\"lazy\" decoding=\"async\" class=\"size-full wp-image-77588\" src=\"https:\/\/i0.wp.com\/www.eltrabajo.cl\/portal\/wp-content\/uploads\/2017\/03\/cortes-de-transito-2-1.jpg?resize=579%2C643\" alt=\"Cortes de tr\u00e1nsito por ciclov\u00edas.\" width=\"579\" height=\"643\" srcset=\"https:\/\/i0.wp.com\/eltrabajo.cl\/portal\/wp-content\/uploads\/2017\/03\/cortes-de-transito-2-1.jpg?w=579&amp;ssl=1 579w, https:\/\/i0.wp.com\/eltrabajo.cl\/portal\/wp-content\/uploads\/2017\/03\/cortes-de-transito-2-1.jpg?resize=135%2C150&amp;ssl=1 135w, https:\/\/i0.wp.com\/eltrabajo.cl\/portal\/wp-content\/uploads\/2017\/03\/cortes-de-transito-2-1.jpg?resize=270%2C300&amp;ssl=1 270w, https:\/\/i0.wp.com\/eltrabajo.cl\/portal\/wp-content\/uploads\/2017\/03\/cortes-de-transito-2-1.jpg?resize=400%2C444&amp;ssl=1 400w\" sizes=\"auto, (max-width: 579px) 100vw, 579px\" \/><figcaption id=\"caption-attachment-77588\" class=\"wp-caption-text\">Cortes de tr\u00e1nsito por ciclov\u00edas.<\/figcaption><\/figure>\n","protected":false},"excerpt":{"rendered":"<p>Planifique su ruta: Como ya todo el mundo sabe, este lunes 6 de marzo se reinicia el a\u00f1o escolar en la inmensa mayor\u00eda de los establecimientos educacionales, donde volver\u00e1n a vivirse los&#8230;<\/p>\n","protected":false},"author":482,"featured_media":77589,"comment_status":"open","ping_status":"open","sticky":false,"template":"","format":"standard","meta":{"advanced_seo_description":"","jetpack_seo_html_title":"","jetpack_seo_noindex":false,"_jetpack_memberships_contains_paid_content":false,"footnotes":""},"categories":[15],"tags":[],"class_list":["post-77587","post","type-post","status-publish","format-standard","has-post-thumbnail","hentry","category-comunidad"],"jetpack_featured_media_url":"https:\/\/i0.wp.com\/eltrabajo.cl\/portal\/wp-content\/uploads\/2017\/03\/cortes-de-transito-1.jpg?fit=580%2C348&ssl=1","jetpack_sharing_enabled":true,"jetpack_likes_enabled":true,"jetpack-related-posts":[],"_links":{"self":[{"href":"https:\/\/eltrabajo.cl\/portal\/wp-json\/wp\/v2\/posts\/77587","targetHints":{"allow":["GET"]}}],"collection":[{"href":"https:\/\/eltrabajo.cl\/portal\/wp-json\/wp\/v2\/posts"}],"about":[{"href":"https:\/\/eltrabajo.cl\/portal\/wp-json\/wp\/v2\/types\/post"}],"author":[{"embeddable":true,"href":"https:\/\/eltrabajo.cl\/portal\/wp-json\/wp\/v2\/users\/482"}],"replies":[{"embeddable":true,"href":"https:\/\/eltrabajo.cl\/portal\/wp-json\/wp\/v2\/comments?post=77587"}],"version-history":[{"count":0,"href":"https:\/\/eltrabajo.cl\/portal\/wp-json\/wp\/v2\/posts\/77587\/revisions"}],"wp:featuredmedia":[{"embeddable":true,"href":"https:\/\/eltrabajo.cl\/portal\/wp-json\/wp\/v2\/media\/77589"}],"wp:attachment":[{"href":"https:\/\/eltrabajo.cl\/portal\/wp-json\/wp\/v2\/media?parent=77587"}],"wp:term":[{"taxonomy":"category","embeddable":true,"href":"https:\/\/eltrabajo.cl\/portal\/wp-json\/wp\/v2\/categories?post=77587"},{"taxonomy":"post_tag","embeddable":true,"href":"https:\/\/eltrabajo.cl\/portal\/wp-json\/wp\/v2\/tags?post=77587"}],"curies":[{"name":"wp","href":"https:\/\/api.w.org\/{rel}","templated":true}]}}