{"id":77591,"date":"2017-03-03T08:02:15","date_gmt":"2017-03-03T12:02:15","guid":{"rendered":"http:\/\/www.eltrabajo.cl\/2017\/?p=77591"},"modified":"2017-03-03T08:02:15","modified_gmt":"2017-03-03T12:02:15","slug":"natali-rosas-hoy-emprende-vuelo-hacia-otro-sueno-mundial","status":"publish","type":"post","link":"https:\/\/eltrabajo.cl\/portal\/natali-rosas-hoy-emprende-vuelo-hacia-otro-sueno-mundial\/","title":{"rendered":"Natali Rosas hoy emprende vuelo hacia otro sue\u00f1o mundial"},"content":{"rendered":"<figure id=\"attachment_77592\" aria-describedby=\"caption-attachment-77592\" style=\"width: 580px\" class=\"wp-caption alignnone\"><img data-recalc-dims=\"1\" loading=\"lazy\" decoding=\"async\" class=\"size-full wp-image-77592\" src=\"https:\/\/i0.wp.com\/www.eltrabajo.cl\/portal\/wp-content\/uploads\/2017\/03\/natali-rosas-1.jpg?resize=580%2C348\" alt=\"La atleta santamariana tiene como meta estar dentro de las 10 mejores en Paraguay.\" width=\"580\" height=\"348\" srcset=\"https:\/\/i0.wp.com\/eltrabajo.cl\/portal\/wp-content\/uploads\/2017\/03\/natali-rosas-1.jpg?w=580&amp;ssl=1 580w, https:\/\/i0.wp.com\/eltrabajo.cl\/portal\/wp-content\/uploads\/2017\/03\/natali-rosas-1.jpg?resize=200%2C120&amp;ssl=1 200w, https:\/\/i0.wp.com\/eltrabajo.cl\/portal\/wp-content\/uploads\/2017\/03\/natali-rosas-1.jpg?resize=300%2C180&amp;ssl=1 300w, https:\/\/i0.wp.com\/eltrabajo.cl\/portal\/wp-content\/uploads\/2017\/03\/natali-rosas-1.jpg?resize=250%2C150&amp;ssl=1 250w, https:\/\/i0.wp.com\/eltrabajo.cl\/portal\/wp-content\/uploads\/2017\/03\/natali-rosas-1.jpg?resize=400%2C240&amp;ssl=1 400w\" sizes=\"auto, (max-width: 580px) 100vw, 580px\" \/><figcaption id=\"caption-attachment-77592\" class=\"wp-caption-text\">La atleta santamariana tiene como meta estar dentro de las 10 mejores en Paraguay.<\/figcaption><\/figure>\n<p>A primera hora de hoy, Natali Rosas emprender\u00e1 viaje rumbo a Paraguay, pa\u00eds en el cual intervendr\u00e1 en la primera fecha del Circuito Mundial de Deporte Aventura.<br \/>\nLa extenuante prueba de resistencia contempla 600 kil\u00f3metros Non Stop distribuidos en las disciplinas del Treking, kayaks, Mountain Bike, Cuerda y Orientaci\u00f3n, prueba vital al definir el futuro de competidores, ya que un error los puede hacer perder tiempo reduciendo sus posibilidades de quedar entre los mejores.<br \/>\nLa santamariana, que ser\u00e1 la \u00fanica chilena en la carrera, una vez m\u00e1s ser\u00e1 parte del team Sportotal junto a tres argentinos, con los que intentar\u00e1 dar batalla en un universo de 40 equipos, todos de elite al tratarse de un mundial. \u201cIntentaremos posicionarnos dentro de los 10 mejores, ahora esperamos que toda la preparaci\u00f3n y experiencia est\u00e9 de nuestro lado; viajamos con harta anticipaci\u00f3n debido a que la organizaci\u00f3n chequea todo el material antes de iniciarse la competencia\u201d, cont\u00f3 Natalia El Trabajo Deportivo.<br \/>\nAntes de subirse al avi\u00f3n que la llevar\u00e1 hasta la capital de Paraguay, la deportista aprovech\u00f3 de agradecer la gesti\u00f3n de Felipe L\u00f3pez en la compra de los pasajes, el respaldo de la Ilustre Municipalidad de Santa Mar\u00eda y el apoyo incondicional que le brinda Diario El Trabajo.<\/p>\n","protected":false},"excerpt":{"rendered":"<p>A primera hora de hoy, Natali Rosas emprender\u00e1 viaje rumbo a Paraguay, pa\u00eds en el cual intervendr\u00e1 en la primera fecha del Circuito Mundial de Deporte Aventura. La extenuante prueba de resistencia&#8230;<\/p>\n","protected":false},"author":482,"featured_media":77592,"comment_status":"open","ping_status":"open","sticky":false,"template":"","format":"standard","meta":{"advanced_seo_description":"","jetpack_seo_html_title":"","jetpack_seo_noindex":false,"_jetpack_memberships_contains_paid_content":false,"footnotes":""},"categories":[19],"tags":[],"class_list":["post-77591","post","type-post","status-publish","format-standard","has-post-thumbnail","hentry","category-deportes"],"jetpack_featured_media_url":"https:\/\/i0.wp.com\/eltrabajo.cl\/portal\/wp-content\/uploads\/2017\/03\/natali-rosas-1.jpg?fit=580%2C348&ssl=1","jetpack_sharing_enabled":true,"jetpack_likes_enabled":true,"jetpack-related-posts":[],"_links":{"self":[{"href":"https:\/\/eltrabajo.cl\/portal\/wp-json\/wp\/v2\/posts\/77591","targetHints":{"allow":["GET"]}}],"collection":[{"href":"https:\/\/eltrabajo.cl\/portal\/wp-json\/wp\/v2\/posts"}],"about":[{"href":"https:\/\/eltrabajo.cl\/portal\/wp-json\/wp\/v2\/types\/post"}],"author":[{"embeddable":true,"href":"https:\/\/eltrabajo.cl\/portal\/wp-json\/wp\/v2\/users\/482"}],"replies":[{"embeddable":true,"href":"https:\/\/eltrabajo.cl\/portal\/wp-json\/wp\/v2\/comments?post=77591"}],"version-history":[{"count":0,"href":"https:\/\/eltrabajo.cl\/portal\/wp-json\/wp\/v2\/posts\/77591\/revisions"}],"wp:featuredmedia":[{"embeddable":true,"href":"https:\/\/eltrabajo.cl\/portal\/wp-json\/wp\/v2\/media\/77592"}],"wp:attachment":[{"href":"https:\/\/eltrabajo.cl\/portal\/wp-json\/wp\/v2\/media?parent=77591"}],"wp:term":[{"taxonomy":"category","embeddable":true,"href":"https:\/\/eltrabajo.cl\/portal\/wp-json\/wp\/v2\/categories?post=77591"},{"taxonomy":"post_tag","embeddable":true,"href":"https:\/\/eltrabajo.cl\/portal\/wp-json\/wp\/v2\/tags?post=77591"}],"curies":[{"name":"wp","href":"https:\/\/api.w.org\/{rel}","templated":true}]}}