{"id":77597,"date":"2017-03-03T08:06:37","date_gmt":"2017-03-03T12:06:37","guid":{"rendered":"http:\/\/www.eltrabajo.cl\/2017\/?p=77597"},"modified":"2017-03-03T08:06:37","modified_gmt":"2017-03-03T12:06:37","slug":"enjambre-de-peligrosas-avispas-se-instalo-frente-a-la-puerta-de-su-casa","status":"publish","type":"post","link":"https:\/\/eltrabajo.cl\/portal\/enjambre-de-peligrosas-avispas-se-instalo-frente-a-la-puerta-de-su-casa\/","title":{"rendered":"Enjambre de peligrosas avispas se instal\u00f3 frente a la puerta de su casa"},"content":{"rendered":"<figure id=\"attachment_77599\" aria-describedby=\"caption-attachment-77599\" style=\"width: 580px\" class=\"wp-caption alignnone\"><img data-recalc-dims=\"1\" loading=\"lazy\" decoding=\"async\" class=\"size-full wp-image-77599\" src=\"https:\/\/i0.wp.com\/www.eltrabajo.cl\/portal\/wp-content\/uploads\/2017\/03\/Avispas-Familia33-1.jpg?resize=580%2C349\" alt=\"Esta familia de Villa Los \u00c1lamos se siente amenazada por este enjambre (en el c\u00edrculo rojo), el que a veces se alborota y ataca a las mascotas.\" width=\"580\" height=\"349\" srcset=\"https:\/\/i0.wp.com\/eltrabajo.cl\/portal\/wp-content\/uploads\/2017\/03\/Avispas-Familia33-1.jpg?w=580&amp;ssl=1 580w, https:\/\/i0.wp.com\/eltrabajo.cl\/portal\/wp-content\/uploads\/2017\/03\/Avispas-Familia33-1.jpg?resize=200%2C120&amp;ssl=1 200w, https:\/\/i0.wp.com\/eltrabajo.cl\/portal\/wp-content\/uploads\/2017\/03\/Avispas-Familia33-1.jpg?resize=300%2C181&amp;ssl=1 300w, https:\/\/i0.wp.com\/eltrabajo.cl\/portal\/wp-content\/uploads\/2017\/03\/Avispas-Familia33-1.jpg?resize=249%2C150&amp;ssl=1 249w, https:\/\/i0.wp.com\/eltrabajo.cl\/portal\/wp-content\/uploads\/2017\/03\/Avispas-Familia33-1.jpg?resize=400%2C241&amp;ssl=1 400w\" sizes=\"auto, (max-width: 580px) 100vw, 580px\" \/><figcaption id=\"caption-attachment-77599\" class=\"wp-caption-text\">Esta familia de Villa Los \u00c1lamos se siente amenazada por este enjambre (en el c\u00edrculo rojo), el que a veces se alborota y ataca a las mascotas.<\/figcaption><\/figure>\n<ul>\n<li><span style=\"color: #ff0000;\"><strong>Vecinos denuncian que nadie les ayuda a erradicarlas:<\/strong><\/span><\/li>\n<\/ul>\n<p>Muy preocupados est\u00e1n los integrantes de una familia sanfelipe\u00f1a, vecinos de Villa Los \u00c1lamos, luego que desde la tarde del martes llegaran a instalarse en una rama del arbolito frente a la entrada de su casa, varios miles de avispas, las que ya est\u00e1n creando su panal y de las que estos vecinos desconocen su naturaleza o raza.<\/p>\n<p><strong>VECINAS PELIGROSAS<\/strong><br \/>\n\u00abNo pod\u00edamos creer lo que estamos viendo, resulta que nuestra gata \u2018Carlota\u2019, para subirse al techo, ella sube por este \u00e1rbol, fue entonces la tarde del martes cuando las avispas atacaron a nuestra gatita y nuestra mascota, como no conoce las avispas, intentaba atacar tambi\u00e9n el enjambre, generando as\u00ed que m\u00e1s la atacaran y ella saliera huyendo de la casa\u00bb, explic\u00f3 a Diario El Trabajo do\u00f1a Margarita Mu\u00f1oz \u00c1vila, due\u00f1a de casa afectada.<br \/>\nPor su parte el hermano de ella, Luis Mu\u00f1oz, indic\u00f3 que \u00abyo llam\u00e9 al SAG, pero por tel\u00e9fono me indicaron que ellos s\u00f3lo atienden plagas y emergencias que tengan que ver con el Agro. En la municipalidad tambi\u00e9n me indicaron que ellos no atienden esta clase de situaciones, es por eso que solicito a alguna autoridad competente para que nos quiten estos bichos, pues los dos ni\u00f1os de la casa son al\u00e9rgicos a las picaduras de insectos\u00bb, dijo Luis.<br \/>\nLas autoridades o expertos en esta clase de temas, que quieran ayudar a erradicar estas avispas de ese lugar, pueden llamar a do\u00f1a Margarita al 975345575.<br \/>\n<strong>Roberto Gonz\u00e1lez Short<\/strong><\/p>\n<figure id=\"attachment_77598\" aria-describedby=\"caption-attachment-77598\" style=\"width: 580px\" class=\"wp-caption alignnone\"><img data-recalc-dims=\"1\" loading=\"lazy\" decoding=\"async\" class=\"size-full wp-image-77598\" src=\"https:\/\/i0.wp.com\/www.eltrabajo.cl\/portal\/wp-content\/uploads\/2017\/03\/Avispas-Carlota87-1.jpg?resize=580%2C349\" alt=\"CARLOTA AGREDIDA.- Ya un poco m\u00e1s repuesta tras las picaduras de estas agresivas avispas, la gatita Carlota decidi\u00f3 regresar a casa, pues durmi\u00f3 dos noches en la calle.\" width=\"580\" height=\"349\" srcset=\"https:\/\/i0.wp.com\/eltrabajo.cl\/portal\/wp-content\/uploads\/2017\/03\/Avispas-Carlota87-1.jpg?w=580&amp;ssl=1 580w, https:\/\/i0.wp.com\/eltrabajo.cl\/portal\/wp-content\/uploads\/2017\/03\/Avispas-Carlota87-1.jpg?resize=200%2C120&amp;ssl=1 200w, https:\/\/i0.wp.com\/eltrabajo.cl\/portal\/wp-content\/uploads\/2017\/03\/Avispas-Carlota87-1.jpg?resize=300%2C181&amp;ssl=1 300w, https:\/\/i0.wp.com\/eltrabajo.cl\/portal\/wp-content\/uploads\/2017\/03\/Avispas-Carlota87-1.jpg?resize=249%2C150&amp;ssl=1 249w, https:\/\/i0.wp.com\/eltrabajo.cl\/portal\/wp-content\/uploads\/2017\/03\/Avispas-Carlota87-1.jpg?resize=400%2C241&amp;ssl=1 400w\" sizes=\"auto, (max-width: 580px) 100vw, 580px\" \/><figcaption id=\"caption-attachment-77598\" class=\"wp-caption-text\">CARLOTA AGREDIDA.- Ya un poco m\u00e1s repuesta tras las picaduras de estas agresivas avispas, la gatita Carlota decidi\u00f3 regresar a casa, pues durmi\u00f3 dos noches en la calle.<\/figcaption><\/figure>\n<figure id=\"attachment_77600\" aria-describedby=\"caption-attachment-77600\" style=\"width: 580px\" class=\"wp-caption alignnone\"><img data-recalc-dims=\"1\" loading=\"lazy\" decoding=\"async\" class=\"size-full wp-image-77600\" src=\"https:\/\/i0.wp.com\/www.eltrabajo.cl\/portal\/wp-content\/uploads\/2017\/03\/Avispas33-1.jpg?resize=580%2C348\" alt=\"AVISPAS AL ASECHO.- Aunque les han echado veneno, agua y las han espantado varias veces con fuego, este enjambre de abejas regresa a instalarse en esa rama, frente a la puerta de esa vivienda.\" width=\"580\" height=\"348\" srcset=\"https:\/\/i0.wp.com\/eltrabajo.cl\/portal\/wp-content\/uploads\/2017\/03\/Avispas33-1.jpg?w=580&amp;ssl=1 580w, https:\/\/i0.wp.com\/eltrabajo.cl\/portal\/wp-content\/uploads\/2017\/03\/Avispas33-1.jpg?resize=200%2C120&amp;ssl=1 200w, https:\/\/i0.wp.com\/eltrabajo.cl\/portal\/wp-content\/uploads\/2017\/03\/Avispas33-1.jpg?resize=300%2C180&amp;ssl=1 300w, https:\/\/i0.wp.com\/eltrabajo.cl\/portal\/wp-content\/uploads\/2017\/03\/Avispas33-1.jpg?resize=250%2C150&amp;ssl=1 250w, https:\/\/i0.wp.com\/eltrabajo.cl\/portal\/wp-content\/uploads\/2017\/03\/Avispas33-1.jpg?resize=400%2C240&amp;ssl=1 400w\" sizes=\"auto, (max-width: 580px) 100vw, 580px\" \/><figcaption id=\"caption-attachment-77600\" class=\"wp-caption-text\">AVISPAS AL ASECHO.- Aunque les han echado veneno, agua y las han espantado varias veces con fuego, este enjambre de abejas regresa a instalarse en esa rama, frente a la puerta de esa vivienda.<\/figcaption><\/figure>\n","protected":false},"excerpt":{"rendered":"<p>Vecinos denuncian que nadie les ayuda a erradicarlas: Muy preocupados est\u00e1n los integrantes de una familia sanfelipe\u00f1a, vecinos de Villa Los \u00c1lamos, luego que desde la tarde del martes llegaran a instalarse&#8230;<\/p>\n","protected":false},"author":482,"featured_media":77600,"comment_status":"open","ping_status":"open","sticky":false,"template":"","format":"standard","meta":{"advanced_seo_description":"","jetpack_seo_html_title":"","jetpack_seo_noindex":false,"_jetpack_memberships_contains_paid_content":false,"footnotes":""},"categories":[15],"tags":[],"class_list":["post-77597","post","type-post","status-publish","format-standard","has-post-thumbnail","hentry","category-comunidad"],"jetpack_featured_media_url":"https:\/\/i0.wp.com\/eltrabajo.cl\/portal\/wp-content\/uploads\/2017\/03\/Avispas33-1.jpg?fit=580%2C348&ssl=1","jetpack_sharing_enabled":true,"jetpack_likes_enabled":true,"jetpack-related-posts":[],"_links":{"self":[{"href":"https:\/\/eltrabajo.cl\/portal\/wp-json\/wp\/v2\/posts\/77597","targetHints":{"allow":["GET"]}}],"collection":[{"href":"https:\/\/eltrabajo.cl\/portal\/wp-json\/wp\/v2\/posts"}],"about":[{"href":"https:\/\/eltrabajo.cl\/portal\/wp-json\/wp\/v2\/types\/post"}],"author":[{"embeddable":true,"href":"https:\/\/eltrabajo.cl\/portal\/wp-json\/wp\/v2\/users\/482"}],"replies":[{"embeddable":true,"href":"https:\/\/eltrabajo.cl\/portal\/wp-json\/wp\/v2\/comments?post=77597"}],"version-history":[{"count":0,"href":"https:\/\/eltrabajo.cl\/portal\/wp-json\/wp\/v2\/posts\/77597\/revisions"}],"wp:featuredmedia":[{"embeddable":true,"href":"https:\/\/eltrabajo.cl\/portal\/wp-json\/wp\/v2\/media\/77600"}],"wp:attachment":[{"href":"https:\/\/eltrabajo.cl\/portal\/wp-json\/wp\/v2\/media?parent=77597"}],"wp:term":[{"taxonomy":"category","embeddable":true,"href":"https:\/\/eltrabajo.cl\/portal\/wp-json\/wp\/v2\/categories?post=77597"},{"taxonomy":"post_tag","embeddable":true,"href":"https:\/\/eltrabajo.cl\/portal\/wp-json\/wp\/v2\/tags?post=77597"}],"curies":[{"name":"wp","href":"https:\/\/api.w.org\/{rel}","templated":true}]}}