{"id":77614,"date":"2017-03-06T07:40:44","date_gmt":"2017-03-06T11:40:44","guid":{"rendered":"http:\/\/www.eltrabajo.cl\/2017\/?p=77614"},"modified":"2017-03-06T07:40:44","modified_gmt":"2017-03-06T11:40:44","slug":"cuarta-compania-de-bomberos-gano-la-copa-selim-tadre-2017","status":"publish","type":"post","link":"https:\/\/eltrabajo.cl\/portal\/cuarta-compania-de-bomberos-gano-la-copa-selim-tadre-2017\/","title":{"rendered":"Cuarta Compa\u00f1\u00eda de Bomberos gan\u00f3 la Copa Selim Tadre 2017"},"content":{"rendered":"<figure id=\"attachment_77616\" aria-describedby=\"caption-attachment-77616\" style=\"width: 580px\" class=\"wp-caption alignnone\"><img data-recalc-dims=\"1\" loading=\"lazy\" decoding=\"async\" class=\"size-full wp-image-77616\" src=\"https:\/\/i0.wp.com\/www.eltrabajo.cl\/portal\/wp-content\/uploads\/2017\/03\/copa-selim-Curimon-1.jpg?resize=580%2C350\" alt=\"LOS ANFITRIONES.- Curim\u00f3n tambi\u00e9n tiene bomberos, y este a\u00f1o esta compa\u00f1\u00eda fue la anfitriona.\" width=\"580\" height=\"350\" srcset=\"https:\/\/i0.wp.com\/eltrabajo.cl\/portal\/wp-content\/uploads\/2017\/03\/copa-selim-Curimon-1.jpg?w=580&amp;ssl=1 580w, https:\/\/i0.wp.com\/eltrabajo.cl\/portal\/wp-content\/uploads\/2017\/03\/copa-selim-Curimon-1.jpg?resize=200%2C121&amp;ssl=1 200w, https:\/\/i0.wp.com\/eltrabajo.cl\/portal\/wp-content\/uploads\/2017\/03\/copa-selim-Curimon-1.jpg?resize=300%2C181&amp;ssl=1 300w, https:\/\/i0.wp.com\/eltrabajo.cl\/portal\/wp-content\/uploads\/2017\/03\/copa-selim-Curimon-1.jpg?resize=249%2C150&amp;ssl=1 249w, https:\/\/i0.wp.com\/eltrabajo.cl\/portal\/wp-content\/uploads\/2017\/03\/copa-selim-Curimon-1.jpg?resize=400%2C241&amp;ssl=1 400w\" sizes=\"auto, (max-width: 580px) 100vw, 580px\" \/><figcaption id=\"caption-attachment-77616\" class=\"wp-caption-text\">LOS ANFITRIONES.- Curim\u00f3n tambi\u00e9n tiene bomberos, y este a\u00f1o esta compa\u00f1\u00eda fue la anfitriona.<\/figcaption><\/figure>\n<ul>\n<li><span style=\"color: #ff0000;\"><strong>Actividad conmemora los 134 a\u00f1os de Bomberos de San Felipe:<\/strong><\/span><\/li>\n<\/ul>\n<p>\u00abEstamos celebrando nuestros 134 a\u00f1os de Bomberos de San Felipe, y es para resaltar nuestro aniversario es que este s\u00e1bado realizamos las siete compa\u00f1\u00edas la 4\u00aa Copa Selim Tadre, la que compromete ejecuci\u00f3n de pruebas de destreza y manejo de material y botar blancos, participan nuestras cuatro compa\u00f1\u00edas de San Felipe, la de Panquehue Curim\u00f3n y 21 de Mayo. Todo este mes de marzo estaremos desarrollando distintas actividades conmemorativas, este a\u00f1o fue la Cuarta Compa\u00f1\u00eda la campeona, ellos tendr\u00e1n en su cuartel la copa durante todo 2017 hasta que un nuevo campe\u00f3n la gane, o esta compa\u00f1\u00eda retenga su t\u00edtulo\u00bb, explic\u00f3 Kissy C\u00e1diz, secretaria general de Bomberos San Felipe a Diario El Trabajo.<br \/>\nTambi\u00e9n cada compa\u00f1\u00eda moviliz\u00f3 a su familia extendida, generando as\u00ed gran efervescencia en las barras que apoyaban a sus bomberos favoritos. Fue en este marco de sana competencia en el que este a\u00f1o la Cuarta Compa\u00f1\u00eda result\u00f3 ganadora de las pruebas, coron\u00e1ndose campeona.<br \/>\n<strong>Roberto Gonz\u00e1lez Short<\/strong><\/p>\n<figure id=\"attachment_77615\" aria-describedby=\"caption-attachment-77615\" style=\"width: 580px\" class=\"wp-caption alignnone\"><img data-recalc-dims=\"1\" loading=\"lazy\" decoding=\"async\" class=\"size-full wp-image-77615\" src=\"https:\/\/i0.wp.com\/www.eltrabajo.cl\/portal\/wp-content\/uploads\/2017\/03\/copa-selim-Campeones-1.jpg?resize=580%2C350\" alt=\"CUARTA COMPA\u00d1\u00cdA.- Esta es la compa\u00f1\u00eda que este a\u00f1o result\u00f3 ganadora de la IV Copa Selim Tadre 2017.\" width=\"580\" height=\"350\" srcset=\"https:\/\/i0.wp.com\/eltrabajo.cl\/portal\/wp-content\/uploads\/2017\/03\/copa-selim-Campeones-1.jpg?w=580&amp;ssl=1 580w, https:\/\/i0.wp.com\/eltrabajo.cl\/portal\/wp-content\/uploads\/2017\/03\/copa-selim-Campeones-1.jpg?resize=200%2C121&amp;ssl=1 200w, https:\/\/i0.wp.com\/eltrabajo.cl\/portal\/wp-content\/uploads\/2017\/03\/copa-selim-Campeones-1.jpg?resize=300%2C181&amp;ssl=1 300w, https:\/\/i0.wp.com\/eltrabajo.cl\/portal\/wp-content\/uploads\/2017\/03\/copa-selim-Campeones-1.jpg?resize=249%2C150&amp;ssl=1 249w, https:\/\/i0.wp.com\/eltrabajo.cl\/portal\/wp-content\/uploads\/2017\/03\/copa-selim-Campeones-1.jpg?resize=400%2C241&amp;ssl=1 400w\" sizes=\"auto, (max-width: 580px) 100vw, 580px\" \/><figcaption id=\"caption-attachment-77615\" class=\"wp-caption-text\">CUARTA COMPA\u00d1\u00cdA.- Esta es la compa\u00f1\u00eda que este a\u00f1o result\u00f3 ganadora de la IV Copa Selim Tadre 2017.<\/figcaption><\/figure>\n<figure id=\"attachment_77618\" aria-describedby=\"caption-attachment-77618\" style=\"width: 580px\" class=\"wp-caption alignnone\"><img data-recalc-dims=\"1\" loading=\"lazy\" decoding=\"async\" class=\"size-full wp-image-77618\" src=\"https:\/\/i0.wp.com\/www.eltrabajo.cl\/portal\/wp-content\/uploads\/2017\/03\/copa-selim-Segunda1-1.jpg?resize=580%2C348\" alt=\"SIEMPRE LA SEGUNDA.- Aqu\u00ed tenemos la familia bomberil de la Segunda Compa\u00f1\u00eda, siempre lista para atender emergencias.\" width=\"580\" height=\"348\" srcset=\"https:\/\/i0.wp.com\/eltrabajo.cl\/portal\/wp-content\/uploads\/2017\/03\/copa-selim-Segunda1-1.jpg?w=580&amp;ssl=1 580w, https:\/\/i0.wp.com\/eltrabajo.cl\/portal\/wp-content\/uploads\/2017\/03\/copa-selim-Segunda1-1.jpg?resize=200%2C120&amp;ssl=1 200w, https:\/\/i0.wp.com\/eltrabajo.cl\/portal\/wp-content\/uploads\/2017\/03\/copa-selim-Segunda1-1.jpg?resize=300%2C180&amp;ssl=1 300w, https:\/\/i0.wp.com\/eltrabajo.cl\/portal\/wp-content\/uploads\/2017\/03\/copa-selim-Segunda1-1.jpg?resize=250%2C150&amp;ssl=1 250w, https:\/\/i0.wp.com\/eltrabajo.cl\/portal\/wp-content\/uploads\/2017\/03\/copa-selim-Segunda1-1.jpg?resize=400%2C240&amp;ssl=1 400w\" sizes=\"auto, (max-width: 580px) 100vw, 580px\" \/><figcaption id=\"caption-attachment-77618\" class=\"wp-caption-text\">SIEMPRE LA SEGUNDA.- Aqu\u00ed tenemos la familia bomberil de la Segunda Compa\u00f1\u00eda, siempre lista para atender emergencias.<\/figcaption><\/figure>\n<figure id=\"attachment_77619\" aria-describedby=\"caption-attachment-77619\" style=\"width: 580px\" class=\"wp-caption alignnone\"><img data-recalc-dims=\"1\" loading=\"lazy\" decoding=\"async\" class=\"size-full wp-image-77619\" src=\"https:\/\/i0.wp.com\/www.eltrabajo.cl\/portal\/wp-content\/uploads\/2017\/03\/copa-selim-Septima-1.jpg?resize=580%2C349\" alt=\"VALENT\u00cdA TOTAL.- Los chicos de la S\u00e9ptima Compa\u00f1\u00eda de Bomberos tambi\u00e9n pusieron empe\u00f1o por esta copa.\" width=\"580\" height=\"349\" srcset=\"https:\/\/i0.wp.com\/eltrabajo.cl\/portal\/wp-content\/uploads\/2017\/03\/copa-selim-Septima-1.jpg?w=580&amp;ssl=1 580w, https:\/\/i0.wp.com\/eltrabajo.cl\/portal\/wp-content\/uploads\/2017\/03\/copa-selim-Septima-1.jpg?resize=200%2C120&amp;ssl=1 200w, https:\/\/i0.wp.com\/eltrabajo.cl\/portal\/wp-content\/uploads\/2017\/03\/copa-selim-Septima-1.jpg?resize=300%2C181&amp;ssl=1 300w, https:\/\/i0.wp.com\/eltrabajo.cl\/portal\/wp-content\/uploads\/2017\/03\/copa-selim-Septima-1.jpg?resize=249%2C150&amp;ssl=1 249w, https:\/\/i0.wp.com\/eltrabajo.cl\/portal\/wp-content\/uploads\/2017\/03\/copa-selim-Septima-1.jpg?resize=400%2C241&amp;ssl=1 400w\" sizes=\"auto, (max-width: 580px) 100vw, 580px\" \/><figcaption id=\"caption-attachment-77619\" class=\"wp-caption-text\">VALENT\u00cdA TOTAL.- Los chicos de la S\u00e9ptima Compa\u00f1\u00eda de Bomberos tambi\u00e9n pusieron empe\u00f1o por esta copa.<\/figcaption><\/figure>\n<figure id=\"attachment_77621\" aria-describedby=\"caption-attachment-77621\" style=\"width: 580px\" class=\"wp-caption alignnone\"><img data-recalc-dims=\"1\" loading=\"lazy\" decoding=\"async\" class=\"size-full wp-image-77621\" src=\"https:\/\/i0.wp.com\/www.eltrabajo.cl\/portal\/wp-content\/uploads\/2017\/03\/copa-selim-Tercera-1.jpg?resize=580%2C350\" alt=\"La Tercera Compa\u00f1\u00eda lo hizo muy bien, pero al final no lograron quedarse con la copa.\" width=\"580\" height=\"350\" srcset=\"https:\/\/i0.wp.com\/eltrabajo.cl\/portal\/wp-content\/uploads\/2017\/03\/copa-selim-Tercera-1.jpg?w=580&amp;ssl=1 580w, https:\/\/i0.wp.com\/eltrabajo.cl\/portal\/wp-content\/uploads\/2017\/03\/copa-selim-Tercera-1.jpg?resize=200%2C121&amp;ssl=1 200w, https:\/\/i0.wp.com\/eltrabajo.cl\/portal\/wp-content\/uploads\/2017\/03\/copa-selim-Tercera-1.jpg?resize=300%2C181&amp;ssl=1 300w, https:\/\/i0.wp.com\/eltrabajo.cl\/portal\/wp-content\/uploads\/2017\/03\/copa-selim-Tercera-1.jpg?resize=249%2C150&amp;ssl=1 249w, https:\/\/i0.wp.com\/eltrabajo.cl\/portal\/wp-content\/uploads\/2017\/03\/copa-selim-Tercera-1.jpg?resize=400%2C241&amp;ssl=1 400w\" sizes=\"auto, (max-width: 580px) 100vw, 580px\" \/><figcaption id=\"caption-attachment-77621\" class=\"wp-caption-text\">La Tercera Compa\u00f1\u00eda lo hizo muy bien, pero al final no lograron quedarse con la copa.<\/figcaption><\/figure>\n","protected":false},"excerpt":{"rendered":"<p>Actividad conmemora los 134 a\u00f1os de Bomberos de San Felipe: \u00abEstamos celebrando nuestros 134 a\u00f1os de Bomberos de San Felipe, y es para resaltar nuestro aniversario es que este s\u00e1bado realizamos las&#8230;<\/p>\n","protected":false},"author":482,"featured_media":77615,"comment_status":"open","ping_status":"open","sticky":false,"template":"","format":"standard","meta":{"advanced_seo_description":"","jetpack_seo_html_title":"","jetpack_seo_noindex":false,"_jetpack_memberships_contains_paid_content":false,"footnotes":""},"categories":[15],"tags":[],"class_list":["post-77614","post","type-post","status-publish","format-standard","has-post-thumbnail","hentry","category-comunidad"],"jetpack_featured_media_url":"https:\/\/i0.wp.com\/eltrabajo.cl\/portal\/wp-content\/uploads\/2017\/03\/copa-selim-Campeones-1.jpg?fit=580%2C350&ssl=1","jetpack_sharing_enabled":true,"jetpack_likes_enabled":true,"jetpack-related-posts":[],"_links":{"self":[{"href":"https:\/\/eltrabajo.cl\/portal\/wp-json\/wp\/v2\/posts\/77614","targetHints":{"allow":["GET"]}}],"collection":[{"href":"https:\/\/eltrabajo.cl\/portal\/wp-json\/wp\/v2\/posts"}],"about":[{"href":"https:\/\/eltrabajo.cl\/portal\/wp-json\/wp\/v2\/types\/post"}],"author":[{"embeddable":true,"href":"https:\/\/eltrabajo.cl\/portal\/wp-json\/wp\/v2\/users\/482"}],"replies":[{"embeddable":true,"href":"https:\/\/eltrabajo.cl\/portal\/wp-json\/wp\/v2\/comments?post=77614"}],"version-history":[{"count":0,"href":"https:\/\/eltrabajo.cl\/portal\/wp-json\/wp\/v2\/posts\/77614\/revisions"}],"wp:featuredmedia":[{"embeddable":true,"href":"https:\/\/eltrabajo.cl\/portal\/wp-json\/wp\/v2\/media\/77615"}],"wp:attachment":[{"href":"https:\/\/eltrabajo.cl\/portal\/wp-json\/wp\/v2\/media?parent=77614"}],"wp:term":[{"taxonomy":"category","embeddable":true,"href":"https:\/\/eltrabajo.cl\/portal\/wp-json\/wp\/v2\/categories?post=77614"},{"taxonomy":"post_tag","embeddable":true,"href":"https:\/\/eltrabajo.cl\/portal\/wp-json\/wp\/v2\/tags?post=77614"}],"curies":[{"name":"wp","href":"https:\/\/api.w.org\/{rel}","templated":true}]}}