{"id":77623,"date":"2017-03-06T07:43:46","date_gmt":"2017-03-06T11:43:46","guid":{"rendered":"http:\/\/www.eltrabajo.cl\/2017\/?p=77623"},"modified":"2017-03-06T07:43:46","modified_gmt":"2017-03-06T11:43:46","slug":"con-solemne-actividad-y-cena-de-gala-artesanos-celebraron-sus-125-anos","status":"publish","type":"post","link":"https:\/\/eltrabajo.cl\/portal\/con-solemne-actividad-y-cena-de-gala-artesanos-celebraron-sus-125-anos\/","title":{"rendered":"Con solemne actividad y cena de gala artesanos celebraron sus 125 a\u00f1os"},"content":{"rendered":"<figure id=\"attachment_77627\" aria-describedby=\"caption-attachment-77627\" style=\"width: 580px\" class=\"wp-caption alignnone\"><img data-recalc-dims=\"1\" loading=\"lazy\" decoding=\"async\" class=\"size-full wp-image-77627\" src=\"https:\/\/i0.wp.com\/www.eltrabajo.cl\/portal\/wp-content\/uploads\/2017\/03\/artesanos-Torta125-1.jpg?resize=580%2C349\" alt=\"A PEDIR UN DESEO.- Las c\u00e1maras de Diario El Trabajo registraron el momento preciso cuando el directorio de la Sociedad de Artesanos La Uni\u00f3n apag\u00f3 las velitas simb\u00f3licas a los 125 a\u00f1os de tan insigne instituci\u00f3n sanfelipe\u00f1a.\" width=\"580\" height=\"349\" srcset=\"https:\/\/i0.wp.com\/eltrabajo.cl\/portal\/wp-content\/uploads\/2017\/03\/artesanos-Torta125-1.jpg?w=580&amp;ssl=1 580w, https:\/\/i0.wp.com\/eltrabajo.cl\/portal\/wp-content\/uploads\/2017\/03\/artesanos-Torta125-1.jpg?resize=200%2C120&amp;ssl=1 200w, https:\/\/i0.wp.com\/eltrabajo.cl\/portal\/wp-content\/uploads\/2017\/03\/artesanos-Torta125-1.jpg?resize=300%2C181&amp;ssl=1 300w, https:\/\/i0.wp.com\/eltrabajo.cl\/portal\/wp-content\/uploads\/2017\/03\/artesanos-Torta125-1.jpg?resize=249%2C150&amp;ssl=1 249w, https:\/\/i0.wp.com\/eltrabajo.cl\/portal\/wp-content\/uploads\/2017\/03\/artesanos-Torta125-1.jpg?resize=400%2C241&amp;ssl=1 400w\" sizes=\"auto, (max-width: 580px) 100vw, 580px\" \/><figcaption id=\"caption-attachment-77627\" class=\"wp-caption-text\">A PEDIR UN DESEO.- Las c\u00e1maras de Diario El Trabajo registraron el momento preciso cuando el directorio de la Sociedad de Artesanos La Uni\u00f3n apag\u00f3 las velitas simb\u00f3licas a los 125 a\u00f1os de tan insigne instituci\u00f3n sanfelipe\u00f1a.<\/figcaption><\/figure>\n<p>La gala solemnemente inici\u00f3 con la entonaci\u00f3n de nuestro Himno Nacional, para luego proceder a dar lectura al Acta de Fundaci\u00f3n de la instituci\u00f3n gremial que el pasado 28 de febrero cumpli\u00f3 125 a\u00f1os de existencia en nuestra comuna. Nos referimos a la gala de aniversario de la Sociedad de Artesanos La Uni\u00f3n, misma que celebr\u00f3 su cumplea\u00f1os la noche de este viernes.<br \/>\nHubo tambi\u00e9n en la primera parte del evento cuatro premiaciones, dos a socios que cumplieron 67 a\u00f1os como socios, y otras dos entregas de pergaminos a integrantes que cumplieron 20 a\u00f1os en La Uni\u00f3n. Diario El Trabajo realiz\u00f3 una amplia cobertura durante la actividad, ya que en la segunda noche de la gala hubo una cena en camarader\u00eda, instancia en la que se desarrollaron bailes de tango, cueca y entrega de regalos de las instituciones invitadas para la esta sociedad de artesanos.<\/p>\n<p><strong>VOCES VIVAS<\/strong><br \/>\n\u00abSeguiremos tratando de que nuestra sociedad de artesanos cumplan otros 125 a\u00f1os, por eso estamos trabajando para nuestros asociados, yo soy parte de esta sociedad gracias a mi abuelo, quien nos trajo a todos a San Felipe\u00bb, dijo a Diario El Trabajo el t\u00e9cnico universitario y presidente de la Sociedad, Guillermo Toro.<br \/>\nEntre los invitados estuvieron personeros de nuestra sociedad como el gobernador Eduardo Le\u00f3n, concejales de la comuna, del Ej\u00e9rcito de Chile y tambi\u00e9n el director de Diario El Trabajo, Marco Antonio Juri.<br \/>\n\u00abEsta es una instituci\u00f3n gremial centenaria que llevan muchos a\u00f1os en nuestras comunidad, en la que han militado cientos de personas en todos estos a\u00f1os, creo que San Felipe no ser\u00eda el mismo si la Sociedad de Artesanos La Uni\u00f3n no existiera, felicito a sus socios y agradezco sinceramente que me invitaran a esta importante gala\u00bb, indic\u00f3 Juri.<br \/>\nDe igual manera Eduardo Le\u00f3n tuvo palabras para nuestros lectores, \u00abla verdad que la Sociedad de Artesanos La Uni\u00f3n es pionera y a la que Chile tiene mucho que agradecerle. En tiempos atr\u00e1s cuando no exist\u00eda la previsi\u00f3n, los seguros del trabajo, no exist\u00eda el arte del oficio y los obreros se asocian de manera fraterna y entre todos generaron la ayuda mutua, ya sea en la parte de salud o aprendizaje, aqu\u00ed hay gran patrimonio de fraternidad que siga vivo entre sus miembros\u00bb, dijo el gobernador provincial.<br \/>\nTodos quienes laboramos en Diario El Trabajo hoy felicitamos p\u00fablicamente a estos 81 socios de la Sociedad de Artesanos La Uni\u00f3n, instituci\u00f3n a la que deseamos cumpla much\u00edsimos a\u00f1os m\u00e1s.<br \/>\n<strong>Roberto Gonz\u00e1lez Short<\/strong><\/p>\n<figure id=\"attachment_77624\" aria-describedby=\"caption-attachment-77624\" style=\"width: 580px\" class=\"wp-caption alignnone\"><img data-recalc-dims=\"1\" loading=\"lazy\" decoding=\"async\" class=\"size-full wp-image-77624\" src=\"https:\/\/i0.wp.com\/www.eltrabajo.cl\/portal\/wp-content\/uploads\/2017\/03\/artesanos-Amigos-1.jpg?resize=580%2C350\" alt=\"TODOS HERMANOS.- Empresarios y socios de otras agrupaciones gremiales de la ciudad llegaron tambi\u00e9n para hacer entrega de presentes a nuestros artesanos cumplea\u00f1eros.\" width=\"580\" height=\"350\" srcset=\"https:\/\/i0.wp.com\/eltrabajo.cl\/portal\/wp-content\/uploads\/2017\/03\/artesanos-Amigos-1.jpg?w=580&amp;ssl=1 580w, https:\/\/i0.wp.com\/eltrabajo.cl\/portal\/wp-content\/uploads\/2017\/03\/artesanos-Amigos-1.jpg?resize=200%2C121&amp;ssl=1 200w, https:\/\/i0.wp.com\/eltrabajo.cl\/portal\/wp-content\/uploads\/2017\/03\/artesanos-Amigos-1.jpg?resize=300%2C181&amp;ssl=1 300w, https:\/\/i0.wp.com\/eltrabajo.cl\/portal\/wp-content\/uploads\/2017\/03\/artesanos-Amigos-1.jpg?resize=249%2C150&amp;ssl=1 249w, https:\/\/i0.wp.com\/eltrabajo.cl\/portal\/wp-content\/uploads\/2017\/03\/artesanos-Amigos-1.jpg?resize=400%2C241&amp;ssl=1 400w\" sizes=\"auto, (max-width: 580px) 100vw, 580px\" \/><figcaption id=\"caption-attachment-77624\" class=\"wp-caption-text\">TODOS HERMANOS.- Empresarios y socios de otras agrupaciones gremiales de la ciudad llegaron tambi\u00e9n para hacer entrega de presentes a nuestros artesanos cumplea\u00f1eros.<\/figcaption><\/figure>\n<figure id=\"attachment_77625\" aria-describedby=\"caption-attachment-77625\" style=\"width: 580px\" class=\"wp-caption alignnone\"><img data-recalc-dims=\"1\" loading=\"lazy\" decoding=\"async\" class=\"size-full wp-image-77625\" src=\"https:\/\/i0.wp.com\/www.eltrabajo.cl\/portal\/wp-content\/uploads\/2017\/03\/artesanos-Guillermo-Toro-1.jpg?resize=580%2C350\" alt=\"T\u00e9cnico universitario y presidente de la Sociedad, Guillermo Toro.\" width=\"580\" height=\"350\" srcset=\"https:\/\/i0.wp.com\/eltrabajo.cl\/portal\/wp-content\/uploads\/2017\/03\/artesanos-Guillermo-Toro-1.jpg?w=580&amp;ssl=1 580w, https:\/\/i0.wp.com\/eltrabajo.cl\/portal\/wp-content\/uploads\/2017\/03\/artesanos-Guillermo-Toro-1.jpg?resize=200%2C121&amp;ssl=1 200w, https:\/\/i0.wp.com\/eltrabajo.cl\/portal\/wp-content\/uploads\/2017\/03\/artesanos-Guillermo-Toro-1.jpg?resize=300%2C181&amp;ssl=1 300w, https:\/\/i0.wp.com\/eltrabajo.cl\/portal\/wp-content\/uploads\/2017\/03\/artesanos-Guillermo-Toro-1.jpg?resize=249%2C150&amp;ssl=1 249w, https:\/\/i0.wp.com\/eltrabajo.cl\/portal\/wp-content\/uploads\/2017\/03\/artesanos-Guillermo-Toro-1.jpg?resize=400%2C241&amp;ssl=1 400w\" sizes=\"auto, (max-width: 580px) 100vw, 580px\" \/><figcaption id=\"caption-attachment-77625\" class=\"wp-caption-text\">T\u00e9cnico universitario y presidente de la Sociedad, Guillermo Toro.<\/figcaption><\/figure>\n<figure id=\"attachment_77626\" aria-describedby=\"caption-attachment-77626\" style=\"width: 580px\" class=\"wp-caption alignnone\"><img data-recalc-dims=\"1\" loading=\"lazy\" decoding=\"async\" class=\"size-full wp-image-77626\" src=\"https:\/\/i0.wp.com\/www.eltrabajo.cl\/portal\/wp-content\/uploads\/2017\/03\/artesanos-Hernan-Cataldo-Rodriguez-1.jpg?resize=580%2C349\" alt=\"RECONOCIMIENTO ESPECIAL.- Don Hern\u00e1n Cataldo Rodr\u00edguez recibi\u00f3 un especial reconocimiento tras cumplir 67 a\u00f1os de vida gremial.\" width=\"580\" height=\"349\" srcset=\"https:\/\/i0.wp.com\/eltrabajo.cl\/portal\/wp-content\/uploads\/2017\/03\/artesanos-Hernan-Cataldo-Rodriguez-1.jpg?w=580&amp;ssl=1 580w, https:\/\/i0.wp.com\/eltrabajo.cl\/portal\/wp-content\/uploads\/2017\/03\/artesanos-Hernan-Cataldo-Rodriguez-1.jpg?resize=200%2C120&amp;ssl=1 200w, https:\/\/i0.wp.com\/eltrabajo.cl\/portal\/wp-content\/uploads\/2017\/03\/artesanos-Hernan-Cataldo-Rodriguez-1.jpg?resize=300%2C181&amp;ssl=1 300w, https:\/\/i0.wp.com\/eltrabajo.cl\/portal\/wp-content\/uploads\/2017\/03\/artesanos-Hernan-Cataldo-Rodriguez-1.jpg?resize=249%2C150&amp;ssl=1 249w, https:\/\/i0.wp.com\/eltrabajo.cl\/portal\/wp-content\/uploads\/2017\/03\/artesanos-Hernan-Cataldo-Rodriguez-1.jpg?resize=400%2C241&amp;ssl=1 400w\" sizes=\"auto, (max-width: 580px) 100vw, 580px\" \/><figcaption id=\"caption-attachment-77626\" class=\"wp-caption-text\">RECONOCIMIENTO ESPECIAL.- Don Hern\u00e1n Cataldo Rodr\u00edguez recibi\u00f3 un especial reconocimiento tras cumplir 67 a\u00f1os de vida gremial.<\/figcaption><\/figure>\n<figure id=\"attachment_77628\" aria-describedby=\"caption-attachment-77628\" style=\"width: 580px\" class=\"wp-caption alignnone\"><img data-recalc-dims=\"1\" loading=\"lazy\" decoding=\"async\" class=\"size-full wp-image-77628\" src=\"https:\/\/i0.wp.com\/www.eltrabajo.cl\/portal\/wp-content\/uploads\/2017\/03\/artesanos-Union-1.jpg?resize=580%2C350\" alt=\"LA FOTO OFICIAL.- Tambi\u00e9n hubo tiempo para tomar la fotograf\u00eda oficial con algunas autoridades presentes.\" width=\"580\" height=\"350\" srcset=\"https:\/\/i0.wp.com\/eltrabajo.cl\/portal\/wp-content\/uploads\/2017\/03\/artesanos-Union-1.jpg?w=580&amp;ssl=1 580w, https:\/\/i0.wp.com\/eltrabajo.cl\/portal\/wp-content\/uploads\/2017\/03\/artesanos-Union-1.jpg?resize=200%2C121&amp;ssl=1 200w, https:\/\/i0.wp.com\/eltrabajo.cl\/portal\/wp-content\/uploads\/2017\/03\/artesanos-Union-1.jpg?resize=300%2C181&amp;ssl=1 300w, https:\/\/i0.wp.com\/eltrabajo.cl\/portal\/wp-content\/uploads\/2017\/03\/artesanos-Union-1.jpg?resize=249%2C150&amp;ssl=1 249w, https:\/\/i0.wp.com\/eltrabajo.cl\/portal\/wp-content\/uploads\/2017\/03\/artesanos-Union-1.jpg?resize=400%2C241&amp;ssl=1 400w\" sizes=\"auto, (max-width: 580px) 100vw, 580px\" \/><figcaption id=\"caption-attachment-77628\" class=\"wp-caption-text\">LA FOTO OFICIAL.- Tambi\u00e9n hubo tiempo para tomar la fotograf\u00eda oficial con algunas autoridades presentes.<\/figcaption><\/figure>\n<figure id=\"attachment_77629\" aria-describedby=\"caption-attachment-77629\" style=\"width: 580px\" class=\"wp-caption alignnone\"><img data-recalc-dims=\"1\" loading=\"lazy\" decoding=\"async\" class=\"size-full wp-image-77629\" src=\"https:\/\/i0.wp.com\/www.eltrabajo.cl\/portal\/wp-content\/uploads\/2017\/03\/artesanos-Union2-1.jpg?resize=580%2C349\" alt=\"SOLEMNE JORNADA.- Socios, autoridades e invitados especiales participaron solemnemente en esta gala de aniversario.\" width=\"580\" height=\"349\" srcset=\"https:\/\/i0.wp.com\/eltrabajo.cl\/portal\/wp-content\/uploads\/2017\/03\/artesanos-Union2-1.jpg?w=580&amp;ssl=1 580w, https:\/\/i0.wp.com\/eltrabajo.cl\/portal\/wp-content\/uploads\/2017\/03\/artesanos-Union2-1.jpg?resize=200%2C120&amp;ssl=1 200w, https:\/\/i0.wp.com\/eltrabajo.cl\/portal\/wp-content\/uploads\/2017\/03\/artesanos-Union2-1.jpg?resize=300%2C181&amp;ssl=1 300w, https:\/\/i0.wp.com\/eltrabajo.cl\/portal\/wp-content\/uploads\/2017\/03\/artesanos-Union2-1.jpg?resize=249%2C150&amp;ssl=1 249w, https:\/\/i0.wp.com\/eltrabajo.cl\/portal\/wp-content\/uploads\/2017\/03\/artesanos-Union2-1.jpg?resize=400%2C241&amp;ssl=1 400w\" sizes=\"auto, (max-width: 580px) 100vw, 580px\" \/><figcaption id=\"caption-attachment-77629\" class=\"wp-caption-text\">SOLEMNE JORNADA.- Socios, autoridades e invitados especiales participaron solemnemente en esta gala de aniversario.<\/figcaption><\/figure>\n","protected":false},"excerpt":{"rendered":"<p>La gala solemnemente inici\u00f3 con la entonaci\u00f3n de nuestro Himno Nacional, para luego proceder a dar lectura al Acta de Fundaci\u00f3n de la instituci\u00f3n gremial que el pasado 28 de febrero cumpli\u00f3&#8230;<\/p>\n","protected":false},"author":482,"featured_media":77628,"comment_status":"open","ping_status":"open","sticky":false,"template":"","format":"standard","meta":{"advanced_seo_description":"","jetpack_seo_html_title":"","jetpack_seo_noindex":false,"_jetpack_memberships_contains_paid_content":false,"footnotes":""},"categories":[15],"tags":[],"class_list":["post-77623","post","type-post","status-publish","format-standard","has-post-thumbnail","hentry","category-comunidad"],"jetpack_featured_media_url":"https:\/\/i0.wp.com\/eltrabajo.cl\/portal\/wp-content\/uploads\/2017\/03\/artesanos-Union-1.jpg?fit=580%2C350&ssl=1","jetpack_sharing_enabled":true,"jetpack_likes_enabled":true,"jetpack-related-posts":[],"_links":{"self":[{"href":"https:\/\/eltrabajo.cl\/portal\/wp-json\/wp\/v2\/posts\/77623","targetHints":{"allow":["GET"]}}],"collection":[{"href":"https:\/\/eltrabajo.cl\/portal\/wp-json\/wp\/v2\/posts"}],"about":[{"href":"https:\/\/eltrabajo.cl\/portal\/wp-json\/wp\/v2\/types\/post"}],"author":[{"embeddable":true,"href":"https:\/\/eltrabajo.cl\/portal\/wp-json\/wp\/v2\/users\/482"}],"replies":[{"embeddable":true,"href":"https:\/\/eltrabajo.cl\/portal\/wp-json\/wp\/v2\/comments?post=77623"}],"version-history":[{"count":0,"href":"https:\/\/eltrabajo.cl\/portal\/wp-json\/wp\/v2\/posts\/77623\/revisions"}],"wp:featuredmedia":[{"embeddable":true,"href":"https:\/\/eltrabajo.cl\/portal\/wp-json\/wp\/v2\/media\/77628"}],"wp:attachment":[{"href":"https:\/\/eltrabajo.cl\/portal\/wp-json\/wp\/v2\/media?parent=77623"}],"wp:term":[{"taxonomy":"category","embeddable":true,"href":"https:\/\/eltrabajo.cl\/portal\/wp-json\/wp\/v2\/categories?post=77623"},{"taxonomy":"post_tag","embeddable":true,"href":"https:\/\/eltrabajo.cl\/portal\/wp-json\/wp\/v2\/tags?post=77623"}],"curies":[{"name":"wp","href":"https:\/\/api.w.org\/{rel}","templated":true}]}}