{"id":77641,"date":"2017-03-07T07:57:30","date_gmt":"2017-03-07T11:57:30","guid":{"rendered":"http:\/\/www.eltrabajo.cl\/2017\/?p=77641"},"modified":"2017-03-07T07:57:30","modified_gmt":"2017-03-07T11:57:30","slug":"programa-de-esterilizaciones-gratis-tendra-cobertura-de-dos-mil-mascotas","status":"publish","type":"post","link":"https:\/\/eltrabajo.cl\/portal\/programa-de-esterilizaciones-gratis-tendra-cobertura-de-dos-mil-mascotas\/","title":{"rendered":"Programa de Esterilizaciones gratis tendr\u00e1 cobertura de dos mil mascotas"},"content":{"rendered":"<figure id=\"attachment_77642\" aria-describedby=\"caption-attachment-77642\" style=\"width: 580px\" class=\"wp-caption alignnone\"><img data-recalc-dims=\"1\" loading=\"lazy\" decoding=\"async\" class=\"size-full wp-image-77642\" src=\"https:\/\/i0.wp.com\/www.eltrabajo.cl\/portal\/wp-content\/uploads\/2017\/03\/esterilizaci%C3%B3n-freire-Mariana-Bravo-1.jpg?resize=580%2C348\" alt=\"El alcalde de San Felipe, Patricio Freire, junto a Mariana Bravo, coordinadora del Programa de Tenencia Responsable de Mascotas de la Municipalidad de San Felipe, dieron a conocer la cobertura que tendr\u00e1 el programa de Esterilizaciones 2017.\" width=\"580\" height=\"348\" srcset=\"https:\/\/i0.wp.com\/eltrabajo.cl\/portal\/wp-content\/uploads\/2017\/03\/esterilizaci%C3%B3n-freire-Mariana-Bravo-1.jpg?w=580&amp;ssl=1 580w, https:\/\/i0.wp.com\/eltrabajo.cl\/portal\/wp-content\/uploads\/2017\/03\/esterilizaci%C3%B3n-freire-Mariana-Bravo-1.jpg?resize=200%2C120&amp;ssl=1 200w, https:\/\/i0.wp.com\/eltrabajo.cl\/portal\/wp-content\/uploads\/2017\/03\/esterilizaci%C3%B3n-freire-Mariana-Bravo-1.jpg?resize=300%2C180&amp;ssl=1 300w, https:\/\/i0.wp.com\/eltrabajo.cl\/portal\/wp-content\/uploads\/2017\/03\/esterilizaci%C3%B3n-freire-Mariana-Bravo-1.jpg?resize=250%2C150&amp;ssl=1 250w, https:\/\/i0.wp.com\/eltrabajo.cl\/portal\/wp-content\/uploads\/2017\/03\/esterilizaci%C3%B3n-freire-Mariana-Bravo-1.jpg?resize=400%2C240&amp;ssl=1 400w\" sizes=\"auto, (max-width: 580px) 100vw, 580px\" \/><figcaption id=\"caption-attachment-77642\" class=\"wp-caption-text\">El alcalde de San Felipe, Patricio Freire, junto a Mariana Bravo, coordinadora del Programa de Tenencia Responsable de Mascotas de la Municipalidad de San Felipe, dieron a conocer la cobertura que tendr\u00e1 el programa de Esterilizaciones 2017.<\/figcaption><\/figure>\n<ul>\n<li><strong><span style=\"color: #ff0000;\">Comienza a ejecutarse ma\u00f1ana en Villa Las Acacias:<\/span>\u00a0Proyecto financiado por la Subdere, est\u00e1 destinado a perros y gatos, hembras y machos, con o sin due\u00f1o. Durante el mes de marzo, debiera estar presente en las Villas El Se\u00f1orial, El Carmen I Etapa y San Camilo.<\/strong><\/li>\n<\/ul>\n<p>El Programa de Tenencia Responsable de Mascotas de la Municipalidad de San Felipe, comenzar\u00e1 esta semana con la ejecuci\u00f3n del calendario 2017 de esterilizaciones gratuitas en la comuna, proyecto que es financiado por la Subsecretar\u00eda de Desarrollo Regional y Administrativo (Subdere) y que en esta oportunidad tendr\u00e1 una cobertura de dos mil mascotas.<br \/>\nAs\u00ed lo dio a conocer Mariana Bravo, coordinadora del Programa de Tenencia Responsable de Mascotas de la Municipalidad de San Felipe, quien afirm\u00f3 que \u201cel comportamiento que hemos tenido con los operativos de esterilizaci\u00f3n ha sido muy bien valorado por la Subdere y este a\u00f1o 2017 nos permitieron acceder a una postulaci\u00f3n de dos mil mascotas, para esterilizarlas gratuitamente y que adem\u00e1s cuenta con una implementaci\u00f3n de microchip de registro\u201d, detall\u00f3 Bravo.<br \/>\nEl programa de esterilizaci\u00f3n comenzar\u00e1 este mi\u00e9rcoles 8, jueves 9 y viernes 10 de marzo, a partir de las 10 de la ma\u00f1ana en Villa Las Acacias. El procedimiento es gratuito y est\u00e1 destinado para perros y gatos, hembras y machos, que deben asistir con un ayuno de agua y comida de 8 horas, mientras que sus due\u00f1os deben llevar una manta y una toalla nova.<br \/>\n\u201cEl programa lo va a ejecutar la cirujano veterinaria, Pilar Villarroel\u2026el programa est\u00e1 hecho para mascotas con o sin due\u00f1o, as\u00ed que invitamos a los animalistas que puedan acercarse y llevar animales que est\u00e1n sin due\u00f1o y que es muy importante para controlar la poblaci\u00f3n de mascotas en San Felipe\u201d, a\u00f1adi\u00f3 la encargada del programa.<br \/>\nA su vez, el alcalde de San Felipe, Patricio Freire, se mostr\u00f3 orgulloso de haber logrado aumentar la cobertura de esterilizaciones para el presente a\u00f1o y manifest\u00f3 que \u201cestamos muy contentos, volvieron a aprobarnos este plan de esterilizaciones que es tan importante para nuestra comuna y de acuerdo al calendario estaremos en todos los sectores durante varios meses\u201d, sostuvo el edil sanfelipe\u00f1o.<br \/>\nDurante el mes de marzo, el programa tambi\u00e9n se ejecutar\u00e1 en las villas El Se\u00f1orial, El Carmen I Etapa y San Camilo, cuyas fechas ser\u00e1n informadas pr\u00f3ximamente.<\/p>\n","protected":false},"excerpt":{"rendered":"<p>Comienza a ejecutarse ma\u00f1ana en Villa Las Acacias:\u00a0Proyecto financiado por la Subdere, est\u00e1 destinado a perros y gatos, hembras y machos, con o sin due\u00f1o. Durante el mes de marzo, debiera estar&#8230;<\/p>\n","protected":false},"author":482,"featured_media":77642,"comment_status":"open","ping_status":"open","sticky":false,"template":"","format":"standard","meta":{"advanced_seo_description":"","jetpack_seo_html_title":"","jetpack_seo_noindex":false,"_jetpack_memberships_contains_paid_content":false,"footnotes":""},"categories":[1],"tags":[],"class_list":["post-77641","post","type-post","status-publish","format-standard","has-post-thumbnail","hentry","category-cronica"],"jetpack_featured_media_url":"https:\/\/i0.wp.com\/eltrabajo.cl\/portal\/wp-content\/uploads\/2017\/03\/esterilizaci%C3%B3n-freire-Mariana-Bravo-1.jpg?fit=580%2C348&ssl=1","jetpack_sharing_enabled":true,"jetpack_likes_enabled":true,"jetpack-related-posts":[],"_links":{"self":[{"href":"https:\/\/eltrabajo.cl\/portal\/wp-json\/wp\/v2\/posts\/77641","targetHints":{"allow":["GET"]}}],"collection":[{"href":"https:\/\/eltrabajo.cl\/portal\/wp-json\/wp\/v2\/posts"}],"about":[{"href":"https:\/\/eltrabajo.cl\/portal\/wp-json\/wp\/v2\/types\/post"}],"author":[{"embeddable":true,"href":"https:\/\/eltrabajo.cl\/portal\/wp-json\/wp\/v2\/users\/482"}],"replies":[{"embeddable":true,"href":"https:\/\/eltrabajo.cl\/portal\/wp-json\/wp\/v2\/comments?post=77641"}],"version-history":[{"count":0,"href":"https:\/\/eltrabajo.cl\/portal\/wp-json\/wp\/v2\/posts\/77641\/revisions"}],"wp:featuredmedia":[{"embeddable":true,"href":"https:\/\/eltrabajo.cl\/portal\/wp-json\/wp\/v2\/media\/77642"}],"wp:attachment":[{"href":"https:\/\/eltrabajo.cl\/portal\/wp-json\/wp\/v2\/media?parent=77641"}],"wp:term":[{"taxonomy":"category","embeddable":true,"href":"https:\/\/eltrabajo.cl\/portal\/wp-json\/wp\/v2\/categories?post=77641"},{"taxonomy":"post_tag","embeddable":true,"href":"https:\/\/eltrabajo.cl\/portal\/wp-json\/wp\/v2\/tags?post=77641"}],"curies":[{"name":"wp","href":"https:\/\/api.w.org\/{rel}","templated":true}]}}