{"id":77652,"date":"2017-03-07T08:06:48","date_gmt":"2017-03-07T12:06:48","guid":{"rendered":"http:\/\/www.eltrabajo.cl\/2017\/?p=77652"},"modified":"2017-03-07T08:06:48","modified_gmt":"2017-03-07T12:06:48","slug":"joven-haitiana-traducira-del-creol-y-frances-al-espanol-en-cesfams-del-valle","status":"publish","type":"post","link":"https:\/\/eltrabajo.cl\/portal\/joven-haitiana-traducira-del-creol-y-frances-al-espanol-en-cesfams-del-valle\/","title":{"rendered":"Joven haitiana traducir\u00e1 del creol y franc\u00e9s al espa\u00f1ol en Cesfams del valle"},"content":{"rendered":"<figure id=\"attachment_77653\" aria-describedby=\"caption-attachment-77653\" style=\"width: 580px\" class=\"wp-caption alignnone\"><img data-recalc-dims=\"1\" loading=\"lazy\" decoding=\"async\" class=\"size-full wp-image-77653\" src=\"https:\/\/i0.wp.com\/www.eltrabajo.cl\/portal\/wp-content\/uploads\/2017\/03\/traductora-Beatrice-Vilon-1-1.jpg?resize=580%2C349\" alt=\"Beatrice Vil\u00f3n, es secretaria y ahora traductora del creol y franc\u00e9s al espa\u00f1ol.\" width=\"580\" height=\"349\" srcset=\"https:\/\/i0.wp.com\/eltrabajo.cl\/portal\/wp-content\/uploads\/2017\/03\/traductora-Beatrice-Vilon-1-1.jpg?w=580&amp;ssl=1 580w, https:\/\/i0.wp.com\/eltrabajo.cl\/portal\/wp-content\/uploads\/2017\/03\/traductora-Beatrice-Vilon-1-1.jpg?resize=200%2C120&amp;ssl=1 200w, https:\/\/i0.wp.com\/eltrabajo.cl\/portal\/wp-content\/uploads\/2017\/03\/traductora-Beatrice-Vilon-1-1.jpg?resize=300%2C181&amp;ssl=1 300w, https:\/\/i0.wp.com\/eltrabajo.cl\/portal\/wp-content\/uploads\/2017\/03\/traductora-Beatrice-Vilon-1-1.jpg?resize=249%2C150&amp;ssl=1 249w, https:\/\/i0.wp.com\/eltrabajo.cl\/portal\/wp-content\/uploads\/2017\/03\/traductora-Beatrice-Vilon-1-1.jpg?resize=400%2C241&amp;ssl=1 400w\" sizes=\"auto, (max-width: 580px) 100vw, 580px\" \/><figcaption id=\"caption-attachment-77653\" class=\"wp-caption-text\">Beatrice Vil\u00f3n, es secretaria y ahora traductora del creol y franc\u00e9s al espa\u00f1ol.<\/figcaption><\/figure>\n<ul>\n<li><span style=\"color: #ff0000;\"><strong>Autoridades de Salud presentaron a Beatrice M. Vil\u00f3n:<\/strong><\/span><\/li>\n<\/ul>\n<p>Fue gracias a que ella vivi\u00f3 durante nueve a\u00f1os en Rep\u00fablica Dominicana que logr\u00f3 aprender espa\u00f1ol, conocimiento ling\u00fc\u00edstico que ahora le signific\u00f3 a la joven haitiana Beatrice M. Vil\u00f3n, el honor protag\u00f3nico de haber sido presentada ante los medios como la primera traductora para Aconcagua de los tres centros de salud dependientes del Servicio de Salud Aconcagua, Cesfam San Felipe El Real, Cesfam de Llay Llay y el Cesfam Cordillera Andina de Los Andes.<\/p>\n<p><strong>FUE SELECCIONADA<\/strong><br \/>\nSeg\u00fan fue informado por las autoridades de Salud y por el propio gobernador Eduardo Le\u00f3n, la incorporaci\u00f3n de esta joven mujer se logr\u00f3 luego de un proceso de selecci\u00f3n de idoneidad, en el que ella demostr\u00f3 tener las capacidades perfectas para este cargo, mismo que implica el servir de traductora de franc\u00e9s y creol al espa\u00f1ol, especialmente enfocado a la poblaci\u00f3n ya residente en el valle que habla estas lenguas.<br \/>\nVilma Olave, directora del Servicio de Salud Aconcagua, fue quien se tom\u00f3 la palabra para hacer la respectiva presentaci\u00f3n de la profesional: \u00abHoy d\u00eda estamos felices y dando la bienvenida a nuestro equipo de salud a Beatrice M. Vil\u00f3n, quien es una ciudadana que vive en San Felipe, pero su origen es Hait\u00ed. Ella se incorpora para facilitar las relaciones entre nuestros equipos de salud y los usuarios que viven en Aconcagua y que no hablan espa\u00f1ol, sino m\u00e1s bien franc\u00e9s o creol. Ella ayudar\u00e1 entre otras cosas, a establecer una adecuada comunicaci\u00f3n con las pacientes embarazadas en su proceso, hasta que estos ni\u00f1os tengas seis a\u00f1os\u00bb, dijo Olave.<\/p>\n<p><strong>BEATRICE EMOCIONADA<\/strong><br \/>\nDiario El Trabajo habl\u00f3 con la joven haitiana para conocer detalles de su gesti\u00f3n y traves\u00eda.<br \/>\n\u00abEstoy muy contenta, soy secretaria y vine a Chile para trabajar como traductora, yo tambi\u00e9n soy madre y haitiana tambi\u00e9n, nac\u00ed en Puerto Pr\u00edncipe, tengo 30 a\u00f1os y aprend\u00ed el idioma espa\u00f1ol durante los nueve a\u00f1os que viv\u00ed en Rep\u00fablica Dominicana, estoy muy agradecida con la oportunidad laboral que se me permite aprovechar\u00bb, explic\u00f3 la nueva funcionaria de salud.<br \/>\nPor su parte el gobernador Eduardo Le\u00f3n, indic\u00f3 que \u00able damos las gracias al Ministerio y al Servicio de Salud por la incorporaci\u00f3n de Beatrice, por cumplir este compromiso de esta facilitadora para que los ni\u00f1os y adultos haitianos puedan acceder en su idioma a nuestros servicios de salud. Hay que recordar que uno de los pilares para combatir la desigualdad en Chile tiene que ver con la salud y la educaci\u00f3n\u00bb, coment\u00f3 Le\u00f3n.<\/p>\n<p><strong>HAITIANOS CONTENTOS<\/strong><br \/>\nNuestro medio tambi\u00e9n habl\u00f3 con una joven haitiana de 28 a\u00f1os que est\u00e1 embarazada y quien ayer mismo ten\u00eda que hacerse sus ex\u00e1menes, a ella le consultamos sobre la incorporaci\u00f3n de una coterr\u00e1nea suya a este rol de traductora.<br \/>\n\u00abEstamos contentos los haitianos porque ahora tenemos en estos consultorios a una persona que nos entiende, y a quien podremos explicarles nuestras dolencias y consultas con la certeza de que s\u00ed seremos entendidos y comprendidos\u00bb, dijo Wilmonde Petion a Diario El Trabajo.<\/p>\n<p><strong>ROL DE TRABAJO<\/strong><br \/>\nCon esta gesti\u00f3n podr\u00eda decirse que el Servicio de Salud Aconcagua dio respuesta efectiva al problema que los haitianos estaban enfrentando en nuestro valle a la hora de ser atendidos en los centros de salud vinculados a esta red de salud. Son 125 los haitianos que est\u00e1n siendo atendidos en el Cesfam San Felipe El Real hasta el momento, Beatrice laborar\u00e1 durante un mes en este Cesfam, luego se establecer\u00e1n roles para que ella atienda en los dem\u00e1s Cesfam, as\u00ed, las consultas que den a ciudadanos haitianos ser\u00e1n coordinadas para que la traductora est\u00e9 presente en ese Cesfam, por lo que su rol de trabajo ir\u00e1 siendo programado de manera coordinada. Se estima que la cifra de haitianos en Aconcagua est\u00e1 cercana a los 500 habitantes.<br \/>\n<strong>Roberto Gonz\u00e1lez Short<\/strong><\/p>\n<figure id=\"attachment_77654\" aria-describedby=\"caption-attachment-77654\" style=\"width: 580px\" class=\"wp-caption alignnone\"><img data-recalc-dims=\"1\" loading=\"lazy\" decoding=\"async\" class=\"size-full wp-image-77654\" src=\"https:\/\/i0.wp.com\/www.eltrabajo.cl\/portal\/wp-content\/uploads\/2017\/03\/traductora-Eduardo-Leon-1.jpg?resize=580%2C349\" alt=\"Eduardo Le\u00f3n, gobernador provincial de San Felipe.\" width=\"580\" height=\"349\" srcset=\"https:\/\/i0.wp.com\/eltrabajo.cl\/portal\/wp-content\/uploads\/2017\/03\/traductora-Eduardo-Leon-1.jpg?w=580&amp;ssl=1 580w, https:\/\/i0.wp.com\/eltrabajo.cl\/portal\/wp-content\/uploads\/2017\/03\/traductora-Eduardo-Leon-1.jpg?resize=200%2C120&amp;ssl=1 200w, https:\/\/i0.wp.com\/eltrabajo.cl\/portal\/wp-content\/uploads\/2017\/03\/traductora-Eduardo-Leon-1.jpg?resize=300%2C181&amp;ssl=1 300w, https:\/\/i0.wp.com\/eltrabajo.cl\/portal\/wp-content\/uploads\/2017\/03\/traductora-Eduardo-Leon-1.jpg?resize=249%2C150&amp;ssl=1 249w, https:\/\/i0.wp.com\/eltrabajo.cl\/portal\/wp-content\/uploads\/2017\/03\/traductora-Eduardo-Leon-1.jpg?resize=400%2C241&amp;ssl=1 400w\" sizes=\"auto, (max-width: 580px) 100vw, 580px\" \/><figcaption id=\"caption-attachment-77654\" class=\"wp-caption-text\">Eduardo Le\u00f3n, gobernador provincial de San Felipe.<\/figcaption><\/figure>\n<figure id=\"attachment_77655\" aria-describedby=\"caption-attachment-77655\" style=\"width: 580px\" class=\"wp-caption alignnone\"><img data-recalc-dims=\"1\" loading=\"lazy\" decoding=\"async\" class=\"size-full wp-image-77655\" src=\"https:\/\/i0.wp.com\/www.eltrabajo.cl\/portal\/wp-content\/uploads\/2017\/03\/traductora-Traductora33-1.jpg?resize=580%2C348\" alt=\"EMOTIVA BIENVENIDA.- Beatrice Vil\u00f3n mostr\u00f3 orgullosa su credencial que la acredita como funcionaria del Servicio de Salud Aconcagua, le acompa\u00f1an Vilma Olave y la directora del Cesfam San Felipe El Real, Andrea Rodr\u00edguez.\" width=\"580\" height=\"348\" srcset=\"https:\/\/i0.wp.com\/eltrabajo.cl\/portal\/wp-content\/uploads\/2017\/03\/traductora-Traductora33-1.jpg?w=580&amp;ssl=1 580w, https:\/\/i0.wp.com\/eltrabajo.cl\/portal\/wp-content\/uploads\/2017\/03\/traductora-Traductora33-1.jpg?resize=200%2C120&amp;ssl=1 200w, https:\/\/i0.wp.com\/eltrabajo.cl\/portal\/wp-content\/uploads\/2017\/03\/traductora-Traductora33-1.jpg?resize=300%2C180&amp;ssl=1 300w, https:\/\/i0.wp.com\/eltrabajo.cl\/portal\/wp-content\/uploads\/2017\/03\/traductora-Traductora33-1.jpg?resize=250%2C150&amp;ssl=1 250w, https:\/\/i0.wp.com\/eltrabajo.cl\/portal\/wp-content\/uploads\/2017\/03\/traductora-Traductora33-1.jpg?resize=400%2C240&amp;ssl=1 400w\" sizes=\"auto, (max-width: 580px) 100vw, 580px\" \/><figcaption id=\"caption-attachment-77655\" class=\"wp-caption-text\">EMOTIVA BIENVENIDA.- Beatrice Vil\u00f3n mostr\u00f3 orgullosa su credencial que la acredita como funcionaria del Servicio de Salud Aconcagua, le acompa\u00f1an Vilma Olave y la directora del Cesfam San Felipe El Real, Andrea Rodr\u00edguez.<\/figcaption><\/figure>\n<figure id=\"attachment_77656\" aria-describedby=\"caption-attachment-77656\" style=\"width: 580px\" class=\"wp-caption alignnone\"><img data-recalc-dims=\"1\" loading=\"lazy\" decoding=\"async\" class=\"size-full wp-image-77656\" src=\"https:\/\/i0.wp.com\/www.eltrabajo.cl\/portal\/wp-content\/uploads\/2017\/03\/traductora-Vilma-Olave-1.jpg?resize=580%2C349\" alt=\"Vilma Olave, directora del Servicio de Salud Aconcagua.\" width=\"580\" height=\"349\" srcset=\"https:\/\/i0.wp.com\/eltrabajo.cl\/portal\/wp-content\/uploads\/2017\/03\/traductora-Vilma-Olave-1.jpg?w=580&amp;ssl=1 580w, https:\/\/i0.wp.com\/eltrabajo.cl\/portal\/wp-content\/uploads\/2017\/03\/traductora-Vilma-Olave-1.jpg?resize=200%2C120&amp;ssl=1 200w, https:\/\/i0.wp.com\/eltrabajo.cl\/portal\/wp-content\/uploads\/2017\/03\/traductora-Vilma-Olave-1.jpg?resize=300%2C181&amp;ssl=1 300w, https:\/\/i0.wp.com\/eltrabajo.cl\/portal\/wp-content\/uploads\/2017\/03\/traductora-Vilma-Olave-1.jpg?resize=249%2C150&amp;ssl=1 249w, https:\/\/i0.wp.com\/eltrabajo.cl\/portal\/wp-content\/uploads\/2017\/03\/traductora-Vilma-Olave-1.jpg?resize=400%2C241&amp;ssl=1 400w\" sizes=\"auto, (max-width: 580px) 100vw, 580px\" \/><figcaption id=\"caption-attachment-77656\" class=\"wp-caption-text\">Vilma Olave, directora del Servicio de Salud Aconcagua.<\/figcaption><\/figure>\n<figure id=\"attachment_77657\" aria-describedby=\"caption-attachment-77657\" style=\"width: 580px\" class=\"wp-caption alignnone\"><img data-recalc-dims=\"1\" loading=\"lazy\" decoding=\"async\" class=\"size-full wp-image-77657\" src=\"https:\/\/i0.wp.com\/www.eltrabajo.cl\/portal\/wp-content\/uploads\/2017\/03\/traductora-Wilmonde-Petion-1.jpg?resize=580%2C348\" alt=\"COTERR\u00c1NEOS FELICES.- La joven Wilmonde Petion dijo estar feliz con la asignaci\u00f3n de una traductora en Salud, en sus brazos su hijo de dos a\u00f1os, Woodney Dominique.\" width=\"580\" height=\"348\" srcset=\"https:\/\/i0.wp.com\/eltrabajo.cl\/portal\/wp-content\/uploads\/2017\/03\/traductora-Wilmonde-Petion-1.jpg?w=580&amp;ssl=1 580w, https:\/\/i0.wp.com\/eltrabajo.cl\/portal\/wp-content\/uploads\/2017\/03\/traductora-Wilmonde-Petion-1.jpg?resize=200%2C120&amp;ssl=1 200w, https:\/\/i0.wp.com\/eltrabajo.cl\/portal\/wp-content\/uploads\/2017\/03\/traductora-Wilmonde-Petion-1.jpg?resize=300%2C180&amp;ssl=1 300w, https:\/\/i0.wp.com\/eltrabajo.cl\/portal\/wp-content\/uploads\/2017\/03\/traductora-Wilmonde-Petion-1.jpg?resize=250%2C150&amp;ssl=1 250w, https:\/\/i0.wp.com\/eltrabajo.cl\/portal\/wp-content\/uploads\/2017\/03\/traductora-Wilmonde-Petion-1.jpg?resize=400%2C240&amp;ssl=1 400w\" sizes=\"auto, (max-width: 580px) 100vw, 580px\" \/><figcaption id=\"caption-attachment-77657\" class=\"wp-caption-text\">COTERR\u00c1NEOS FELICES.- La joven Wilmonde Petion dijo estar feliz con la asignaci\u00f3n de una traductora en Salud, en sus brazos su hijo de dos a\u00f1os, Woodney Dominique.<\/figcaption><\/figure>\n","protected":false},"excerpt":{"rendered":"<p>Autoridades de Salud presentaron a Beatrice M. Vil\u00f3n: Fue gracias a que ella vivi\u00f3 durante nueve a\u00f1os en Rep\u00fablica Dominicana que logr\u00f3 aprender espa\u00f1ol, conocimiento ling\u00fc\u00edstico que ahora le signific\u00f3 a la&#8230;<\/p>\n","protected":false},"author":482,"featured_media":77655,"comment_status":"open","ping_status":"open","sticky":false,"template":"","format":"standard","meta":{"advanced_seo_description":"","jetpack_seo_html_title":"","jetpack_seo_noindex":false,"_jetpack_memberships_contains_paid_content":false,"footnotes":""},"categories":[15],"tags":[],"class_list":["post-77652","post","type-post","status-publish","format-standard","has-post-thumbnail","hentry","category-comunidad"],"jetpack_featured_media_url":"https:\/\/i0.wp.com\/eltrabajo.cl\/portal\/wp-content\/uploads\/2017\/03\/traductora-Traductora33-1.jpg?fit=580%2C348&ssl=1","jetpack_sharing_enabled":true,"jetpack_likes_enabled":true,"jetpack-related-posts":[],"_links":{"self":[{"href":"https:\/\/eltrabajo.cl\/portal\/wp-json\/wp\/v2\/posts\/77652","targetHints":{"allow":["GET"]}}],"collection":[{"href":"https:\/\/eltrabajo.cl\/portal\/wp-json\/wp\/v2\/posts"}],"about":[{"href":"https:\/\/eltrabajo.cl\/portal\/wp-json\/wp\/v2\/types\/post"}],"author":[{"embeddable":true,"href":"https:\/\/eltrabajo.cl\/portal\/wp-json\/wp\/v2\/users\/482"}],"replies":[{"embeddable":true,"href":"https:\/\/eltrabajo.cl\/portal\/wp-json\/wp\/v2\/comments?post=77652"}],"version-history":[{"count":0,"href":"https:\/\/eltrabajo.cl\/portal\/wp-json\/wp\/v2\/posts\/77652\/revisions"}],"wp:featuredmedia":[{"embeddable":true,"href":"https:\/\/eltrabajo.cl\/portal\/wp-json\/wp\/v2\/media\/77655"}],"wp:attachment":[{"href":"https:\/\/eltrabajo.cl\/portal\/wp-json\/wp\/v2\/media?parent=77652"}],"wp:term":[{"taxonomy":"category","embeddable":true,"href":"https:\/\/eltrabajo.cl\/portal\/wp-json\/wp\/v2\/categories?post=77652"},{"taxonomy":"post_tag","embeddable":true,"href":"https:\/\/eltrabajo.cl\/portal\/wp-json\/wp\/v2\/tags?post=77652"}],"curies":[{"name":"wp","href":"https:\/\/api.w.org\/{rel}","templated":true}]}}