{"id":77690,"date":"2017-03-08T08:46:22","date_gmt":"2017-03-08T12:46:22","guid":{"rendered":"http:\/\/www.eltrabajo.cl\/2017\/?p=77690"},"modified":"2017-03-08T08:46:22","modified_gmt":"2017-03-08T12:46:22","slug":"tsunami-alcanza-el-titulo-en-los-master-55-de-la-liga-vecinal","status":"publish","type":"post","link":"https:\/\/eltrabajo.cl\/portal\/tsunami-alcanza-el-titulo-en-los-master-55-de-la-liga-vecinal\/","title":{"rendered":"Tsunami alcanza el t\u00edtulo en los M\u00e1ster 55 de la Liga Vecinal"},"content":{"rendered":"<figure id=\"attachment_77691\" aria-describedby=\"caption-attachment-77691\" style=\"width: 580px\" class=\"wp-caption alignnone\"><img data-recalc-dims=\"1\" loading=\"lazy\" decoding=\"async\" class=\"size-full wp-image-77691\" src=\"https:\/\/i0.wp.com\/www.eltrabajo.cl\/portal\/wp-content\/uploads\/2017\/03\/foto-tsunami-1.jpg?resize=580%2C350\" alt=\"El equipo \u2018Oro y Cielo\u2019 fue el mejor en el torneo nocturno de la Liga Vecinal.\" width=\"580\" height=\"350\" srcset=\"https:\/\/i0.wp.com\/eltrabajo.cl\/portal\/wp-content\/uploads\/2017\/03\/foto-tsunami-1.jpg?w=580&amp;ssl=1 580w, https:\/\/i0.wp.com\/eltrabajo.cl\/portal\/wp-content\/uploads\/2017\/03\/foto-tsunami-1.jpg?resize=200%2C121&amp;ssl=1 200w, https:\/\/i0.wp.com\/eltrabajo.cl\/portal\/wp-content\/uploads\/2017\/03\/foto-tsunami-1.jpg?resize=300%2C181&amp;ssl=1 300w, https:\/\/i0.wp.com\/eltrabajo.cl\/portal\/wp-content\/uploads\/2017\/03\/foto-tsunami-1.jpg?resize=249%2C150&amp;ssl=1 249w, https:\/\/i0.wp.com\/eltrabajo.cl\/portal\/wp-content\/uploads\/2017\/03\/foto-tsunami-1.jpg?resize=400%2C241&amp;ssl=1 400w\" sizes=\"auto, (max-width: 580px) 100vw, 580px\" \/><figcaption id=\"caption-attachment-77691\" class=\"wp-caption-text\">El equipo \u2018Oro y Cielo\u2019 fue el mejor en el torneo nocturno de la Liga Vecinal.<\/figcaption><\/figure>\n<p>En el torneo para jugadores mayores de 55 a\u00f1os en la Liga Vecinal, se repiti\u00f3 la f\u00f3rmula de la competencia central, debido a que con anticipaci\u00f3n se conoci\u00f3 al monarca, en lo que ya se est\u00e1 convirtiendo en tendencia en Parras\u00eda.<br \/>\nEn la serie M\u00e1ster 55 los honores fueron todos propiedad de Tsunami, un equipo s\u00f3lido, pragm\u00e1tico y muy regular en su accionar, lo que lo llev\u00f3 a consagrarse como el mejor de los mejores en el certamen estival que se desarrolla en la cancha Parras\u00eda.<br \/>\nEn la fecha pasada los Oro y Cielo debieron trabajar m\u00e1s de la cuenta para imponerse por 2 a 1 a un porfiado cuadro de Barcelona que parec\u00eda decidido a ser la piedra de tope en el duelo que consagrar\u00eda a Tsunami como el justo y merecido campe\u00f3n.<br \/>\nEn la jornada tambi\u00e9n destac\u00f3 la igualdad a 3 de Santos con Uni\u00f3n Esfuerzo, un resultado de suma importancia ya que dej\u00f3 a los sante\u00f1os sin la m\u00e1s m\u00ednima opci\u00f3n matem\u00e1tica de ser campeones.<\/p>\n<p><strong>Resultados<\/strong><br \/>\nCarlos Barrera 2 \u2013 Hern\u00e1n P\u00e9rez Quijanes 2; Villa Argelia 5 \u2013 Uni\u00f3n Esperanza 0; Tsunami 2 \u2013 Barcelona 1; Santos 3 \u2013 Uni\u00f3n Esfuerzo 3; Andacollo 2 \u2013 Villa Los Amigos 2.<\/p>\n<p><strong>Comienza la fecha <\/strong><br \/>\nHoy a las siete de la tarde con cuarenta y cinco minutos comenzar\u00e1 a disputarse una nueva fecha, destacando el pleito entre Hern\u00e1n P\u00e9rez Quijanes y Tsunami.<\/p>\n<p><strong>Programaci\u00f3n mi\u00e9rcoles 8 de marzo<\/strong><br \/>\n19:45 horas, Andacollo \u2013 Santos<br \/>\n21:00 horas, Hern\u00e1n P\u00e9rez Quijanes \u2013 Tsunami<br \/>\nViernes 10 de marzo<br \/>\n19:30 horas, Carlos Barrera \u2013 Uni\u00f3n Esfuerzo<br \/>\n20:45 horas, Villa Los Amigos \u2013 Villa Argelia<br \/>\n21:30 horas, Barcelona \u2013 Uni\u00f3n Esperanza<\/p>\n<p><strong>Tabla de Posiciones <\/strong><br \/>\nLugar \u00a0 \u00a0 \u00a0 \u00a0 \u00a0 \u00a0Ptos.<br \/>\nTsunami* 42<br \/>\nSantos 37<br \/>\nUni\u00f3n Esfuerzo 34<br \/>\nBarcelona 25<br \/>\nH. P\u00e9rez Quijanes 24<br \/>\nVilla Los Amigos 23<br \/>\nAndacollo 21<br \/>\nVilla Argelia 21<br \/>\nCarlos Barrera 19<br \/>\nUni\u00f3n Esperanza 0<br \/>\n*campe\u00f3n<\/p>\n","protected":false},"excerpt":{"rendered":"<p>En el torneo para jugadores mayores de 55 a\u00f1os en la Liga Vecinal, se repiti\u00f3 la f\u00f3rmula de la competencia central, debido a que con anticipaci\u00f3n se conoci\u00f3 al monarca, en lo&#8230;<\/p>\n","protected":false},"author":482,"featured_media":77691,"comment_status":"open","ping_status":"open","sticky":false,"template":"","format":"standard","meta":{"advanced_seo_description":"","jetpack_seo_html_title":"","jetpack_seo_noindex":false,"_jetpack_memberships_contains_paid_content":false,"footnotes":""},"categories":[19],"tags":[],"class_list":["post-77690","post","type-post","status-publish","format-standard","has-post-thumbnail","hentry","category-deportes"],"jetpack_featured_media_url":"https:\/\/i0.wp.com\/eltrabajo.cl\/portal\/wp-content\/uploads\/2017\/03\/foto-tsunami-1.jpg?fit=580%2C350&ssl=1","jetpack_sharing_enabled":true,"jetpack_likes_enabled":true,"jetpack-related-posts":[],"_links":{"self":[{"href":"https:\/\/eltrabajo.cl\/portal\/wp-json\/wp\/v2\/posts\/77690","targetHints":{"allow":["GET"]}}],"collection":[{"href":"https:\/\/eltrabajo.cl\/portal\/wp-json\/wp\/v2\/posts"}],"about":[{"href":"https:\/\/eltrabajo.cl\/portal\/wp-json\/wp\/v2\/types\/post"}],"author":[{"embeddable":true,"href":"https:\/\/eltrabajo.cl\/portal\/wp-json\/wp\/v2\/users\/482"}],"replies":[{"embeddable":true,"href":"https:\/\/eltrabajo.cl\/portal\/wp-json\/wp\/v2\/comments?post=77690"}],"version-history":[{"count":0,"href":"https:\/\/eltrabajo.cl\/portal\/wp-json\/wp\/v2\/posts\/77690\/revisions"}],"wp:featuredmedia":[{"embeddable":true,"href":"https:\/\/eltrabajo.cl\/portal\/wp-json\/wp\/v2\/media\/77691"}],"wp:attachment":[{"href":"https:\/\/eltrabajo.cl\/portal\/wp-json\/wp\/v2\/media?parent=77690"}],"wp:term":[{"taxonomy":"category","embeddable":true,"href":"https:\/\/eltrabajo.cl\/portal\/wp-json\/wp\/v2\/categories?post=77690"},{"taxonomy":"post_tag","embeddable":true,"href":"https:\/\/eltrabajo.cl\/portal\/wp-json\/wp\/v2\/tags?post=77690"}],"curies":[{"name":"wp","href":"https:\/\/api.w.org\/{rel}","templated":true}]}}